{"id":27677,"date":"2017-03-27T08:32:35","date_gmt":"2017-03-27T06:32:35","guid":{"rendered":"http:\/\/www.invarena.cz\/?p=27677"},"modified":"2017-03-27T08:32:35","modified_gmt":"2017-03-27T06:32:35","slug":"cim-dal-vice-zen-nosi-novorozence-v-satku-ci-nositku","status":"publish","type":"post","link":"https:\/\/www.invarena.cz\/?p=27677","title":{"rendered":"\u010c\u00edm d\u00e1l v\u00edce \u017een nos\u00ed novorozence v \u0161\u00e1tku \u010di nos\u00edtku"},"content":{"rendered":"<p>St\u00e1le v\u00edce \u017een nos\u00ed sv\u00e9 novorozen\u00e9 d\u011bti v \u0161\u00e1tku \u010di nos\u00edtku. P\u0159esto v\u0161ak drtiv\u00e1 v\u011bt\u0161ina \u017een, obzvl\u00e1\u0161t\u011b prvorodi\u010dek, m\u00e1 doma i ko\u010d\u00e1rek. Podle Majky Sta\u0148kov\u00e9, kter\u00e1 m\u00e1 na brn\u011bnsk\u00e9m veletrhu Prod\u00edt\u011b poradensk\u00e9 centrum, u\u017e v\u0161ak \u017eeny o no\u0161en\u00ed leccos v\u011bd\u00ed a vn\u00edmaj\u00ed zdravotn\u00ed i emo\u010dn\u00ed v\u00fdhody proti ko\u010d\u00e1rku. Tento trend se projevuje i v nab\u00eddce v\u011bt\u0161\u00edho mno\u017estv\u00ed v\u00fdrobc\u016f a zna\u010dek \u0161\u00e1tk\u016f a nos\u00edtek.<!--more--><\/p>\n<p>&#8222;Na veletrhu jsme osm\u00fdm rokem. Za\u010d\u00ednali jsme jako \u010dist\u00e9 poradenstv\u00ed pro maminky a jsem obrovsky vd\u011b\u010dn\u00e1, \u017ee se tu vedle ko\u010d\u00e1rk\u016f a autoseda\u010dek najdou i st\u00e1nky s kontaktn\u011bj\u0161\u00edm zbo\u017e\u00edm. Tehdy jsme byli prvn\u00ed, kdo sem donesl \u0161\u00e1tek a l\u00e1tkov\u00e9 pleny,&#8220; \u0159ekla \u010cTK Sta\u0148kov\u00e1.<\/p>\n<p>Na veletrhu se nyn\u00ed prezentuj\u00ed i \u010de\u0161t\u00ed v\u00fdrobci a distributo\u0159i, kte\u0159\u00ed nab\u00edzej\u00ed \u0161\u00e1tky a nos\u00edtka. &#8222;\u0158ada \u017een se tak\u00e9 necht\u011bla vr\u00e1tit po mate\u0159sk\u00e9 do kancel\u00e1\u0159e \u010di zam\u011bstn\u00e1n\u00ed, kter\u00e9 je nebavilo, a za\u010daly \u0161\u00edt nos\u00edtka \u010di pleny,&#8220; \u0159ekla Sta\u0148kov\u00e1.<\/p>\n<p>Ve sv\u00e9m poradensk\u00e9m centru u\u017e n\u011bkolik let rad\u00ed, jak spr\u00e1vn\u011b d\u011bti nosit, a z\u00e1rove\u0148 upozor\u0148uje, \u017ee je nesmysl, aby se debata hrotila do polohy matky nos\u00edc\u00ed versus matky voz\u00edc\u00ed. &#8222;Chci prost\u0159ed\u00ed kultivovat a uk\u00e1zat \u017een\u00e1m, \u017ee je mo\u017en\u00e9 nosit. Je to p\u0159irozen\u00e9 a je\u0161t\u011b babi\u010dka mi vypr\u00e1v\u011bla, jak bylo za jej\u00edho d\u011btstv\u00ed b\u011b\u017en\u00e9, \u017ee se d\u011bti pod Tatrami nosily. Novinka je sp\u00ed\u0161 ko\u010d\u00e1rek ne\u017e no\u0161en\u00ed,&#8220; \u0159ekla Sta\u0148kov\u00e1.<\/p>\n<p>Spr\u00e1vn\u00e9 no\u0161en\u00ed prosp\u00edv\u00e1 jak d\u011btsk\u00e9mu v\u00fdvoji ky\u010dl\u00ed, kdy sed\u00ed na\u0161iroko a maj\u00ed kolena v\u00fd\u0161 ne\u017e h\u00fd\u017ed\u011b. Podstatn\u00fd je podle Sta\u0148kov\u00e9 emo\u010dn\u00ed v\u00fdvoj. &#8222;Kl\u00ed\u010dov\u00e9 jsou p\u0159edev\u0161\u00edm prvn\u00ed t\u0159i m\u011bs\u00edce, de facto v\u0161ak cel\u00fd prvn\u00ed rok. D\u00edt\u011bti d\u00e1v\u00e1me zakusit podobn\u00e9 pro\u017eitky, na jak\u00e9 bylo zvykl\u00e9 v d\u011bloze,&#8220; uvedla Sta\u0148kov\u00e1. Podle n\u00ed se tak mnohem l\u00e9pe buduje vztah matky s d\u00edt\u011btem, miminko l\u00e9pe a klidn\u011bji sp\u00ed.<\/p>\n<p>Na ulic\u00edch jsou st\u00e1le \u010dast\u011bji vid\u011bt i mu\u017ei, kte\u0159\u00ed maj\u00ed d\u00edt\u011b na sob\u011b. &#8222;Ti v\u0161ak vyu\u017e\u00edvaj\u00ed v\u00edce nos\u00edtka ne\u017e \u0161\u00e1tky, nejdou jim tolik zav\u00e1zat. Ale kdy\u017e se to nau\u010d\u00ed, tak jsou tak\u00e9 skv\u011bl\u00ed,&#8220; \u0159ekla Sta\u0148kov\u00e1.<\/p>\n<p>P\u0159esto\u017ee st\u00e1le v\u00edce \u017een u\u017e bere no\u0161en\u00ed jako p\u0159irozen\u00e9 a Sta\u0148kov\u00e1 podobn\u011b jako jej\u00ed stejn\u011b sm\u00fd\u0161lej\u00edc\u00ed kolegyn\u011b maj\u00ed leh\u010d\u00ed pr\u00e1ci, je st\u00e1le dost t\u011bch, kter\u00e9 je pot\u0159eba vt\u00e1hnout do problematiky. &#8222;Boj\u00ed se toho, \u017ee d\u011bti udus\u00ed, \u017ee se jim zni\u010d\u00ed z\u00e1da, \u017ee budou rozmazlen\u00e9. J\u00e1 v\u0161ak \u0159\u00edk\u00e1m, \u017ee d\u00edt\u011b do jednoho roku nejde ani vychovat, ani rozmazlit. A jestli maj\u00ed b\u00fdt d\u011bti vychovan\u00e9, mus\u00edme je chovat, a ne n\u011bkde odkl\u00e1dat,&#8220; \u0159ekla Sta\u0148kov\u00e1.<\/p>\n","protected":false},"excerpt":{"rendered":"<div class=\"mh-excerpt\"><p>St\u00e1le v\u00edce \u017een nos\u00ed sv\u00e9 novorozen\u00e9 d\u011bti v \u0161\u00e1tku \u010di nos\u00edtku. P\u0159esto v\u0161ak drtiv\u00e1 v\u011bt\u0161ina \u017een, obzvl\u00e1\u0161t\u011b prvorodi\u010dek, m\u00e1 doma i ko\u010d\u00e1rek. Podle Majky Sta\u0148kov\u00e9, <a class=\"mh-excerpt-more\" href=\"https:\/\/www.invarena.cz\/?p=27677\" title=\"\u010c\u00edm d\u00e1l v\u00edce \u017een nos\u00ed novorozence v \u0161\u00e1tku \u010di nos\u00edtku\">[&#8230;]<\/a><\/p>\n<\/div>","protected":false},"author":1,"featured_media":15785,"comment_status":"open","ping_status":"closed","sticky":false,"template":"","format":"standard","meta":{"footnotes":""},"categories":[9],"tags":[],"class_list":["post-27677","post","type-post","status-publish","format-standard","has-post-thumbnail","hentry","category-zpravy"],"_links":{"self":[{"href":"https:\/\/www.invarena.cz\/index.php?rest_route=\/wp\/v2\/posts\/27677","targetHints":{"allow":["GET"]}}],"collection":[{"href":"https:\/\/www.invarena.cz\/index.php?rest_route=\/wp\/v2\/posts"}],"about":[{"href":"https:\/\/www.invarena.cz\/index.php?rest_route=\/wp\/v2\/types\/post"}],"author":[{"embeddable":true,"href":"https:\/\/www.invarena.cz\/index.php?rest_route=\/wp\/v2\/users\/1"}],"replies":[{"embeddable":true,"href":"https:\/\/www.invarena.cz\/index.php?rest_route=%2Fwp%2Fv2%2Fcomments&post=27677"}],"version-history":[{"count":0,"href":"https:\/\/www.invarena.cz\/index.php?rest_route=\/wp\/v2\/posts\/27677\/revisions"}],"wp:featuredmedia":[{"embeddable":true,"href":"https:\/\/www.invarena.cz\/index.php?rest_route=\/wp\/v2\/media\/15785"}],"wp:attachment":[{"href":"https:\/\/www.invarena.cz\/index.php?rest_route=%2Fwp%2Fv2%2Fmedia&parent=27677"}],"wp:term":[{"taxonomy":"category","embeddable":true,"href":"https:\/\/www.invarena.cz\/index.php?rest_route=%2Fwp%2Fv2%2Fcategories&post=27677"},{"taxonomy":"post_tag","embeddable":true,"href":"https:\/\/www.invarena.cz\/index.php?rest_route=%2Fwp%2Fv2%2Ftags&post=27677"}],"curies":[{"name":"wp","href":"https:\/\/api.w.org\/{rel}","templated":true}]}}