{"id":27681,"date":"2017-03-27T08:01:51","date_gmt":"2017-03-27T06:01:51","guid":{"rendered":"http:\/\/www.invarena.cz\/?p=27681"},"modified":"2017-03-27T08:55:07","modified_gmt":"2017-03-27T06:55:07","slug":"zena-okradla-vozickare","status":"publish","type":"post","link":"https:\/\/www.invarena.cz\/?p=27681","title":{"rendered":"\u017dena okradla voz\u00ed\u010dk\u00e1\u0159e"},"content":{"rendered":"<p>Neuv\u011b\u0159iteln\u00fd p\u0159\u00edpad hyenismu vy\u0161et\u0159uj\u00ed policist\u00e9 na Sokolovsku.<br \/>\nInvalidn\u00edho d\u016fchodce z Kyn\u0161perka odk\u00e1zan\u00e9ho na voz\u00edk mlad\u00e1 \u017eena vyl\u00e1kala na proch\u00e1zku, pak ho nechala u sebe doma a mezit\u00edm mu vykradla byt.<!--more--><\/p>\n<p>A jak se pozd\u011bji uk\u00e1zalo, nebylo to poprv\u00e9, co u n\u011bj kradla. On s\u00e1m ji p\u0159i tom pova\u017eoval za bl\u00edzkou p\u0159\u00edtelkyni.<\/p>\n<p>Miroslav DOBO\u0160, okraden\u00fd invalidn\u00ed d\u016fchodce:<br \/>\nOna mi v\u017edycky \u0159\u00edkala, \u017ee jako moje nejlep\u0161\u00ed kamar\u00e1dka, no ale dopadlo to tak, \u017ee jsem zjistil, \u017ee to nen\u00ed nejlep\u0161\u00ed kamar\u00e1dka.<\/p>\n<p>Franti\u0161ek NYKLAS, redaktor:<br \/>\nMrz\u00ed ho, \u017ee se v \u017een\u011b m\u00fdlil. Voz\u00ed\u010dk\u00e1\u0159 si p\u0159\u00e1tel hodn\u011b cen\u00ed, proto\u017ee je \u010dasto odk\u00e1zan\u00fd na jejich pomoc.<\/p>\n<p>kamar\u00e1dka invalidn\u00edho d\u016fchodce:<br \/>\nTy jsi stra\u0161n\u011b d\u016fv\u011b\u0159ivej \u010dlov\u00ed\u010dek.<\/p>\n<p>kamar\u00e1dka invalidn\u00edho d\u016fchodce:<br \/>\nNesm\u00edte si &#8230;.<\/p>\n<p>Miroslav DOBO\u0160, okraden\u00fd invalidn\u00ed d\u016fchodce:<br \/>\nAle j\u00e1 jsem j\u00ed znal l\u00e9ta, j\u00e1 jsem ne\u010dekal, \u017ee mi to provede.<\/p>\n<p>Franti\u0161ek NYKLAS, redaktor:<br \/>\nKamar\u00e1dka vzala M\u00edru, stejn\u011b jako jsem to ud\u011blal te\u010f j\u00e1, na malou proch\u00e1zku m\u011bstem. Ur\u010dit\u011b u\u017e si kr\u00e1de\u017e dop\u0159edu napl\u00e1novala, proto\u017ee z ni\u010deho nic v pr\u016fb\u011bhu t\u00e9 proch\u00e1zky M\u00edrovi navrhla, \u017ee ho vezme k sob\u011b dom\u016f. Pod z\u00e1minkou, \u017ee si jde n\u011bco za\u0159\u00eddit, zat\u00edm b\u011b\u017eela do jeho bytu a ukradla televizi.<\/p>\n<p>sousedka invalidn\u00edho d\u016fchodce:<br \/>\nOna \u0159\u00edk\u00e1, M\u00edra z\u016fstal u n\u00e1s a dal mi kl\u00ed\u010de a prej mu m\u00e1m n\u011bco tady p\u0159in\u00fdst, no, tak a ona si tam ukradla.<\/p>\n<p>Miroslav DOBO\u0160, okraden\u00fd invalidn\u00ed d\u016fchodce:<br \/>\nOna si mo\u017en\u00e1 myslela, \u017ee kdy\u017e mi vzala tu televizi, \u017ee nebudu volat ani policii.<\/p>\n<p>Franti\u0161ek NYKLAS, redaktor:<br \/>\n\u017de j\u00ed to odpust\u00edte?<\/p>\n<p>Miroslav DOBO\u0160, okraden\u00fd invalidn\u00ed d\u016fchodce:<br \/>\nNo, j\u00e1 si \u0159eknu, ona si \u0159\u00edkala, mo\u017en\u00e1 on je n\u011bjakej blbe\u010dek, jo, on s t\u00edm d\u011blat nic nebude.<\/p>\n<p>Franti\u0161ek NYKLAS, redaktor:<br \/>\nVoz\u00ed\u010dk\u00e1\u0159 se p\u0159esto obr\u00e1til na policii. Zjistilo se, \u017ee ho p\u0159ed \u010dasem u\u017e jednou okradla. Vzala mu pen\u00edze ze schovan\u00e9 pen\u011b\u017eenky.<\/p>\n<p>Zuzana T\u00dd\u0158OV\u00c1, mluv\u010d\u00ed Policie \u010cR, Karlovarsk\u00fd kraj:<br \/>\nMy jsme 24let\u00e9 \u017een\u011b sd\u011blili podez\u0159en\u00ed ze sp\u00e1ch\u00e1n\u00ed p\u0159e\u010dinu kr\u00e1de\u017ee a pouru\u0161ov\u00e1n\u00ed domovn\u00ed svobody.<\/p>\n<p>Franti\u0161ek NYKLAS, redaktor:<br \/>\nCht\u011bli jsme zjistit, jestli se v \u017een\u011b aspo\u0148 tro\u0161ku hnulo sv\u011bdom\u00ed.<\/p>\n<p>obvin\u011bn\u00e1 \u017eena:<br \/>\nJ\u00e1 s v\u00e1ma ale nepot\u0159ebuju mluvit.<\/p>\n<p>Franti\u0161ek NYKLAS, redaktor:<br \/>\nPro\u010d jste to ud\u011blala?<\/p>\n<p>obvin\u011bn\u00e1 \u017eena:<br \/>\nV\u016fbec, na shledanou.<\/p>\n<p>Franti\u0161ek NYKLAS, redaktor:<br \/>\nA litujete toho?<\/p>\n<p>Miroslav DOBO\u0160, okraden\u00fd invalidn\u00ed d\u016fchodce:<br \/>\nKdyby m\u011b jako prosila, abych j\u00ed to prominul, tak u\u017e bych j\u00ed to neprominul, no.<\/p>\n<p>Franti\u0161ek NYKLAS, redaktor:<br \/>\nKamar\u00e1dy si u\u017e chce voz\u00ed\u010dk\u00e1\u0159 vyb\u00edrat pozorn\u011bji. Obvin\u011bn\u00e9 \u017een\u011b hroz\u00ed a\u017e t\u0159i roky v\u011bzen\u00ed. <\/p>\n<p>televize Nova.<\/p>\n","protected":false},"excerpt":{"rendered":"<div class=\"mh-excerpt\"><p>Neuv\u011b\u0159iteln\u00fd p\u0159\u00edpad hyenismu vy\u0161et\u0159uj\u00ed policist\u00e9 na Sokolovsku. Invalidn\u00edho d\u016fchodce z Kyn\u0161perka odk\u00e1zan\u00e9ho na voz\u00edk mlad\u00e1 \u017eena vyl\u00e1kala na proch\u00e1zku, pak ho nechala u sebe doma <a class=\"mh-excerpt-more\" href=\"https:\/\/www.invarena.cz\/?p=27681\" title=\"\u017dena okradla voz\u00ed\u010dk\u00e1\u0159e\">[&#8230;]<\/a><\/p>\n<\/div>","protected":false},"author":1,"featured_media":4060,"comment_status":"open","ping_status":"closed","sticky":false,"template":"","format":"standard","meta":{"footnotes":""},"categories":[9],"tags":[],"class_list":["post-27681","post","type-post","status-publish","format-standard","has-post-thumbnail","hentry","category-zpravy"],"_links":{"self":[{"href":"https:\/\/www.invarena.cz\/index.php?rest_route=\/wp\/v2\/posts\/27681","targetHints":{"allow":["GET"]}}],"collection":[{"href":"https:\/\/www.invarena.cz\/index.php?rest_route=\/wp\/v2\/posts"}],"about":[{"href":"https:\/\/www.invarena.cz\/index.php?rest_route=\/wp\/v2\/types\/post"}],"author":[{"embeddable":true,"href":"https:\/\/www.invarena.cz\/index.php?rest_route=\/wp\/v2\/users\/1"}],"replies":[{"embeddable":true,"href":"https:\/\/www.invarena.cz\/index.php?rest_route=%2Fwp%2Fv2%2Fcomments&post=27681"}],"version-history":[{"count":0,"href":"https:\/\/www.invarena.cz\/index.php?rest_route=\/wp\/v2\/posts\/27681\/revisions"}],"wp:featuredmedia":[{"embeddable":true,"href":"https:\/\/www.invarena.cz\/index.php?rest_route=\/wp\/v2\/media\/4060"}],"wp:attachment":[{"href":"https:\/\/www.invarena.cz\/index.php?rest_route=%2Fwp%2Fv2%2Fmedia&parent=27681"}],"wp:term":[{"taxonomy":"category","embeddable":true,"href":"https:\/\/www.invarena.cz\/index.php?rest_route=%2Fwp%2Fv2%2Fcategories&post=27681"},{"taxonomy":"post_tag","embeddable":true,"href":"https:\/\/www.invarena.cz\/index.php?rest_route=%2Fwp%2Fv2%2Ftags&post=27681"}],"curies":[{"name":"wp","href":"https:\/\/api.w.org\/{rel}","templated":true}]}}