{"id":2771,"date":"2013-03-19T14:40:32","date_gmt":"2013-03-19T13:40:32","guid":{"rendered":"http:\/\/www.invarena.cz\/?p=2771"},"modified":"2014-10-20T20:14:19","modified_gmt":"2014-10-20T18:14:19","slug":"odsouzeny-pracoval-jako-vychovatel","status":"publish","type":"post","link":"https:\/\/www.invarena.cz\/?p=2771","title":{"rendered":"Odsouzen\u00fd pracoval jako vychovatel"},"content":{"rendered":"<p>P\u0159esto\u017ee byl podm\u00edn\u011bn\u011b odsouzen za zneu\u017eit\u00ed t\u0159in\u00e1ctilet\u00e9 d\u00edvky, zam\u011bstnali ho jako vychovatele posti\u017een\u00fdch d\u011bt\u00ed v \u00fastavu v Ps\u00e1rech. Nyn\u00ed byl znovu souzen, proto\u017ee v t\u00e9 dob\u011b, kdy pracoval jako vychovatel, sp\u00e1chal dal\u0161\u00ed sexu\u00e1ln\u00ed delikt \u2013 obchodoval s d\u011btskou pornografi\u00ed. Mu\u017e se m\u00e1 nyn\u00ed l\u00e9\u010dit. <!--more--><br \/>\nMu\u017ee, kter\u00fd je\u0161t\u011b p\u0159ed p\u016fl rokem pracoval jako vychovatel v krajsk\u00e9m \u00dastavu soci\u00e1ln\u00ed p\u00e9\u010de v Ps\u00e1rech v Praze-z\u00e1pad, \u010dek\u00e1 ro\u010dn\u00ed podm\u00edn\u011bn\u00fd trest za \u0161\u00ed\u0159en\u00ed d\u011btsk\u00e9 pornografie. K tomu se m\u00e1 podrobit ambulantn\u00ed sexuologick\u00e9 l\u00e9\u010db\u011b.<\/p>\n<p>Rozhodl o tom minul\u00fd t\u00fdden soud pro Prahu-z\u00e1pad. S informac\u00ed jako prvn\u00ed p\u0159i\u0161el server Lidovky. cz. Rozsudek zat\u00edm nen\u00ed pravomocn\u00fd. P\u0159\u00edpad je neobvykl\u00fd t\u00edm, \u017ee ne\u0161lo o vychovatel\u016fv prvn\u00ed delikt. Mu\u017e si ji\u017e v dob\u011b, kdy v Ps\u00e1rech pe\u010doval o ment\u00e1ln\u011b posti\u017een\u00e9 dosp\u011bl\u00e9 i d\u011bti, odpyk\u00e1val jinou podm\u00ednku \u2013 za zneu\u017eit\u00ed t\u0159in\u00e1ctilet\u00e9 d\u00edvky, se kterou m\u011bl pohlavn\u00ed styk.<\/p>\n<p>\u0158editel Jakub Ad\u00e1mek, kter\u00fd zam\u011bstnance do \u00fastavu p\u0159ij\u00edmal, to pr\u00fd nev\u011bd\u011bl. Kdy\u017e mu\u017e do \u00fastavu nastupoval, m\u011bl \u00fadajn\u011b \u010dist\u00fd trestn\u00ed rejst\u0159\u00edk. A v\u00fdpis p\u0159edlo\u017eil.<\/p>\n<p>Krajsk\u00fd \u00fa\u0159ad, pod kter\u00fd \u00fastav soci\u00e1ln\u00ed p\u00e9\u010de spad\u00e1, do p\u0159\u00edpadu nijak v\u00fdrazn\u011b nezasahoval. &#8222;Na p\u0159\u00edpad si pamatuji, \u0159e\u0161ili jsme jej minul\u00fd rok v z\u00e1\u0159\u00ed,&#8220; \u0159\u00edk\u00e1 b\u00fdval\u00e1 krajsk\u00e1 radn\u00ed pro soci\u00e1ln\u00ed v\u011bci Zuzana Jentschke St\u00f6cklov\u00e1. &#8222;\u0158editel Ad\u00e1mek mi tehdy \u0159ekl, \u017ee o podm\u00ednce, ve kter\u00e9 vychovatel je, nev\u011bd\u011bl. Proto\u017ee \u00fastav doposud fungoval perfektn\u011b a byla to jedna z na\u0161ich nejv\u00fdstavn\u011bj\u0161\u00edch organizac\u00ed, nebyl d\u016fvod \u0159editeli nev\u011b\u0159it. Nikdy zde nebyly st\u00ed\u017enosti,&#8220; uvedla Jentschke St\u00f6cklov\u00e1.<\/p>\n<p>Jak je tedy mo\u017en\u00e9, \u017ee mu\u017e pracoval v \u00fastavu i pot\u00e9, co delikt vy\u0161el najevo? Podle hejtmana Josefa \u0158ih\u00e1ka p\u0159inesl tehdy mu\u017e potvrzen\u00ed od sexuologa z bohnick\u00e9 l\u00e9\u010debny, \u017ee m\u016f\u017ee pr\u00e1ci v \u00fastavu vykon\u00e1vat.<\/p>\n<p>Pot\u00e9 ode\u0161el na nemocenskou s t\u00edm, \u017ee se dohodl s \u0159editelem na odchodu k posledn\u00edmu listopadu 2012. &#8222;Nemuseli jsme nijak v\u00fdrazn\u011b zasahovat, ale celou v\u011bc jsme s \u0159editelem \u00fastavu pr\u016fb\u011b\u017en\u011b konzultovali,&#8220; doplnil v\u010dera \u0158ih\u00e1k.<\/p>\n<p>Z\u00e1rove\u0148 v\u0161ak upozornil, \u017ee \u0159editel Jakub Ad\u00e1mek byl oklam\u00e1n, nebo\u0165 vychovatel z\u0159ejm\u011b p\u0159i p\u0159ij\u00edmac\u00edm \u0159\u00edzen\u00ed p\u0159edlo\u017eil neaktu\u00e1ln\u00ed v\u00fdpis. &#8222;Nevid\u00edme tud\u00ed\u017e d\u016fvod pro jak\u00fdkoli postih,&#8220; odpov\u011bd\u011bl hejtman na ot\u00e1zku, jestli se chyst\u00e1 vyvodit pro \u0159editele n\u011bjak\u00e9 d\u016fsledky. \u0158editele Ad\u00e1mka se redakci MF DNES v\u010dera nepoda\u0159ilo zastihnout.<\/p>\n<p><strong>D\u00edvka si za\u010dala ubli\u017eovat<\/strong><\/p>\n<p>S t\u0159in\u00e1ctiletou d\u00edvkou se dnes \u010dty\u0159iadvacetilet\u00fd mu\u017e, kter\u00fd v tuto chv\u00edli ji\u017e nen\u00ed zam\u011bstnanec ps\u00e1rsk\u00e9ho za\u0159\u00edzen\u00ed, sezn\u00e1mil v roce 2010 p\u0159es internet. Pohlavn\u00ed styk spolu m\u011bli jednou, a to u n\u011bj doma. Pak spolu byli v kontaktu n\u011bkolikr\u00e1t i po internetu.<\/p>\n<p>D\u00edvka se nikomu nesv\u011b\u0159ila, pot\u00e9 si v\u0161ak za\u010dala ubli\u017eovat. Toho si podle informac\u00ed serveru Lidovky. cz v\u0161imla jej\u00ed matka, kter\u00e1 d\u00edvku poslala k psychologovi. Tam v\u0161ak d\u011bv\u010de nic ne\u0159eklo.<\/p>\n<p>Matce se p\u0159iznalo ve chv\u00edli, kdy je cht\u011bla poslat ke gynekologovi. P\u0159\u00edpad pak za\u010dala \u0159e\u0161it policie, kter\u00e1 nakonec mu\u017ee p\u0159edala soudu. Ten mu vym\u011b\u0159il ro\u010dn\u00ed podm\u00ednku s dvoulet\u00fdm odkladem.<br \/>\nNyn\u00ed se b\u00fdval\u00fd vychovatel k soudu vr\u00e1til a zodpov\u00eddal se za \u0161\u00ed\u0159en\u00ed pornografie.<\/p>\n<p><strong>\u010cist\u00fd rejst\u0159\u00edk nezaru\u010d\u00ed korektn\u00ed chov\u00e1n\u00ed zam\u011bstnance <\/strong><\/p>\n<p>Podle psycholo\u017eky centra D\u011btsk\u00fd paprsek v Praze, kter\u00e9 pe\u010duje o ment\u00e1ln\u011b posti\u017een\u00e9 d\u011bti, jsou handicapovan\u00ed lid\u00e9 velice snadno manipulovateln\u00ed a d\u016fv\u011b\u0159iv\u00ed.<\/p>\n<p>&#8222;Zneu\u017e\u00edt je je velice snadn\u00e9, tak\u017ee zam\u011bstn\u00e1vat \u010dlov\u011bka s podobn\u00fdm deliktem je v\u017edycky tenk\u00fd led. Pokud je doty\u010dn\u00fd odsouzen za zneu\u017eit\u00ed nezletil\u00e9, nen\u00ed podle m\u00e9ho pr\u00e1ce mezi takov\u00fdmi lidmi, a je\u0161t\u011b k tomu ni\u017e\u0161\u00edho v\u011bku, pr\u00e1v\u011b vhodn\u00e1,&#8220; uv\u00e1d\u00ed psycholo\u017eka Na\u010fa \u0160olaja.<\/p>\n<p>Tak\u00e9 upozor\u0148uje, \u017ee odhalit nekorektn\u00ed \u010di neetick\u00e9 chov\u00e1n\u00ed ji\u017e p\u0159i p\u0159ij\u00edmac\u00edm pohovoru nelze, a to bez ohledu na to, zda doty\u010dn\u00fd m\u00e1, nebo nem\u00e1 \u010dist\u00fd trestn\u00ed rejst\u0159\u00edk. &#8222;Z\u00e1rove\u0148 se p\u0159i p\u0159ij\u00edmac\u00edm pohovoru zam\u011bstnavatel nesm\u00ed pt\u00e1t t\u0159eba na to, zda je uchaze\u010d l\u00e9\u010den na psychiatrii,&#8220; \u0159\u00edk\u00e1 Na\u010fa \u0160olaja.<\/p>\n<p>Pr\u00e1v\u011b kv\u016fli v\u00fdrazn\u00e9mu trendu h\u00e1jen\u00ed pr\u00e1v posti\u017een\u00fdch lid\u00ed by v\u0161ak podle n\u00ed m\u011bla v ka\u017ed\u00e9m za\u0159\u00edzen\u00ed fungovat kvalitn\u00ed supervize, kter\u00e1 zaru\u010d\u00ed kontrolu person\u00e1lu.<\/p>\n<p>Mlad\u00e1 fronta DNES<\/p>\n<p>Kate\u0159ina Havr\u00e1nkov\u00e1<\/p>\n","protected":false},"excerpt":{"rendered":"<div class=\"mh-excerpt\"><p>P\u0159esto\u017ee byl podm\u00edn\u011bn\u011b odsouzen za zneu\u017eit\u00ed t\u0159in\u00e1ctilet\u00e9 d\u00edvky, zam\u011bstnali ho jako vychovatele posti\u017een\u00fdch d\u011bt\u00ed v \u00fastavu v Ps\u00e1rech. Nyn\u00ed byl znovu souzen, proto\u017ee v t\u00e9 <a class=\"mh-excerpt-more\" href=\"https:\/\/www.invarena.cz\/?p=2771\" title=\"Odsouzen\u00fd pracoval jako vychovatel\">[&#8230;]<\/a><\/p>\n<\/div>","protected":false},"author":1,"featured_media":0,"comment_status":"open","ping_status":"open","sticky":false,"template":"","format":"standard","meta":{"footnotes":""},"categories":[9],"tags":[],"class_list":["post-2771","post","type-post","status-publish","format-standard","hentry","category-zpravy"],"_links":{"self":[{"href":"https:\/\/www.invarena.cz\/index.php?rest_route=\/wp\/v2\/posts\/2771","targetHints":{"allow":["GET"]}}],"collection":[{"href":"https:\/\/www.invarena.cz\/index.php?rest_route=\/wp\/v2\/posts"}],"about":[{"href":"https:\/\/www.invarena.cz\/index.php?rest_route=\/wp\/v2\/types\/post"}],"author":[{"embeddable":true,"href":"https:\/\/www.invarena.cz\/index.php?rest_route=\/wp\/v2\/users\/1"}],"replies":[{"embeddable":true,"href":"https:\/\/www.invarena.cz\/index.php?rest_route=%2Fwp%2Fv2%2Fcomments&post=2771"}],"version-history":[{"count":0,"href":"https:\/\/www.invarena.cz\/index.php?rest_route=\/wp\/v2\/posts\/2771\/revisions"}],"wp:attachment":[{"href":"https:\/\/www.invarena.cz\/index.php?rest_route=%2Fwp%2Fv2%2Fmedia&parent=2771"}],"wp:term":[{"taxonomy":"category","embeddable":true,"href":"https:\/\/www.invarena.cz\/index.php?rest_route=%2Fwp%2Fv2%2Fcategories&post=2771"},{"taxonomy":"post_tag","embeddable":true,"href":"https:\/\/www.invarena.cz\/index.php?rest_route=%2Fwp%2Fv2%2Ftags&post=2771"}],"curies":[{"name":"wp","href":"https:\/\/api.w.org\/{rel}","templated":true}]}}