{"id":27735,"date":"2017-03-29T11:53:08","date_gmt":"2017-03-29T09:53:08","guid":{"rendered":"http:\/\/www.invarena.cz\/?p=27735"},"modified":"2017-03-29T11:53:08","modified_gmt":"2017-03-29T09:53:08","slug":"vzdala-jsem-se-vseho-rodinu-a-hokej-jsem-ztratit-odmitla","status":"publish","type":"post","link":"https:\/\/www.invarena.cz\/?p=27735","title":{"rendered":"Vzdala jsem se v\u0161eho, rodinu a hokej jsem ztratit odm\u00edtla"},"content":{"rendered":"<p><strong>Ani z\u00e1ke\u0159n\u00e1 nemoc nezabr\u00e1nila Jaroslav\u011b Ornstov\u00e9 nav\u0161t\u011bvovat z\u00e1pasy Ocel\u00e1\u0159\u016f. Bydl\u00ed v Kosic\u00edch u Chlumce nad Cidlinou a miluje hokej. Nefand\u00ed v\u0161ak Pardubic\u00edm ani Hradci Kr\u00e1lov\u00e9, kter\u00e9 m\u00e1 na dosah.<\/strong><!--more--><\/p>\n<p>T\u0159inec \u2013 Jej\u00ed srdce bije pro T\u0159inec. To v\u0161ak nen\u00ed jedin\u00e9 zaj\u00edmav\u00e9 v p\u0159\u00edb\u011bhu Jaroslavy Ornstov\u00e9. Je trojn\u00e1sobnou babi\u010dkou a v \u017eivot\u011b ji zradilo zdrav\u00ed. Vzep\u0159ela se progn\u00f3z\u00e1m a s osudem svedla boj o dv\u011b l\u00e1sky \u2013 rodinu a Ocel\u00e1\u0159e. Na obou front\u00e1ch zv\u00edt\u011bzila.<\/p>\n<p>Jde o posledn\u00ed p\u0159\u00edb\u011bh z projektu Radegast Ho\u0159k\u00e1 volba. Nejob\u011btav\u011bj\u0161\u00edm t\u0159ineck\u00fdm fanou\u0161kem se stala pr\u00e1v\u011b Jaroslava Ornstov\u00e1, kter\u00e1 p\u0159evzala b\u011bhem druh\u00e9ho \u010dtvrtfin\u00e1lov\u00e9ho duelu s Chomutovem od \u00fato\u010dn\u00edka Erika Hrni kamenn\u00fd puk.<\/p>\n<p>&#8222;Polovina lid\u00ed v Kosic\u00edch v\u016fbec nev\u011bd\u011bla, kde je T\u0159inec. Te\u010f to v\u00ed moc dob\u0159e,&#8220; \u0159ekla Ornstov\u00e1, kter\u00e1 byla v T\u0159inci poprv\u00e9 na hokeji v roce 2005.<\/p>\n<p>P\u0159ed p\u011bti lety j\u00ed l\u00e9ka\u0159i diagnostikovali z\u00e1ke\u0159nou dystrofii, p\u0159i kter\u00e9 doch\u00e1z\u00ed k rozkladu tk\u00e1n\u011b. Aktivn\u00ed sportovkyn\u011b, kter\u00e1 zbo\u017e\u0148ovala ly\u017ee, kolo a tanec, tak z\u016fstala zcela upout\u00e1na na l\u016f\u017eku.<\/p>\n<p>&#8222;Doktor mi \u0159ekl, \u017ee ly\u017ee, kolo a st\u0159ev\u00ed\u010dky m\u016f\u017eu prodat, proto\u017ee u\u017e je nikdy nebudu pot\u0159ebovat. Musela jsem se vzd\u00e1t v\u0161eho. Odm\u00edtla jsem ale ztratit dv\u011b nejv\u011bt\u0161\u00ed l\u00e1sky \u2013 rodinu a hokej,&#8220; \u0159ekla.<\/p>\n<p>Po p\u016flro\u010dn\u00edm boji se za\u010dala vracet do \u017eivota. Diagn\u00f3ze a progn\u00f3z\u00e1m navzdory.<\/p>\n<p>&#8222;Bylo to t\u011b\u017ek\u00e9 obdob\u00ed. L\u00e9ka\u0159i mi tehdy ned\u00e1vali moc \u0161anc\u00ed. Dnes m\u011b v revmatologick\u00e9 poradn\u011b \u010dasto p\u0159edstavuj\u00ed jako p\u0159\u00edb\u011bh s\u00edly a v\u016fle, kter\u00fd se vzep\u0159el osudu,&#8220; podotkla odhodlan\u00e1 bojovnice, kter\u00e1 se k hokejov\u00e9 l\u00e1sce brzy vr\u00e1tila a na invalidn\u00edm voz\u00edku v klubov\u00fdch barv\u00e1ch \u010dasto nav\u0161t\u011bvuje z\u00e1pasy T\u0159ince.<\/p>\n<p>S\u00edlu a energii \u010derpala v t\u011b\u017ek\u00fdch \u010dasech tak\u00e9 z nabyt\u00e9ho p\u0159\u00e1telstv\u00ed, kter\u00e9 se zrodilo b\u011bhem nejt\u011b\u017e\u0161\u00ed f\u00e1ze jej\u00ed nemoci. &#8222;Kdy\u017e mi bylo nejh\u016f\u0159, zkontaktovala jsem prost\u0159ednictv\u00edm facebooku Honzu Peterka a jeho man\u017eelku, kte\u0159\u00ed m\u011b pak p\u0159ijeli ne\u010dekan\u011b nav\u0161t\u00edvit. Z Ocel\u00e1\u0159\u016f se nakonec stala moje druh\u00e1 rodina, kterou p\u0159ijali i ostatn\u00ed \u010dlenov\u00e9 na\u0161eho rodu. Dnes u\u017e jezd\u00edme dv\u011bma auty, proto\u017ee nikdo nechce z\u016fstat doma,&#8220; uzav\u0159ela Jaroslava Ornstov\u00e1.<\/p>\n<p>Brunt\u00e1lsk\u00fd a Krnovsk\u00fd den\u00edk<br \/>\n<a href=\"http:\/\/www.bruntalsky.denik.cz\/\">http:\/\/www.bruntalsky.denik.cz\/<\/a><\/p>\n","protected":false},"excerpt":{"rendered":"<div class=\"mh-excerpt\"><p>Ani z\u00e1ke\u0159n\u00e1 nemoc nezabr\u00e1nila Jaroslav\u011b Ornstov\u00e9 nav\u0161t\u011bvovat z\u00e1pasy Ocel\u00e1\u0159\u016f. Bydl\u00ed v Kosic\u00edch u Chlumce nad Cidlinou a miluje hokej. Nefand\u00ed v\u0161ak Pardubic\u00edm ani Hradci Kr\u00e1lov\u00e9, <a class=\"mh-excerpt-more\" href=\"https:\/\/www.invarena.cz\/?p=27735\" title=\"Vzdala jsem se v\u0161eho, rodinu a hokej jsem ztratit odm\u00edtla\">[&#8230;]<\/a><\/p>\n<\/div>","protected":false},"author":1,"featured_media":12371,"comment_status":"open","ping_status":"closed","sticky":false,"template":"","format":"standard","meta":{"footnotes":""},"categories":[9],"tags":[],"class_list":["post-27735","post","type-post","status-publish","format-standard","has-post-thumbnail","hentry","category-zpravy"],"_links":{"self":[{"href":"https:\/\/www.invarena.cz\/index.php?rest_route=\/wp\/v2\/posts\/27735","targetHints":{"allow":["GET"]}}],"collection":[{"href":"https:\/\/www.invarena.cz\/index.php?rest_route=\/wp\/v2\/posts"}],"about":[{"href":"https:\/\/www.invarena.cz\/index.php?rest_route=\/wp\/v2\/types\/post"}],"author":[{"embeddable":true,"href":"https:\/\/www.invarena.cz\/index.php?rest_route=\/wp\/v2\/users\/1"}],"replies":[{"embeddable":true,"href":"https:\/\/www.invarena.cz\/index.php?rest_route=%2Fwp%2Fv2%2Fcomments&post=27735"}],"version-history":[{"count":0,"href":"https:\/\/www.invarena.cz\/index.php?rest_route=\/wp\/v2\/posts\/27735\/revisions"}],"wp:featuredmedia":[{"embeddable":true,"href":"https:\/\/www.invarena.cz\/index.php?rest_route=\/wp\/v2\/media\/12371"}],"wp:attachment":[{"href":"https:\/\/www.invarena.cz\/index.php?rest_route=%2Fwp%2Fv2%2Fmedia&parent=27735"}],"wp:term":[{"taxonomy":"category","embeddable":true,"href":"https:\/\/www.invarena.cz\/index.php?rest_route=%2Fwp%2Fv2%2Fcategories&post=27735"},{"taxonomy":"post_tag","embeddable":true,"href":"https:\/\/www.invarena.cz\/index.php?rest_route=%2Fwp%2Fv2%2Ftags&post=27735"}],"curies":[{"name":"wp","href":"https:\/\/api.w.org\/{rel}","templated":true}]}}