{"id":27736,"date":"2017-03-29T12:02:14","date_gmt":"2017-03-29T10:02:14","guid":{"rendered":"http:\/\/www.invarena.cz\/?p=27736"},"modified":"2017-03-29T12:02:14","modified_gmt":"2017-03-29T10:02:14","slug":"sokolovsky-bazen-v-sobotu-hosti-jubilejni-15-rocnik-poharku-handicapovanych-plavcu","status":"publish","type":"post","link":"https:\/\/www.invarena.cz\/?p=27736","title":{"rendered":"Sokolovsk\u00fd baz\u00e9n v sobotu host\u00ed jubilejn\u00ed 15. ro\u010dn\u00edk Poh\u00e1rku handicapovan\u00fdch plavc\u016f"},"content":{"rendered":"<p><strong>U\u017e jen p\u00e1r dn\u016f zb\u00fdv\u00e1 do zah\u00e1jen\u00ed nejv\u00fdznamn\u011bj\u0161\u00ed a v\u016fbec nejv\u011bt\u0161\u00ed akce pro sportovce se zdravotn\u00edm znev\u00fdhodn\u011bn\u00edm v Karlovarsk\u00e9m kraji. Jubilejn\u00ed XV. ro\u010dn\u00edk plaveck\u00fdch z\u00e1vod\u016f t\u011blesn\u011b posti\u017een\u00fdch plavc\u016f &#8222;Poh\u00e1rek&#8220; bude slavnostn\u011b zah\u00e1jen v sobotu 1. dubna v 9:15 v m\u011bstsk\u00e9m baz\u00e9nu v Sokolov\u011b.<\/strong><!--more--><\/p>\n<p>Karlovy Vary \u2013 Z\u00e1vody, kter\u00e9 se konaj\u00ed s garanc\u00ed \u010cesk\u00e9ho svazu t\u011blesn\u011b posti\u017een\u00fdch sportovc\u016f a Plaveck\u00e9 akademie bez bari\u00e9r, po\u0159\u00e1d\u00e1 karlovarsk\u00fd sportovn\u00ed klub SK KONTAKT.<\/p>\n<p>Z\u00e1\u0161titu nad akc\u00ed p\u0159evzaly nejv\u00fdznamn\u011bj\u0161\u00ed osobnosti na\u0161eho kraje, karlovarsk\u00fd prim\u00e1tor Petr Kulh\u00e1nek, starosta m\u011bsta Sokolova Jan Picka a hejtmanka Karlovarsk\u00e9ho kraje Jana Vildumetzov\u00e1, patronem a sv\u00fdm zp\u016fsobem &#8222;ikonou&#8220; Poh\u00e1rku je legenda \u010desk\u00e9ho dostihov\u00e9ho sportu, osmin\u00e1sobn\u00fd v\u00edt\u011bz Velk\u00e9 pardubick\u00e9 \u017eokej Josef V\u00e1\u0148a.<\/p>\n<p>Poh\u00e1rek se tradi\u010dn\u011b t\u011b\u0161\u00ed velk\u00e9mu z\u00e1jmu z\u00e1vodn\u00edk\u016f, kte\u0159\u00ed se do Karlov\u00fdch Var\u016f sj\u00ed\u017ed\u011bj\u00ed z cel\u00e9 republiky i ze Slovenska. Nechyb\u00ed ani \u010desk\u00e1 a slovensk\u00e1 paralympijsk\u00e1 \u0161pi\u010dka v\u010detn\u011b \u00fa\u010dastn\u00edk\u016f a medailist\u016f z evropsk\u00fdch a sv\u011btov\u00fdch \u0161ampion\u00e1t\u016f a letn\u00edch paralympijsk\u00fdch her. Letos je p\u0159ihl\u00e1\u0161eno 126 startuj\u00edc\u00edch, z toho 74 v mu\u017esk\u00fdch a 52 v \u017eensk\u00fdch kategori\u00edch, kte\u0159\u00ed reprezentuj\u00ed celkem 17 sportovn\u00edch klub\u016f, z toho 13 \u010desk\u00fdch, t\u0159i slovensk\u00e9 a jeden z N\u011bmecka.<\/p>\n<p>Tv\u00e1\u0159\u00ed leto\u0161n\u00edho Poh\u00e1rku je 19let\u00e1 karlovarsk\u00e1 plavkyn\u011b Vendula Du\u0161kov\u00e1, sv\u011b\u0159enkyn\u011b tren\u00e9r\u016f \u0160t\u011bp\u00e1nky \u0158eho\u0159kov\u00e9 a Tom\u00e1\u0161e \u010cern\u00e9ho. Vrcholem jej\u00edho mnohalet\u00e9ho \u00fasil\u00ed a tr\u00e9ninkov\u00e9ho zaujet\u00ed byla nominace na Letn\u00ed paralympijsk\u00e9 hry 2016 v Riu, kde pro \u010ceskou republiku vybojovala dv\u011b velmi cenn\u00e1 8. m\u00edsta v z\u00e1vodech na 100 metr\u016f prsa a 400 metr\u016f kraul. Na Poh\u00e1rku sb\u00edrala medaile u\u017e v kategorii \u017eactva, naposledy v sokolovsk\u00e9m baz\u00e9nu excelovala p\u0159ed rokem, kde se ziskem 1890 bod\u016f suver\u00e9nn\u011b vyhr\u00e1la kategorii junior\u016f a sv\u00fdmi v\u00fdkony (5:30,48 na 400 m VZ a 1:47,75 na 100 m P) atakovala hranice sv\u011btov\u00fdch paralympijsk\u00fdch rekord\u016f.<\/p>\n<p>Leto\u0161n\u00ed Poh\u00e1rek se bude tradi\u010dn\u011b plavat v kryt\u00e9m 25metrov\u00e9m baz\u00e9nu v Sokolov\u011b, kde je k dispozici \u0161est drah s elektronickou \u010dasom\u00edrou. Na programu je 16 z\u00e1vod\u016f ve v\u0161ech plaveck\u00fdch discipl\u00edn\u00e1ch na trat\u00edch od 50 do 400 metr\u016f, celkov\u00fd po\u010det start\u016f dosahuje &#8222;astronomick\u00fdch&#8220; 398!<\/p>\n<p>Div\u00e1ci, kte\u0159\u00ed jsou samoz\u0159ejm\u011b v\u00edt\u00e1ni, se mohou t\u011b\u0161it na jinde nev\u00eddanou atmosf\u00e9ru sportovn\u00edho z\u00e1polen\u00ed plavc\u016f, pro kter\u00e9 je plav\u00e1n\u00ed daleko v\u00edc ne\u017e &#8222;jen sport&#8220; a kte\u0159\u00ed v\u011bt\u0161inou v\u00edc ne\u017e se soupe\u0159i a \u010dasem bojuj\u00ed sami se sebou a sv\u00fdmi zdravotn\u00edmi omezen\u00edmi.<\/p>\n<p>Slavnostn\u00ed zah\u00e1jen\u00ed bude v 9:15 a celodenn\u00ed plaveck\u00fd maraton vyvrchol\u00ed slavnostn\u00edm vyhl\u00e1\u0161en\u00edm v\u00fdsledk\u016f na galave\u010deru v karlovarsk\u00e9m Grandhotelu Ambassador N\u00e1rodn\u00ed d\u016fm.<\/p>\n<p>JI\u0158\u00cd LINHART<br \/>\nChebsk\u00fd den\u00edk<br \/>\n<a href=\"http:\/\/chebsky.denik.cz\/\">http:\/\/chebsky.denik.cz\/<\/a><\/p>\n","protected":false},"excerpt":{"rendered":"<div class=\"mh-excerpt\"><p>U\u017e jen p\u00e1r dn\u016f zb\u00fdv\u00e1 do zah\u00e1jen\u00ed nejv\u00fdznamn\u011bj\u0161\u00ed a v\u016fbec nejv\u011bt\u0161\u00ed akce pro sportovce se zdravotn\u00edm znev\u00fdhodn\u011bn\u00edm v Karlovarsk\u00e9m kraji. Jubilejn\u00ed XV. ro\u010dn\u00edk plaveck\u00fdch z\u00e1vod\u016f <a class=\"mh-excerpt-more\" href=\"https:\/\/www.invarena.cz\/?p=27736\" title=\"Sokolovsk\u00fd baz\u00e9n v sobotu host\u00ed jubilejn\u00ed 15. ro\u010dn\u00edk Poh\u00e1rku handicapovan\u00fdch plavc\u016f\">[&#8230;]<\/a><\/p>\n<\/div>","protected":false},"author":1,"featured_media":21009,"comment_status":"open","ping_status":"closed","sticky":false,"template":"","format":"standard","meta":{"footnotes":""},"categories":[9],"tags":[],"class_list":["post-27736","post","type-post","status-publish","format-standard","has-post-thumbnail","hentry","category-zpravy"],"_links":{"self":[{"href":"https:\/\/www.invarena.cz\/index.php?rest_route=\/wp\/v2\/posts\/27736","targetHints":{"allow":["GET"]}}],"collection":[{"href":"https:\/\/www.invarena.cz\/index.php?rest_route=\/wp\/v2\/posts"}],"about":[{"href":"https:\/\/www.invarena.cz\/index.php?rest_route=\/wp\/v2\/types\/post"}],"author":[{"embeddable":true,"href":"https:\/\/www.invarena.cz\/index.php?rest_route=\/wp\/v2\/users\/1"}],"replies":[{"embeddable":true,"href":"https:\/\/www.invarena.cz\/index.php?rest_route=%2Fwp%2Fv2%2Fcomments&post=27736"}],"version-history":[{"count":0,"href":"https:\/\/www.invarena.cz\/index.php?rest_route=\/wp\/v2\/posts\/27736\/revisions"}],"wp:featuredmedia":[{"embeddable":true,"href":"https:\/\/www.invarena.cz\/index.php?rest_route=\/wp\/v2\/media\/21009"}],"wp:attachment":[{"href":"https:\/\/www.invarena.cz\/index.php?rest_route=%2Fwp%2Fv2%2Fmedia&parent=27736"}],"wp:term":[{"taxonomy":"category","embeddable":true,"href":"https:\/\/www.invarena.cz\/index.php?rest_route=%2Fwp%2Fv2%2Fcategories&post=27736"},{"taxonomy":"post_tag","embeddable":true,"href":"https:\/\/www.invarena.cz\/index.php?rest_route=%2Fwp%2Fv2%2Ftags&post=27736"}],"curies":[{"name":"wp","href":"https:\/\/api.w.org\/{rel}","templated":true}]}}