{"id":27743,"date":"2017-03-30T00:00:23","date_gmt":"2017-03-29T22:00:23","guid":{"rendered":"http:\/\/www.invarena.cz\/?p=27743"},"modified":"2017-03-30T10:29:20","modified_gmt":"2017-03-30T08:29:20","slug":"lednice-ziska-statut-lazenskeho-mista-schvalila-vlada","status":"publish","type":"post","link":"https:\/\/www.invarena.cz\/?p=27743","title":{"rendered":"Lednice z\u00edsk\u00e1 statut l\u00e1ze\u0148sk\u00e9ho m\u00edsta, schv\u00e1lila vl\u00e1da"},"content":{"rendered":"<p><strong>Obec Lednice na B\u0159eclavsku z\u00edsk\u00e1 statut l\u00e1ze\u0148sk\u00e9ho m\u00edsta. Na\u0159\u00edzen\u00ed, kter\u00fd se zaveden\u00edm nov\u00e9ho re\u017eimu po\u010d\u00edt\u00e1 od 1. dubna, dnes schv\u00e1lila vl\u00e1da. Na twitteru o tom informoval mluv\u010d\u00ed kabinetu Martin Ayrer. V l\u00e1ze\u0148sk\u00e9m m\u00edst\u011b bude podle na\u0159\u00edzen\u00ed omezena v\u00fdstavba a zak\u00e1z\u00e1n provoz n\u011bkter\u00fdch za\u0159\u00edzen\u00ed, kter\u00e1 by mohla naru\u0161it l\u00e9\u010debn\u00fd re\u017eim.<\/strong><!--more--><\/p>\n<p>L\u00e1ze\u0148sk\u00fd komplex byl v Lednici otev\u0159en v roce 2007. Pacient\u016fm, kte\u0159\u00ed p\u0159ij\u00ed\u017ed\u011bj\u00ed mimo jin\u00e9 s nemocemi ob\u011bhov\u00e9ho a pohybov\u00e9ho \u00fastroj\u00ed, poruchami \u017el\u00e1z s vnit\u0159n\u00ed sekrec\u00ed \u010di ko\u017en\u00edmi, gynekologick\u00fdmi a nervov\u00fdmi onemocn\u011bn\u00edmi, pom\u00e1h\u00e1 l\u00e9\u010div\u00fd pramen jodobromov\u00e9 vody. Byl objeven v sedmdes\u00e1t\u00fdch letech 20. stolet\u00ed. &#8222;Statut l\u00e1ze\u0148sk\u00e9ho m\u00edsta povede nejen k vy\u0161\u0161\u00ed ochran\u011b tohoto zdroje, ale tak\u00e9 l\u00e9\u010debn\u00e9ho re\u017eimu a cel\u00e9ho l\u00e1ze\u0148sk\u00e9ho prost\u0159ed\u00ed,&#8220; uvedl v tiskov\u00e9 zpr\u00e1v\u011b ministr zdravotnictv\u00ed Miloslav Ludv\u00edk (\u010cSSD).<\/p>\n<p>&#8222;Konkr\u00e9tn\u00edm c\u00edlem navrhovan\u00e9 pr\u00e1vn\u00ed \u00fapravy je zejm\u00e9na zabr\u00e1nit nov\u00e9mu um\u00eds\u0165ov\u00e1n\u00ed staveb a provozoven, kter\u00e9 by ve vnit\u0159n\u00edm \u00fazem\u00ed l\u00e1ze\u0148sk\u00e9ho m\u00edsta mohly negativn\u011b ovlivnit l\u00e9\u010debn\u00fd re\u017eim n\u00e1v\u0161t\u011bvn\u00edk\u016f p\u0159\u00edrodn\u00edch l\u00e9\u010debn\u00fdch l\u00e1zn\u00ed nebo klimatick\u00e9 podm\u00ednky m\u00edsta a krajiny,&#8220; uvedlo ministerstvo zdravotnictv\u00ed v d\u016fvodov\u00e9 zpr\u00e1v\u011b k n\u00e1vrhu na\u0159\u00edzen\u00ed.<\/p>\n<p>Podle na\u0159\u00edzen\u00ed bude omezena v\u00fdstavba z\u00e1bavn\u00edch za\u0159\u00edzen\u00ed a zak\u00e1z\u00e1no budov\u00e1n\u00ed hromadn\u00fdch gar\u00e1\u017e\u00ed, kter\u00e9 nebudou slou\u017eit pacient\u016fm, n\u00e1v\u0161t\u011bvn\u00edk\u016fm l\u00e1zn\u00ed nebo zdravotnick\u00e9mu person\u00e1lu. Na \u00fazem\u00ed nebude mo\u017en\u00e9 stav\u011bt ani silnice vy\u0161\u0161\u00edch t\u0159\u00edd, budovy pro zem\u011bd\u011blskou v\u00fdrobu, sklady, bydlen\u00ed \u010di provozov\u00e1n\u00ed slu\u017eeb, kter\u00e9 neslou\u017e\u00ed u\u017eivatel\u016fm l\u00e1zn\u00ed a jejich person\u00e1lu nebo mohou m\u00edt ru\u0161iv\u00fd vliv na poskytov\u00e1n\u00ed l\u00e1ze\u0148sk\u00e9 p\u00e9\u010de.<\/p>\n<p>Regulace se dotkne tak\u00e9 reklamy, kdy bude v l\u00e1ze\u0148sk\u00e9m m\u00edst\u011b zak\u00e1z\u00e1na zvukov\u00e1 reklama z dopravn\u00edch prost\u0159edk\u016f, osl\u0148uj\u00edc\u00ed \u010di blikaj\u00edc\u00ed reklama a rozd\u00e1v\u00e1n\u00ed reklamn\u00edch let\u00e1k\u016f. Plak\u00e1ty budou moci lid\u00e9 vylepovat jen na ofici\u00e1ln\u00ed plochy. Na ve\u0159ejn\u011b p\u0159\u00edstupn\u00fdch m\u00edstech nebude mo\u017en\u00e9 krmit toulav\u00e1 a voln\u011b \u017eij\u00edc\u00ed zv\u00ed\u0159ata.<\/p>\n","protected":false},"excerpt":{"rendered":"<div class=\"mh-excerpt\"><p>Obec Lednice na B\u0159eclavsku z\u00edsk\u00e1 statut l\u00e1ze\u0148sk\u00e9ho m\u00edsta. Na\u0159\u00edzen\u00ed, kter\u00fd se zaveden\u00edm nov\u00e9ho re\u017eimu po\u010d\u00edt\u00e1 od 1. dubna, dnes schv\u00e1lila vl\u00e1da. Na twitteru o tom <a class=\"mh-excerpt-more\" href=\"https:\/\/www.invarena.cz\/?p=27743\" title=\"Lednice z\u00edsk\u00e1 statut l\u00e1ze\u0148sk\u00e9ho m\u00edsta, schv\u00e1lila vl\u00e1da\">[&#8230;]<\/a><\/p>\n<\/div>","protected":false},"author":1,"featured_media":27744,"comment_status":"open","ping_status":"closed","sticky":false,"template":"","format":"standard","meta":{"footnotes":""},"categories":[9],"tags":[],"class_list":["post-27743","post","type-post","status-publish","format-standard","has-post-thumbnail","hentry","category-zpravy"],"_links":{"self":[{"href":"https:\/\/www.invarena.cz\/index.php?rest_route=\/wp\/v2\/posts\/27743","targetHints":{"allow":["GET"]}}],"collection":[{"href":"https:\/\/www.invarena.cz\/index.php?rest_route=\/wp\/v2\/posts"}],"about":[{"href":"https:\/\/www.invarena.cz\/index.php?rest_route=\/wp\/v2\/types\/post"}],"author":[{"embeddable":true,"href":"https:\/\/www.invarena.cz\/index.php?rest_route=\/wp\/v2\/users\/1"}],"replies":[{"embeddable":true,"href":"https:\/\/www.invarena.cz\/index.php?rest_route=%2Fwp%2Fv2%2Fcomments&post=27743"}],"version-history":[{"count":0,"href":"https:\/\/www.invarena.cz\/index.php?rest_route=\/wp\/v2\/posts\/27743\/revisions"}],"wp:featuredmedia":[{"embeddable":true,"href":"https:\/\/www.invarena.cz\/index.php?rest_route=\/wp\/v2\/media\/27744"}],"wp:attachment":[{"href":"https:\/\/www.invarena.cz\/index.php?rest_route=%2Fwp%2Fv2%2Fmedia&parent=27743"}],"wp:term":[{"taxonomy":"category","embeddable":true,"href":"https:\/\/www.invarena.cz\/index.php?rest_route=%2Fwp%2Fv2%2Fcategories&post=27743"},{"taxonomy":"post_tag","embeddable":true,"href":"https:\/\/www.invarena.cz\/index.php?rest_route=%2Fwp%2Fv2%2Ftags&post=27743"}],"curies":[{"name":"wp","href":"https:\/\/api.w.org\/{rel}","templated":true}]}}