{"id":27788,"date":"2017-04-02T05:44:09","date_gmt":"2017-04-02T03:44:09","guid":{"rendered":"http:\/\/www.invarena.cz\/?p=27788"},"modified":"2017-04-03T16:42:11","modified_gmt":"2017-04-03T14:42:11","slug":"na-podporu-lidi-s-autismem-se-budovy-rozsviti-modre","status":"publish","type":"post","link":"https:\/\/www.invarena.cz\/?p=27788","title":{"rendered":"Na podporu lid\u00ed s autismem se budovy rozsv\u00edt\u00ed mod\u0159e"},"content":{"rendered":"<p><strong>Na podporu lid\u00ed s autismem budou dnes v \u010cesku n\u011bkter\u00e9 budovy nasv\u00edceny mod\u0159e. V hlavn\u00edm m\u011bst\u011b bude mod\u0159e sv\u00edtit mimo jin\u00e9 Strahovsk\u00fd kl\u00e1\u0161ter. Podle organiz\u00e1tor\u016f m\u00e1 akce, kter\u00e1 se kon\u00e1 u p\u0159\u00edle\u017eitosti sv\u011btov\u00e9ho dne porozum\u011bn\u00ed autismu, p\u0159isp\u011bt ke zkvalitn\u011bn\u00ed \u017eivota lid\u00ed s autismem. Modr\u00e1 je barvou komunikace a sebevyj\u00e1d\u0159en\u00ed, co\u017e je jedna z oblast\u00ed, ve kter\u00e9 maj\u00ed lid\u00e9 s autismem nejv\u011bt\u0161\u00ed pot\u00ed\u017ee.<\/strong><!--more--><\/p>\n<p>Autismus je vrozen\u00e1 v\u00fdvojov\u00e1 porucha soci\u00e1ln\u00edho a emo\u010dn\u00edho v\u00fdvoje a komunikace, kter\u00e1 ovliv\u0148uje mnoh\u00e9 oblasti \u017eivota a navenek se projevuje nestandardn\u00edm chov\u00e1n\u00edm. V\u00fdvoj d\u00edt\u011bte je naru\u0161en zejm\u00e9na v oblasti slovn\u00ed a mimoslovn\u00ed komunikace, vztah\u016f s lidmi, vn\u00edm\u00e1n\u00ed a p\u0159edstavivosti. Projevy jsou velmi r\u016fznorod\u00e9, stejnou diagn\u00f3zu sd\u00edl\u00ed lid\u00e9 nadpr\u016fm\u011brn\u011b inteligentn\u00ed i s ment\u00e1ln\u00ed retardac\u00ed, spont\u00e1nn\u011b navazuj\u00edc\u00ed kontakt i uzav\u0159en\u00ed, klidn\u00ed i aktivn\u00ed s poruchami chov\u00e1n\u00ed.<\/p>\n<p>Odborn\u00edci z N\u00e1rodn\u00edho \u00fastavu pro autismus (NAUTIS) uv\u00e1d\u011bj\u00ed, \u017ee se v \u010cesku ka\u017edoro\u010dn\u011b narod\u00ed kolem 500 d\u011bt\u00ed s poruchou autistick\u00e9ho spektra. Se zlep\u0161uj\u00edc\u00ed se diagnostikou se zvy\u0161uje tak\u00e9 po\u010det lid\u00ed, kter\u00fdm je tato diagn\u00f3za prok\u00e1z\u00e1na. &#8222;Nyn\u00ed se ve statistik\u00e1ch uv\u00e1d\u011bj\u00ed jeden a\u017e dva p\u0159\u00edpady poruchy autistick\u00e9ho spektra na 100 osob. Potencion\u00e1ln\u011b tedy \u017eije v \u010cesk\u00e9 republice 100.000 a\u017e 200.000 osob s touto poruchou,&#8220; uvedla Veronika \u0160porclov\u00e1 z NAUTIS.<\/p>\n<p>Nasv\u00edcen\u00ed budov namodro nen\u00ed jedinou akc\u00ed, kter\u00e1 se na podporu lid\u00ed s autismem kon\u00e1. Organizace NAUTIS bude m\u00edt tak\u00e9 do pond\u011bl\u00ed na pra\u017esk\u00e9m Starom\u011bstsk\u00e9m n\u00e1m\u011bst\u00ed informa\u010dn\u00ed st\u00e1nek. V pond\u011bl\u00ed budou v Poslaneck\u00e9 sn\u011bmovn\u011b p\u0159ed\u00e1ny ceny pro jednotlivce a organizace, kte\u0159\u00ed ve sv\u00e9m osobn\u00edm \u010di profesn\u00edm \u017eivot\u011b usiluj\u00ed o to, aby se lidem s autismem \u017eilo l\u00e9pe. 23. dubna se pak uskute\u010dn\u00ed Modr\u00fd pr\u016fvod, kter\u00fd p\u016fjde z Pra\u017ea\u010dky na V\u00edtkov, kde budou vypu\u0161t\u011bny modr\u00e9 bal\u00f3nky.<\/p>\n","protected":false},"excerpt":{"rendered":"<div class=\"mh-excerpt\"><p>Na podporu lid\u00ed s autismem budou dnes v \u010cesku n\u011bkter\u00e9 budovy nasv\u00edceny mod\u0159e. V hlavn\u00edm m\u011bst\u011b bude mod\u0159e sv\u00edtit mimo jin\u00e9 Strahovsk\u00fd kl\u00e1\u0161ter. Podle organiz\u00e1tor\u016f <a class=\"mh-excerpt-more\" href=\"https:\/\/www.invarena.cz\/?p=27788\" title=\"Na podporu lid\u00ed s autismem se budovy rozsv\u00edt\u00ed mod\u0159e\">[&#8230;]<\/a><\/p>\n<\/div>","protected":false},"author":1,"featured_media":27789,"comment_status":"open","ping_status":"closed","sticky":false,"template":"","format":"standard","meta":{"footnotes":""},"categories":[9],"tags":[],"class_list":["post-27788","post","type-post","status-publish","format-standard","has-post-thumbnail","hentry","category-zpravy"],"_links":{"self":[{"href":"https:\/\/www.invarena.cz\/index.php?rest_route=\/wp\/v2\/posts\/27788","targetHints":{"allow":["GET"]}}],"collection":[{"href":"https:\/\/www.invarena.cz\/index.php?rest_route=\/wp\/v2\/posts"}],"about":[{"href":"https:\/\/www.invarena.cz\/index.php?rest_route=\/wp\/v2\/types\/post"}],"author":[{"embeddable":true,"href":"https:\/\/www.invarena.cz\/index.php?rest_route=\/wp\/v2\/users\/1"}],"replies":[{"embeddable":true,"href":"https:\/\/www.invarena.cz\/index.php?rest_route=%2Fwp%2Fv2%2Fcomments&post=27788"}],"version-history":[{"count":0,"href":"https:\/\/www.invarena.cz\/index.php?rest_route=\/wp\/v2\/posts\/27788\/revisions"}],"wp:featuredmedia":[{"embeddable":true,"href":"https:\/\/www.invarena.cz\/index.php?rest_route=\/wp\/v2\/media\/27789"}],"wp:attachment":[{"href":"https:\/\/www.invarena.cz\/index.php?rest_route=%2Fwp%2Fv2%2Fmedia&parent=27788"}],"wp:term":[{"taxonomy":"category","embeddable":true,"href":"https:\/\/www.invarena.cz\/index.php?rest_route=%2Fwp%2Fv2%2Fcategories&post=27788"},{"taxonomy":"post_tag","embeddable":true,"href":"https:\/\/www.invarena.cz\/index.php?rest_route=%2Fwp%2Fv2%2Ftags&post=27788"}],"curies":[{"name":"wp","href":"https:\/\/api.w.org\/{rel}","templated":true}]}}