{"id":27790,"date":"2017-04-02T05:45:27","date_gmt":"2017-04-02T03:45:27","guid":{"rendered":"http:\/\/www.invarena.cz\/?p=27790"},"modified":"2017-04-03T16:40:53","modified_gmt":"2017-04-03T14:40:53","slug":"zachranna-sluzba-odvezla-z-pulmaratonu-do-nemocnic-24-bezcu","status":"publish","type":"post","link":"https:\/\/www.invarena.cz\/?p=27790","title":{"rendered":"Z\u00e1chrann\u00e1 slu\u017eba odvezla z p\u016flmaratonu do nemocnic 24 b\u011b\u017ec\u016f"},"content":{"rendered":"<p><strong>Pra\u017esk\u00e1 z\u00e1chrann\u00e1 slu\u017eba z p\u016flmaratonu odvezla do nemocnic 24 b\u011b\u017ec\u016f, \u017e\u00e1dn\u00fd z nich nebyl v ohro\u017een\u00ed \u017eivota. B\u011bhem z\u00e1vodu o\u0161et\u0159ila dal\u0161\u00ed des\u00edtky \u00fa\u010dastn\u00edk\u016f, jejich\u017e hospitalizace ale nebyla nutn\u00e1. \u010cTK to \u0159ekla mluv\u010d\u00ed pra\u017esk\u00e9 z\u00e1chrann\u00e9 slu\u017eby Jana Po\u0161tov\u00e1. Policie podle sv\u00e9ho mluv\u010d\u00edho Tom\u00e1\u0161e Hulana nezaznamenala \u017e\u00e1dn\u00e9 z\u00e1sadn\u00ed probl\u00e9my s \u0159idi\u010di, kte\u0159\u00ed kv\u016fli z\u00e1vodu museli jet po n\u00e1hradn\u00edch tras\u00e1ch.<\/strong><!--more--><\/p>\n<p>V\u0161ichni b\u011b\u017eci p\u0159ed\u00e1van\u00ed z\u00e1chrankou do nemocnic byli p\u0159i v\u011bdom\u00ed. &#8222;Vesm\u011bs se jednalo o kolapsov\u00e9 stavy a leh\u010d\u00ed p\u0159\u00edpady,&#8220; uvedla Po\u0161tov\u00e1.<\/p>\n<p>Kv\u016fli p\u016flmaratonu pos\u00edlily pra\u017eskou z\u00e1chrannou slu\u017ebu oproti norm\u00e1ln\u00edmu stavu t\u0159i pos\u00e1dky a tradi\u010dn\u011b bylo nasazeno tak\u00e9 speci\u00e1ln\u00ed velkokapacitn\u00ed vozidlo Golem, v n\u011bm\u017e bylo o\u0161et\u0159eno 22 b\u011b\u017ec\u016f. Z nich 17 nevy\u017eadovalo dal\u0161\u00ed p\u00e9\u010di a byli po o\u0161et\u0159en\u00ed ponech\u00e1ni na m\u00edst\u011b, doplnila mluv\u010d\u00ed. Letos nov\u011b u z\u00e1vodu asistovaly tak\u00e9 \u010dty\u0159i cyklohl\u00eddky vybaven\u00e9 automatizovan\u00fdm extern\u00edm defibril\u00e1torem k o\u017eivov\u00e1n\u00ed lid\u00ed se srde\u010dn\u00ed z\u00e1stavou.<\/p>\n<p>Policie kv\u016fli trase b\u011bhu pr\u016fb\u011b\u017en\u011b uzav\u00edrala ulice v p\u011bti m\u011bstsk\u00fdch \u010d\u00e1stech. \u0158idi\u010d\u016fm policist\u00e9 a str\u00e1\u017en\u00edci doporu\u010dovali obj\u00edzdn\u00e9 trasy. &#8222;Ne\u0159e\u0161ili jsme \u017e\u00e1dnou z\u00e1sadn\u00ed situaci nebo n\u011bjak\u00e9 incidenty v r\u00e1mci uzav\u00edrek,&#8220; \u0159ekl \u010cTK policejn\u00ed mluv\u010d\u00ed Hulan.<\/p>\n<p>P\u016flmaraton, kter\u00e9ho se z\u00fa\u010dastnilo zhruba jeden\u00e1ct tis\u00edc rekrea\u010dn\u00edch b\u011b\u017ec\u016f, tak\u00e9 zm\u011bnil trasy t\u00e9m\u011b\u0159 20 tramvajov\u00fdch linek zejm\u00e9na v centru Prahy. Dopravu v centru m\u011bsta proto podle dopravn\u00edho podniku zaji\u0161\u0165ovalo p\u0159edev\u0161\u00edm metro.<\/p>\n<p>Pra\u017esk\u00fd p\u016flmaraton m\u00e1 zlatou zn\u00e1mku mezin\u00e1rodn\u00ed atletick\u00e9 federace IAAF, co\u017e je nejvy\u0161\u0161\u00ed ocen\u011bn\u00ed kvality silni\u010dn\u00edch b\u011b\u017eeck\u00fdch z\u00e1vod\u016f. Z\u00e1vod \u017een dnes vyhr\u00e1la Ke\u0148anka Joyciline Jepkosgeiov\u00e1 v nov\u00e9m sv\u011btov\u00e9m rekordu 1:04:52. Mezi mu\u017ei se v\u00edt\u011bzn\u00fd Etiopan Tamirat Tola jako jedin\u00fd dostal pod hranici jedn\u00e9 hodiny.<\/p>\n","protected":false},"excerpt":{"rendered":"<div class=\"mh-excerpt\"><p>Pra\u017esk\u00e1 z\u00e1chrann\u00e1 slu\u017eba z p\u016flmaratonu odvezla do nemocnic 24 b\u011b\u017ec\u016f, \u017e\u00e1dn\u00fd z nich nebyl v ohro\u017een\u00ed \u017eivota. B\u011bhem z\u00e1vodu o\u0161et\u0159ila dal\u0161\u00ed des\u00edtky \u00fa\u010dastn\u00edk\u016f, jejich\u017e hospitalizace <a class=\"mh-excerpt-more\" href=\"https:\/\/www.invarena.cz\/?p=27790\" title=\"Z\u00e1chrann\u00e1 slu\u017eba odvezla z p\u016flmaratonu do nemocnic 24 b\u011b\u017ec\u016f\">[&#8230;]<\/a><\/p>\n<\/div>","protected":false},"author":1,"featured_media":0,"comment_status":"open","ping_status":"closed","sticky":false,"template":"","format":"standard","meta":{"footnotes":""},"categories":[9],"tags":[],"class_list":["post-27790","post","type-post","status-publish","format-standard","hentry","category-zpravy"],"_links":{"self":[{"href":"https:\/\/www.invarena.cz\/index.php?rest_route=\/wp\/v2\/posts\/27790","targetHints":{"allow":["GET"]}}],"collection":[{"href":"https:\/\/www.invarena.cz\/index.php?rest_route=\/wp\/v2\/posts"}],"about":[{"href":"https:\/\/www.invarena.cz\/index.php?rest_route=\/wp\/v2\/types\/post"}],"author":[{"embeddable":true,"href":"https:\/\/www.invarena.cz\/index.php?rest_route=\/wp\/v2\/users\/1"}],"replies":[{"embeddable":true,"href":"https:\/\/www.invarena.cz\/index.php?rest_route=%2Fwp%2Fv2%2Fcomments&post=27790"}],"version-history":[{"count":0,"href":"https:\/\/www.invarena.cz\/index.php?rest_route=\/wp\/v2\/posts\/27790\/revisions"}],"wp:attachment":[{"href":"https:\/\/www.invarena.cz\/index.php?rest_route=%2Fwp%2Fv2%2Fmedia&parent=27790"}],"wp:term":[{"taxonomy":"category","embeddable":true,"href":"https:\/\/www.invarena.cz\/index.php?rest_route=%2Fwp%2Fv2%2Fcategories&post=27790"},{"taxonomy":"post_tag","embeddable":true,"href":"https:\/\/www.invarena.cz\/index.php?rest_route=%2Fwp%2Fv2%2Ftags&post=27790"}],"curies":[{"name":"wp","href":"https:\/\/api.w.org\/{rel}","templated":true}]}}