{"id":27814,"date":"2017-04-03T17:32:12","date_gmt":"2017-04-03T15:32:12","guid":{"rendered":"http:\/\/www.invarena.cz\/?p=27814"},"modified":"2017-04-03T17:32:12","modified_gmt":"2017-04-03T15:32:12","slug":"na-snezku-se-letos-pujde-pro-pavlinku","status":"publish","type":"post","link":"https:\/\/www.invarena.cz\/?p=27814","title":{"rendered":"Na Sn\u011b\u017eku se letos p\u016fjde pro Pavl\u00ednku"},"content":{"rendered":"<p><strong>Jubilejn\u00ed p\u00e1t\u00fd ro\u010dn\u00edk charitativn\u00edho v\u00fdstupu na Sn\u011b\u017eku, bude v\u011bnov\u00e1n dvoulet\u00e9 Pavl\u00ednce Josiekov\u00e9 z Karvin\u00e9.<\/strong><!--more--><\/p>\n<p>Pec pod Sn\u011b\u017ekou \u2013 Akce Nada\u010dn\u00edho fondu KlaPeto, se uskute\u010dn\u00ed v sobotu 27.kv\u011btna v Peci pod Sn\u011b\u017ekou.<\/p>\n<p>Pavl\u00ednka v sedmi m\u011bs\u00edc\u00edch onemocn\u011bla z\u00e1ke\u0159n\u00fdm meningokokem. Boj o \u017eivot vyhr\u00e1la, ale nemoc postihla mozek i zrak a Pavl\u00ednce musela b\u00fdt amputov\u00e1na prav\u00e1 no\u017ei\u010dka nad kolenem.<\/p>\n<p>Nada\u010dn\u00ed fond KlaPeto organizuje ji\u017e p\u00e1t\u00fd ro\u010dn\u00edk \u00fasp\u011b\u0161n\u00e9 charitativn\u00ed akce.<\/p>\n<p>Autorem projektu je handicapovan\u00fd atlet, mistr \u010cR v hodu diskem a o\u0161t\u011bpem, Jaroslav Petrou\u0161. &#8222;Necel\u00e9 dva roky po amputaci lev\u00e9 nohy nad kolenem jsem se rozhodl vyj\u00edt na nejvy\u0161\u0161\u00ed \u010deskou horu. Poprv\u00e9 to bylo pro malou Simonku, kter\u00e1 p\u0159i\u0161la o no\u017ei\u010dku kv\u016fli onkologick\u00e9mu onemocn\u011bn\u00ed. Z bl\u00e1zniv\u00e9ho n\u00e1padu se zrodila tradi\u010dn\u00ed charitativn\u00ed akce, kter\u00e1 rok od roku l\u00e1k\u00e1 v\u00edce lid\u00ed, a hlavn\u011b se n\u00e1m ka\u017ed\u00fd rok da\u0159\u00ed vybrat v\u00edce pen\u011bz pro handicapovan\u00e9 d\u011bti,&#8220; \u0159ekl Petrou\u0161.<\/p>\n<p>V\u00fdstup na Sn\u011b\u017eku se uskute\u010dn\u00ed op\u011bt posledn\u00ed kv\u011btnovou sobotu v dev\u011bt hodin v Peci pod Sn\u011b\u017ekou.<\/p>\n<p>Na Sn\u011b\u017eku se v\u017edy jde pro jedno konkr\u00e9tn\u00ed d\u00edt\u011b, ale vybran\u00e9 pen\u00edze pom\u00e1haj\u00ed i dal\u0161\u00edm t\u011b\u017ece zdravotn\u011b posti\u017een\u00fdm d\u011btem. Loni se vybralo neuv\u011b\u0159iteln\u00fdch 863 tis\u00edc pro celkem \u0161estn\u00e1ct d\u011bt\u00ed. &#8222;Letos douf\u00e1me, \u017ee spole\u010dn\u011b dos\u00e1hneme na magick\u00fd milion.<\/p>\n<p>\u017d\u00e1dost\u00ed o pomoc u\u017e nyn\u00ed evidujeme t\u0159i des\u00edtky. Pom\u00e1h\u00e1me d\u011btem nap\u0159\u00ed\u010d handicapy, pen\u00edze jsou pou\u017eity obvykle na rehabilita\u010dn\u00ed pobyty a kompenza\u010dn\u00ed pom\u016fcky, kter\u00e9 nehrad\u00ed poji\u0161\u0165ovny,&#8220; vysv\u011btlila spoluzakladatelka fondu Kate\u0159ina Klasnov\u00e1.<\/p>\n<p>V\u00fdstup na Sn\u011b\u017eku bude op\u011bt spojen s d\u011btsk\u00fdm dnem a \u0159adou atrakc\u00ed na centr\u00e1ln\u00edm parkovi\u0161ti v Peci pod Sn\u011b\u017ekou. Akce se mohou z\u00fa\u010dastnit v\u0161ichni, v\u010detn\u011b handicapovan\u00fdch.<\/p>\n<p>I letos jsou vyrobena speci\u00e1ln\u00ed benefi\u010dn\u00ed tri\u010dka s logem &#8222;Na Sn\u011b\u017eku pro Pavl\u00ednku&#8220;, kter\u00e1 jsou k zakoupen\u00ed na www.klapeto. eu. Koup\u00ed tri\u010dka v hodnot\u011b 200 korun m\u016f\u017eete tento den vyu\u017e\u00edt lanovku na Sn\u011b\u017eku a zp\u011bt zdarma. Lid\u00e9 mohou p\u0159isp\u011bt i na transparentn\u00ed \u00fa\u010det 2200692979\/2010.<\/p>\n<p>&#8222;Ka\u017ed\u00e1 vybran\u00e1 koruna jde na pomoc d\u011btem. Zakl\u00e1d\u00e1me si na tom, \u017ee pen\u00edze nepou\u017e\u00edv\u00e1me na re\u017eii a v\u0161ichni na\u0161i spolupracovn\u00edci jsou tak jako my dobrovoln\u00edci,&#8220; sv\u011b\u0159ili se Klasnov\u00e1 s Petrou\u0161em.<\/p>\n<p>Hradeck\u00fd den\u00edk<br \/>\n<a href=\"http:\/\/hradecky.denik.cz\/\">http:\/\/hradecky.denik.cz\/<\/a><\/p>\n","protected":false},"excerpt":{"rendered":"<div class=\"mh-excerpt\"><p>Jubilejn\u00ed p\u00e1t\u00fd ro\u010dn\u00edk charitativn\u00edho v\u00fdstupu na Sn\u011b\u017eku, bude v\u011bnov\u00e1n dvoulet\u00e9 Pavl\u00ednce Josiekov\u00e9 z Karvin\u00e9.<\/p>\n<\/div>","protected":false},"author":1,"featured_media":17096,"comment_status":"open","ping_status":"closed","sticky":false,"template":"","format":"standard","meta":{"footnotes":""},"categories":[9],"tags":[],"class_list":["post-27814","post","type-post","status-publish","format-standard","has-post-thumbnail","hentry","category-zpravy"],"_links":{"self":[{"href":"https:\/\/www.invarena.cz\/index.php?rest_route=\/wp\/v2\/posts\/27814","targetHints":{"allow":["GET"]}}],"collection":[{"href":"https:\/\/www.invarena.cz\/index.php?rest_route=\/wp\/v2\/posts"}],"about":[{"href":"https:\/\/www.invarena.cz\/index.php?rest_route=\/wp\/v2\/types\/post"}],"author":[{"embeddable":true,"href":"https:\/\/www.invarena.cz\/index.php?rest_route=\/wp\/v2\/users\/1"}],"replies":[{"embeddable":true,"href":"https:\/\/www.invarena.cz\/index.php?rest_route=%2Fwp%2Fv2%2Fcomments&post=27814"}],"version-history":[{"count":0,"href":"https:\/\/www.invarena.cz\/index.php?rest_route=\/wp\/v2\/posts\/27814\/revisions"}],"wp:featuredmedia":[{"embeddable":true,"href":"https:\/\/www.invarena.cz\/index.php?rest_route=\/wp\/v2\/media\/17096"}],"wp:attachment":[{"href":"https:\/\/www.invarena.cz\/index.php?rest_route=%2Fwp%2Fv2%2Fmedia&parent=27814"}],"wp:term":[{"taxonomy":"category","embeddable":true,"href":"https:\/\/www.invarena.cz\/index.php?rest_route=%2Fwp%2Fv2%2Fcategories&post=27814"},{"taxonomy":"post_tag","embeddable":true,"href":"https:\/\/www.invarena.cz\/index.php?rest_route=%2Fwp%2Fv2%2Ftags&post=27814"}],"curies":[{"name":"wp","href":"https:\/\/api.w.org\/{rel}","templated":true}]}}