{"id":27850,"date":"2017-04-06T12:05:14","date_gmt":"2017-04-06T10:05:14","guid":{"rendered":"http:\/\/www.invarena.cz\/?p=27850"},"modified":"2017-04-06T12:05:14","modified_gmt":"2017-04-06T10:05:14","slug":"mpsv-podpora-seniorskych-aktivit-je-pro-nas-dulezita","status":"publish","type":"post","link":"https:\/\/www.invarena.cz\/?p=27850","title":{"rendered":"MPSV: Podpora seniorsk\u00fdch aktivit je pro n\u00e1s d\u016fle\u017eit\u00e1!"},"content":{"rendered":"<p><strong>Ministerstvo pr\u00e1ce a soci\u00e1ln\u00edch v\u011bc\u00ed letos ji\u017e podruh\u00e9 vyhl\u00e1silo dota\u010dn\u00ed titul pro samospr\u00e1vu na podporu aktivit v r\u00e1mci politiky st\u00e1rnut\u00ed. Krajsk\u00e9 \u00fa\u0159ady mohou sv\u00e9 \u017e\u00e1dosti zas\u00edlat a\u017e do 14. dubna. Na p\u0159erozd\u011blen\u00ed v r\u00e1mci dota\u010dn\u00edho programu je alokov\u00e1no 14 milion\u016f korun ze st\u00e1tn\u00edho rozpo\u010dtu.<\/strong><br \/>\n<!--more--><br \/>\n\u201eJe pro n\u00e1s d\u016fle\u017eit\u00e9 podporovat kraje v tom, aby poskytly sv\u00fdm star\u0161\u00edm ob\u010dan\u016fm \u0161irokou nab\u00eddku aktivit pro voln\u00fd \u010das, ale i informa\u010dn\u00ed podporu \u010di poradenstv\u00ed,\u201c \u0159ekla ministryn\u011b pr\u00e1ce a soci\u00e1ln\u00edch v\u011bc\u00ed Michaela Marksov\u00e1.<\/p>\n<p>Dota\u010dn\u00ed program na podporu krajsk\u00e9 samospr\u00e1vy v oblasti st\u00e1rnut\u00ed se skl\u00e1d\u00e1 z p\u011bti podprogram\u016f a krajsk\u00e9 samospr\u00e1vy si mohou \u017e\u00e1dat o finan\u010dn\u00ed podporu na:<\/p>\n<p>z\u0159\u00edzen\u00ed \u010di provoz informa\u010dn\u00edch a metodick\u00fdch center (tzv. Senior point\u016f)<br \/>\nbezpe\u010dnostn\u00ed akce senior\u016f<br \/>\nrozvoj ob\u010dansk\u00fdch kompetenc\u00ed<br \/>\nmezigenera\u010dn\u00ed spolupr\u00e1ci<br \/>\ninforma\u010dn\u00ed a osv\u011btov\u00e9 kampan\u011b<\/p>\n<p>\u201eChceme podporovat r\u016fzn\u00e9 oblasti z\u00e1jmov\u00fdch aktivit, kter\u00e9 mohou kraje pro realizaci n\u00e1sledn\u00fdch projekt\u016f vyu\u017e\u00edt,\u201c dodala ministryn\u011b Markov\u00e1.<\/p>\n<p>Petr Hab\u00e1\u0148<br \/>\ntiskov\u00fd mluv\u010d\u00ed MPSV<\/p>\n","protected":false},"excerpt":{"rendered":"<div class=\"mh-excerpt\"><p>Ministerstvo pr\u00e1ce a soci\u00e1ln\u00edch v\u011bc\u00ed letos ji\u017e podruh\u00e9 vyhl\u00e1silo dota\u010dn\u00ed titul pro samospr\u00e1vu na podporu aktivit v r\u00e1mci politiky st\u00e1rnut\u00ed. Krajsk\u00e9 \u00fa\u0159ady mohou sv\u00e9 \u017e\u00e1dosti <a class=\"mh-excerpt-more\" href=\"https:\/\/www.invarena.cz\/?p=27850\" title=\"MPSV: Podpora seniorsk\u00fdch aktivit je pro n\u00e1s d\u016fle\u017eit\u00e1!\">[&#8230;]<\/a><\/p>\n<\/div>","protected":false},"author":1,"featured_media":23101,"comment_status":"open","ping_status":"closed","sticky":false,"template":"","format":"standard","meta":{"footnotes":""},"categories":[9],"tags":[],"class_list":["post-27850","post","type-post","status-publish","format-standard","has-post-thumbnail","hentry","category-zpravy"],"_links":{"self":[{"href":"https:\/\/www.invarena.cz\/index.php?rest_route=\/wp\/v2\/posts\/27850","targetHints":{"allow":["GET"]}}],"collection":[{"href":"https:\/\/www.invarena.cz\/index.php?rest_route=\/wp\/v2\/posts"}],"about":[{"href":"https:\/\/www.invarena.cz\/index.php?rest_route=\/wp\/v2\/types\/post"}],"author":[{"embeddable":true,"href":"https:\/\/www.invarena.cz\/index.php?rest_route=\/wp\/v2\/users\/1"}],"replies":[{"embeddable":true,"href":"https:\/\/www.invarena.cz\/index.php?rest_route=%2Fwp%2Fv2%2Fcomments&post=27850"}],"version-history":[{"count":0,"href":"https:\/\/www.invarena.cz\/index.php?rest_route=\/wp\/v2\/posts\/27850\/revisions"}],"wp:featuredmedia":[{"embeddable":true,"href":"https:\/\/www.invarena.cz\/index.php?rest_route=\/wp\/v2\/media\/23101"}],"wp:attachment":[{"href":"https:\/\/www.invarena.cz\/index.php?rest_route=%2Fwp%2Fv2%2Fmedia&parent=27850"}],"wp:term":[{"taxonomy":"category","embeddable":true,"href":"https:\/\/www.invarena.cz\/index.php?rest_route=%2Fwp%2Fv2%2Fcategories&post=27850"},{"taxonomy":"post_tag","embeddable":true,"href":"https:\/\/www.invarena.cz\/index.php?rest_route=%2Fwp%2Fv2%2Ftags&post=27850"}],"curies":[{"name":"wp","href":"https:\/\/api.w.org\/{rel}","templated":true}]}}