{"id":27860,"date":"2017-04-06T07:16:34","date_gmt":"2017-04-06T05:16:34","guid":{"rendered":"http:\/\/www.invarena.cz\/?p=27860"},"modified":"2017-04-06T07:21:23","modified_gmt":"2017-04-06T05:21:23","slug":"den-zdravi-trutnovske-nemocnice-muzete-navstivit-uz-12-dubna","status":"publish","type":"post","link":"https:\/\/www.invarena.cz\/?p=27860","title":{"rendered":"Den zdrav\u00ed trutnovsk\u00e9 nemocnice m\u016f\u017eete nav\u0161t\u00edvit u\u017e 12. dubna"},"content":{"rendered":"<p><strong>Pomoc t\u011b\u017ece pohybliv\u00fdmi pacient\u016fm a jejich rodin\u00e1m a prevence proti c\u00e9vn\u00ed mozkov\u00e9 p\u0159\u00edhod\u011b \u2013 to je spole\u010dn\u00e9 t\u00e9ma bl\u00ed\u017e\u00edc\u00edho se Dne zdrav\u00ed, kter\u00fd na 12. dubna p\u0159ipravili zdravotn\u00edci z trutnovsk\u00e9 nemocnice. <\/strong><!--more--><\/p>\n<p>Od 13 hodin za nimi m\u016f\u017eete p\u0159ij\u00edt do velk\u00e9ho s\u00e1lu m\u011bstsk\u00e9ho \u00fa\u0159adu v Trutnov\u011b. M\u016f\u017eete si zde nechat zm\u011b\u0159it tlak a vyzkou\u0161et si n\u00e1cvik prvn\u00ed pomoci na modelu \u010dlov\u011bka. Z\u00edsk\u00e1te tak\u00e9 cenn\u00e9 informace o tom, jak se starat o sv\u00e9 bl\u00edzk\u00e9 upoutan\u00e9 na l\u016f\u017eko, kde si p\u016fj\u010dit pot\u0159ebn\u00e9 pom\u016fcky a tak\u00e9 jak dos\u00e1hnout na finan\u010dn\u00ed podporu.<\/p>\n<p>\u201eAkce je ur\u010dena \u0161irok\u00e9 ve\u0159ejnosti a t\u00e9mata budeme p\u0159edstavovat a prezentovat ve \u010dty\u0159ech \u00fasec\u00edch. B\u011bhem odpoledne budeme vysv\u011btlovat, odpov\u00eddat na dotazy a naslouchat a radit v\u0161em, kte\u0159\u00ed to pot\u0159ebuj\u00ed. R\u00e1di v\u0161em odpov\u00edme a leccos si budou moci z\u00e1jemci sami vyzkou\u0161et,\u201c vysv\u011btlila Tereza Dud\u00e1\u010dkov\u00e1, vrchn\u00ed sestra rehabilita\u010dn\u00edho odd\u011blen\u00ed. Na t\u00e9to akci budou asistovat studentky St\u0159edn\u00ed zdravotnick\u00e9 \u0161koly a VO\u0160 Trutnov, se kterou nemocnice spolupracuje.<\/p>\n<p><strong>Dostanete rady, kde si p\u016fj\u010dit pom\u016fcku a kde po\u017e\u00e1dat o podporu<\/strong><\/p>\n<p>Na t\u00e9ma Pomoc imobiln\u00edm pacient\u016fm a jejich rodin\u00e1m v r\u00e1mci soci\u00e1ln\u00edho syst\u00e9mu pohovo\u0159\u00ed zdravotn\u011b -soci\u00e1ln\u00ed pracovnice Petra Matu\u0161\u00edkov\u00e1, kter\u00e1 je zdravotn\u011b-soci\u00e1ln\u00ed pracovnic\u00ed trutnovsk\u00e9 nemocnice. Denn\u011b nav\u0161t\u011bvuje nejr\u016fzn\u011bj\u0161\u00ed odd\u011blen\u00ed nemocnice Trutnov a ve spolupr\u00e1ci vrchn\u00edmi, nebo stani\u010dn\u00edmu sestrami pom\u00e1h\u00e1 pacient\u016fm, kte\u0159\u00ed se dostali do t\u011b\u017ek\u00e9 situace zp\u016fsoben\u00e9 jejich zdravotn\u00edm stavem, zajisti dal\u0161\u00ed p\u00e9\u010di o n\u011b mimo nemocnici. Zaji\u0161\u0165uje n\u00e1sledn\u00e1 l\u016f\u017eka, komunikuje s rodinami a nab\u00edz\u00ed jim mo\u017enosti dal\u0161\u00ed p\u00e9\u010de.<\/p>\n<p>Na Dni zdrav\u00ed oz\u0159ejm\u00ed, v \u010dem spo\u010d\u00edv\u00e1 n\u00e1sledn\u00e1 o\u0161et\u0159ovatelsk\u00e9 p\u00e9\u010de o imobiln\u00ed pacienty a kde ji pro n\u011b m\u016f\u017ee zajistit: \u201eSezn\u00e1m\u00edm s mo\u017enostmi soci\u00e1ln\u00edch d\u00e1vek a p\u0159\u00edsp\u011bvk\u016f v p\u0159\u00edpad\u011b, kdy se o o\u0161et\u0159ov\u00e1n\u00ed nepohybliv\u00e9ho pacienta staraj\u00ed \u010dlenov\u00e9 rodiny v dom\u00e1c\u00edm prost\u0159ed\u00ed, a porad\u00edm, jak o tyto p\u0159\u00edsp\u011bvky po\u017e\u00e1dat.\u201c<\/p>\n<p>Pro p\u00e9\u010di o imobiln\u00ed pacienty v dom\u00e1c\u00edm prost\u0159ed\u00ed jsou nezbytn\u00e9 kompenza\u010dn\u00ed pom\u016fcky. Na m\u00edst\u011b odborn\u00edci porad\u00ed, kde je tyto pom\u016fcky mo\u017en\u00e9 zap\u016fj\u010dit, a to v\u010detn\u011b polohovac\u00edch l\u016f\u017eek, chod\u00edtek, \u010di antidekubitn\u00edch matrac\u00ed.<\/p>\n<p>\u201eN\u00e1zorn\u011b p\u0159edvedeme polohov\u00e1n\u00ed imobiln\u00edch pacient\u016f na l\u016f\u017eku za pomoci polohovac\u00edch pom\u016fcek. A p\u0159edstav\u00edme tak\u00e9 pom\u016fcky pro pacienty, kter\u00fdm se zdravotn\u00ed stav zlep\u0161\u00ed a mohou se \u010d\u00e1ste\u010dn\u011b sami pohybovat,\u201c \u0159\u00edk\u00e1 Tereza Dud\u00e1\u010dkov\u00e1.<\/p>\n<p><strong>I pacient v bezv\u011bdom\u00ed \u010di hlubok\u00e9m sp\u00e1nku vn\u00edm\u00e1 podn\u011bty z okol\u00ed <\/strong><\/p>\n<p>Baz\u00e1ln\u00ed stimulace je dal\u0161\u00edm t\u00e9matem, kter\u00e9mu se na Dni zdrav\u00ed budou sest\u0159i\u010dky a dal\u0161\u00ed odborn\u00edci v\u011bnovat. \u201eTento pon\u011bkud slo\u017eit\u00fd pojem p\u0159edstavuje nab\u00eddku podn\u011bt\u016f t\u011b\u017ece posti\u017een\u00e9mu \u010dlov\u011bku. Baz\u00e1ln\u00ed stimulace se sna\u017e\u00ed uk\u00e1zat cestu k nav\u00e1z\u00e1n\u00ed kontaktu s t\u011b\u017ece posti\u017een\u00fdmi jedinci a pokou\u0161\u00ed se jim nab\u00eddnout mo\u017enosti pro jejich osobnostn\u00ed rozvoj,\u201c \u0159\u00edk\u00e1 vrchn\u00ed sestra ARO trutnovsk\u00e9 nemocnice Vlasta B\u00edlkov\u00e1 a dod\u00e1v\u00e1: \u201eVe\u0159ejnosti na Dni zdrav\u00ed v\u0161e vysv\u011btl\u00edme pot\u0159ebu spolupr\u00e1ce a komunikace s rodinou pacienta nap\u0159\u00edklad u pacient\u016f v bezv\u011bdom\u00ed. Pro jejich psychick\u00fd stav je baz\u00e1ln\u00ed stimulace velmi d\u016fle\u017eit\u00e1.\u201c<\/p>\n<p><strong>Prevenc\u00ed t\u011b\u017ek\u00e9ho posti\u017een\u00ed je v\u010das odhalit p\u0159\u00edznaky CMP<\/strong><\/p>\n<p>Co se t\u00fdk\u00e1 C\u00e9vn\u00ed mozkov\u00e9 p\u0159\u00edhody (CMP), kter\u00e1 m\u00e1 na sv\u011bdom\u00ed \u0159adu t\u011b\u017ek\u00fdch posti\u017een\u00ed v\u010detn\u011b posti\u017een\u00ed pohybov\u00e9ho, dostane ve\u0159ejnost d\u016fle\u017eit\u00e9 rady. \u201eZd\u016frazn\u00edme p\u0159edev\u0161\u00edm nepodce\u0148ovat prvn\u00ed p\u0159\u00edznaky CPM, proto\u017ee nejd\u016fle\u017eit\u011bj\u0161\u00ed je v\u010dasn\u00e9 odhalen\u00ed diagn\u00f3zy a l\u00e9\u010dba. Zde jde opravdu o ka\u017edou minutu,\u201c uvedla Michaela Rado\u0148ov\u00e1, vrchn\u00ed sestra neurologick\u00e9ho odd\u011blen\u00ed.<\/p>\n<p>\u201eNelze podce\u0148ovat vysok\u00e9 hodnoty krevn\u00edho tlaku, kter\u00fd je prvn\u00ed indici\u00ed pro eventu\u00e1ln\u00ed vznik CMP. Vysok\u00fd krevn\u00ed tlak nebol\u00ed, ale je \u010dasovanou bombou,\u201c varovala. Mezi dal\u0161\u00ed faktory pat\u0159\u00ed Diabetes mellitus II. typu, obezita, vysok\u00e9 hodnoty krevn\u00edch tuk\u016f, kou\u0159en\u00ed a nezdrav\u00fd \u017eivotn\u00ed styl.<\/p>\n","protected":false},"excerpt":{"rendered":"<div class=\"mh-excerpt\"><p>Pomoc t\u011b\u017ece pohybliv\u00fdmi pacient\u016fm a jejich rodin\u00e1m a prevence proti c\u00e9vn\u00ed mozkov\u00e9 p\u0159\u00edhod\u011b \u2013 to je spole\u010dn\u00e9 t\u00e9ma bl\u00ed\u017e\u00edc\u00edho se Dne zdrav\u00ed, kter\u00fd na 12. <a class=\"mh-excerpt-more\" href=\"https:\/\/www.invarena.cz\/?p=27860\" title=\"Den zdrav\u00ed trutnovsk\u00e9 nemocnice m\u016f\u017eete nav\u0161t\u00edvit u\u017e 12. dubna\">[&#8230;]<\/a><\/p>\n<\/div>","protected":false},"author":1,"featured_media":21447,"comment_status":"open","ping_status":"closed","sticky":false,"template":"","format":"standard","meta":{"footnotes":""},"categories":[9],"tags":[],"class_list":["post-27860","post","type-post","status-publish","format-standard","has-post-thumbnail","hentry","category-zpravy"],"_links":{"self":[{"href":"https:\/\/www.invarena.cz\/index.php?rest_route=\/wp\/v2\/posts\/27860","targetHints":{"allow":["GET"]}}],"collection":[{"href":"https:\/\/www.invarena.cz\/index.php?rest_route=\/wp\/v2\/posts"}],"about":[{"href":"https:\/\/www.invarena.cz\/index.php?rest_route=\/wp\/v2\/types\/post"}],"author":[{"embeddable":true,"href":"https:\/\/www.invarena.cz\/index.php?rest_route=\/wp\/v2\/users\/1"}],"replies":[{"embeddable":true,"href":"https:\/\/www.invarena.cz\/index.php?rest_route=%2Fwp%2Fv2%2Fcomments&post=27860"}],"version-history":[{"count":0,"href":"https:\/\/www.invarena.cz\/index.php?rest_route=\/wp\/v2\/posts\/27860\/revisions"}],"wp:featuredmedia":[{"embeddable":true,"href":"https:\/\/www.invarena.cz\/index.php?rest_route=\/wp\/v2\/media\/21447"}],"wp:attachment":[{"href":"https:\/\/www.invarena.cz\/index.php?rest_route=%2Fwp%2Fv2%2Fmedia&parent=27860"}],"wp:term":[{"taxonomy":"category","embeddable":true,"href":"https:\/\/www.invarena.cz\/index.php?rest_route=%2Fwp%2Fv2%2Fcategories&post=27860"},{"taxonomy":"post_tag","embeddable":true,"href":"https:\/\/www.invarena.cz\/index.php?rest_route=%2Fwp%2Fv2%2Ftags&post=27860"}],"curies":[{"name":"wp","href":"https:\/\/api.w.org\/{rel}","templated":true}]}}