{"id":27872,"date":"2017-04-06T13:40:16","date_gmt":"2017-04-06T11:40:16","guid":{"rendered":"http:\/\/www.invarena.cz\/?p=27872"},"modified":"2017-04-06T13:40:16","modified_gmt":"2017-04-06T11:40:16","slug":"jirka-skuthan-se-pere-s-nasledky-urazu-a-vi-ze-uz-nikdy-nebude-chodit","status":"publish","type":"post","link":"https:\/\/www.invarena.cz\/?p=27872","title":{"rendered":"Jirka \u0160kuthan se pere s n\u00e1sledky \u00farazu a v\u00ed, \u017ee u\u017e nikdy nebude chodit"},"content":{"rendered":"<p><strong>Pr\u00e1zdninov\u00e1 koupa\u010dka s\u00a0kamar\u00e1dy tot\u00e1ln\u011b zm\u011bnila \u017eivot sedmn\u00e1ctilet\u00e9mu Jirkovi \u0160kuthanovi ze Sv\u011btce. B\u011bhem p\u00e1r vte\u0159in se ze zdrav\u00e9ho sportovn\u011b nadan\u00e9ho kluka, za kter\u00fdm se se zal\u00edben\u00edm ohl\u00e9dla nejedna holka, stal \u010dlov\u011bk, kter\u00fd bude do\u017eivotn\u011b odk\u00e1zan\u00fd na invalidn\u00ed voz\u00edk. V\u00a0sobotu se v\u00a0Probo\u0161tov\u011b na Teplicku kon\u00e1 velk\u00e1 benefi\u010dn\u00ed akce na jeho podporu.<\/strong><!--more--><\/p>\n<p>Cel\u00fd \u010dl\u00e1nek <a href=\"http:\/\/www.denik.cz\/regiony\/foto-jirka-skuthan-se-pere-s-nasledky-urazu-a-vi-ze-uz-nikdy-nebude-chodit-20170405.html\">ZDE<\/a><\/p>\n","protected":false},"excerpt":{"rendered":"<div class=\"mh-excerpt\"><p>Pr\u00e1zdninov\u00e1 koupa\u010dka s\u00a0kamar\u00e1dy tot\u00e1ln\u011b zm\u011bnila \u017eivot sedmn\u00e1ctilet\u00e9mu Jirkovi \u0160kuthanovi ze Sv\u011btce. B\u011bhem p\u00e1r vte\u0159in se ze zdrav\u00e9ho sportovn\u011b nadan\u00e9ho kluka, za kter\u00fdm se se zal\u00edben\u00edm <a class=\"mh-excerpt-more\" href=\"https:\/\/www.invarena.cz\/?p=27872\" title=\"Jirka \u0160kuthan se pere s n\u00e1sledky \u00farazu a v\u00ed, \u017ee u\u017e nikdy nebude chodit\">[&#8230;]<\/a><\/p>\n<\/div>","protected":false},"author":1,"featured_media":0,"comment_status":"open","ping_status":"closed","sticky":false,"template":"","format":"standard","meta":{"footnotes":""},"categories":[9],"tags":[],"class_list":["post-27872","post","type-post","status-publish","format-standard","hentry","category-zpravy"],"_links":{"self":[{"href":"https:\/\/www.invarena.cz\/index.php?rest_route=\/wp\/v2\/posts\/27872","targetHints":{"allow":["GET"]}}],"collection":[{"href":"https:\/\/www.invarena.cz\/index.php?rest_route=\/wp\/v2\/posts"}],"about":[{"href":"https:\/\/www.invarena.cz\/index.php?rest_route=\/wp\/v2\/types\/post"}],"author":[{"embeddable":true,"href":"https:\/\/www.invarena.cz\/index.php?rest_route=\/wp\/v2\/users\/1"}],"replies":[{"embeddable":true,"href":"https:\/\/www.invarena.cz\/index.php?rest_route=%2Fwp%2Fv2%2Fcomments&post=27872"}],"version-history":[{"count":0,"href":"https:\/\/www.invarena.cz\/index.php?rest_route=\/wp\/v2\/posts\/27872\/revisions"}],"wp:attachment":[{"href":"https:\/\/www.invarena.cz\/index.php?rest_route=%2Fwp%2Fv2%2Fmedia&parent=27872"}],"wp:term":[{"taxonomy":"category","embeddable":true,"href":"https:\/\/www.invarena.cz\/index.php?rest_route=%2Fwp%2Fv2%2Fcategories&post=27872"},{"taxonomy":"post_tag","embeddable":true,"href":"https:\/\/www.invarena.cz\/index.php?rest_route=%2Fwp%2Fv2%2Ftags&post=27872"}],"curies":[{"name":"wp","href":"https:\/\/api.w.org\/{rel}","templated":true}]}}