{"id":27877,"date":"2017-04-06T13:58:26","date_gmt":"2017-04-06T11:58:26","guid":{"rendered":"http:\/\/www.invarena.cz\/?p=27877"},"modified":"2017-04-06T13:58:26","modified_gmt":"2017-04-06T11:58:26","slug":"leky-na-parkinsona-z-nej-udelaly-textare","status":"publish","type":"post","link":"https:\/\/www.invarena.cz\/?p=27877","title":{"rendered":"L\u00e9ky na Parkinsona z n\u011bj ud\u011blaly texta\u0159e"},"content":{"rendered":"<p><strong>Neobvykl\u00fd dar m\u00e1 b\u00fdval\u00fd str\u00e1\u017en\u00edk Robert Jir\u00e1k. P\u0159esto\u017ee trp\u00ed Parkinsonovou nemoc\u00ed a m\u00e1 omezenou pohyblivost, kdy\u017e sly\u0161\u00ed anglickou p\u00edsni\u010dku, vybav\u00ed se mu k n\u00ed \u010desk\u00fd text. Anglicky ale neum\u00ed.<\/strong> <!--more--><\/p>\n<p>\u00dast\u00ed n. L. \u2013 &#8222;Slova m\u011b inspiruj\u00ed, do t\u0159\u00ed dn\u016f m\u00e1m text, a kdy\u017e je mi mizern\u011b, je dost smutn\u00fd. Prost\u011b ze m\u011b slova padaj\u00ed, u\u017e te\u010f se o n\u011b perou dv\u011b m\u00edstn\u00ed kapely,&#8220; popisuje svou radost i proklet\u00ed mu\u017e z Nov\u00e9ho Old\u0159ichova u \u010cesk\u00e9 L\u00edpy. Jeho chlouba je hit Mandy od Barryho Manilova, zp\u00edv\u00e1 ji jako Jen vejdi. Za v\u0161e pr\u00fd mohou zat\u00edm neschv\u00e1len\u00e9 l\u00e9ky z USA l\u00e9\u010d\u00edc\u00ed Parkinsonovu nemoc. Odborn\u00edci je na n\u011bm testuj\u00ed.<\/p>\n<p>&#8222;Mo\u017en\u00e1 se budou d\u00edt zvl\u00e1\u0161tn\u00ed v\u011bci, \u0159ekla mi l\u00e9ka\u0159ka, kdy\u017e mi l\u00e9ky nab\u00eddla. N\u011bkdo po nich m\u00e1 barevn\u00e9 sny, jin\u00ed p\u011bkn\u011b fot\u00ed, p\u00ed\u0161\u00ed b\u00e1sni\u010dky \u010di maluj\u00ed. J\u00e1 mohu ps\u00e1t texty,&#8220; \u0159\u00edk\u00e1 48let\u00fd Robert Jir\u00e1k.<\/p>\n<p>Jako parkinsonik v invalidn\u00edm d\u016fchodu to m\u00e1 pr\u00fd t\u011b\u017ek\u00e9. Dopoledne a p\u0159es den je v pohod\u011b, k ve\u010deru se pro n\u011bj ale pohyb st\u00e1v\u00e1 t\u011b\u017ek\u00fd. Na to, \u017ee je nemocn\u00fd, p\u0159i\u0161el p\u0159ed p\u00e1r lety, kdy\u017e je\u0161t\u011b jako str\u00e1\u017en\u00edk d\u011blal sebeobranu, karate a \u0161erm. Za\u010dal b\u00fdt v\u00edc unaven\u00fd, pak ale p\u0159i z\u00e1sahu v pr\u00e1ci najednou nemohl zareagovat a rozklepal se. P\u0159esnou diagn\u00f3zu mu \u0159ekli a\u017e v pra\u017esk\u00e9m Motole. Na \u010das dostal invalidn\u00ed d\u016fchod, poslali ho do l\u00e1zn\u00ed, kde se rozh\u00fdbal.<\/p>\n<p>D\u00c1VAJ\u00cd RUCE PRY\u010c<\/p>\n<p>&#8222;Operovali mi koleno, brzo m\u011b \u010dek\u00e1 \u010dtvrt\u00e1 operace. L\u00e9ka\u0159\u016fm se ale do operac\u00ed parkinsonik\u016f moc nechce. S touto nemoc\u00ed si p\u0159ipad\u00e1te jako ob\u010dan \u010dtvrt\u00e9 kategorie,&#8220; je Jir\u00e1k zklaman\u00fd.<\/p>\n<p>Cht\u011bl zp\u011bt k m\u011bstsk\u00e9 policii, ale s jeho diagn\u00f3zou ho i p\u0159es dlouholet\u00e9 zku\u0161enosti nevzali. D\u00e1l chce b\u00fdt u\u017eite\u010dn\u00fd a paradoxn\u011b mu to umo\u017e\u0148uj\u00ed l\u00e9ky na jeho nemoc. &#8222;V\u00edc se mi da\u0159\u00ed pomal\u00e9 p\u00edsni\u010dky, textovat pro kapelu je m\u016fj sen, kter\u00fd se pomalu pln\u00ed. Ale kdy\u017e n\u011bkdo sly\u0161\u00ed, \u017ee jsem parkinsonik, d\u00e1 ode m\u011b ruce pry\u010d. Ale to snad \u010dasem zlom\u00edm,&#8220; v\u011b\u0159\u00ed Jir\u00e1k.<\/p>\n<p>RADEK STRNAD<br \/>\n\u00dasteck\u00fd den\u00edk<br \/>\n<a href=\"http:\/\/www.ustecky.denik.cz\/\">http:\/\/www.ustecky.denik.cz\/<\/a><\/p>\n","protected":false},"excerpt":{"rendered":"<div class=\"mh-excerpt\"><p>Neobvykl\u00fd dar m\u00e1 b\u00fdval\u00fd str\u00e1\u017en\u00edk Robert Jir\u00e1k. P\u0159esto\u017ee trp\u00ed Parkinsonovou nemoc\u00ed a m\u00e1 omezenou pohyblivost, kdy\u017e sly\u0161\u00ed anglickou p\u00edsni\u010dku, vybav\u00ed se mu k n\u00ed \u010desk\u00fd <a class=\"mh-excerpt-more\" href=\"https:\/\/www.invarena.cz\/?p=27877\" title=\"L\u00e9ky na Parkinsona z n\u011bj ud\u011blaly texta\u0159e\">[&#8230;]<\/a><\/p>\n<\/div>","protected":false},"author":1,"featured_media":0,"comment_status":"open","ping_status":"closed","sticky":false,"template":"","format":"standard","meta":{"footnotes":""},"categories":[9],"tags":[],"class_list":["post-27877","post","type-post","status-publish","format-standard","hentry","category-zpravy"],"_links":{"self":[{"href":"https:\/\/www.invarena.cz\/index.php?rest_route=\/wp\/v2\/posts\/27877","targetHints":{"allow":["GET"]}}],"collection":[{"href":"https:\/\/www.invarena.cz\/index.php?rest_route=\/wp\/v2\/posts"}],"about":[{"href":"https:\/\/www.invarena.cz\/index.php?rest_route=\/wp\/v2\/types\/post"}],"author":[{"embeddable":true,"href":"https:\/\/www.invarena.cz\/index.php?rest_route=\/wp\/v2\/users\/1"}],"replies":[{"embeddable":true,"href":"https:\/\/www.invarena.cz\/index.php?rest_route=%2Fwp%2Fv2%2Fcomments&post=27877"}],"version-history":[{"count":0,"href":"https:\/\/www.invarena.cz\/index.php?rest_route=\/wp\/v2\/posts\/27877\/revisions"}],"wp:attachment":[{"href":"https:\/\/www.invarena.cz\/index.php?rest_route=%2Fwp%2Fv2%2Fmedia&parent=27877"}],"wp:term":[{"taxonomy":"category","embeddable":true,"href":"https:\/\/www.invarena.cz\/index.php?rest_route=%2Fwp%2Fv2%2Fcategories&post=27877"},{"taxonomy":"post_tag","embeddable":true,"href":"https:\/\/www.invarena.cz\/index.php?rest_route=%2Fwp%2Fv2%2Ftags&post=27877"}],"curies":[{"name":"wp","href":"https:\/\/api.w.org\/{rel}","templated":true}]}}