{"id":27895,"date":"2017-04-07T11:35:47","date_gmt":"2017-04-07T09:35:47","guid":{"rendered":"http:\/\/www.invarena.cz\/?p=27895"},"modified":"2017-04-07T11:35:47","modified_gmt":"2017-04-07T09:35:47","slug":"skolni-revoluce-budi-obavy-spoji-deti-z-beznych-a-praktickych-skol","status":"publish","type":"post","link":"https:\/\/www.invarena.cz\/?p=27895","title":{"rendered":"\u0160koln\u00ed revoluce bud\u00ed obavy. Spoj\u00ed d\u011bti z b\u011b\u017en\u00fdch a praktick\u00fdch \u0161kol"},"content":{"rendered":"<p><strong>Letos poprv\u00e9 p\u0159ijdou k z\u00e1pisu do z\u00e1kladn\u00edch \u0161kol d\u011bti, kter\u00e9 by d\u0159\u00edve mohly nastoupit do praktick\u00fdch \u0161kol. Do b\u011b\u017en\u00e9 z\u00e1kladky tak zam\u00ed\u0159\u00ed d\u011bti s n\u011bkter\u00fdmi formami autismu a poruchami u\u010den\u00ed. Ob\u00e1vaj\u00ed se toho \u0159editel\u00e9 i rodi\u010de.<\/strong><!--more--><\/p>\n<p>Cel\u00fd \u010dl\u00e1nek <a href=\"http:\/\/zlin.idnes.cz\/inkluze-na-zakladnich-skolach-zacina-dv5-\/zlin-zpravy.aspx?c=A170406_2317494_zlin-zpravy_ras\">ZDE<\/a><\/p>\n","protected":false},"excerpt":{"rendered":"<div class=\"mh-excerpt\"><p>Letos poprv\u00e9 p\u0159ijdou k z\u00e1pisu do z\u00e1kladn\u00edch \u0161kol d\u011bti, kter\u00e9 by d\u0159\u00edve mohly nastoupit do praktick\u00fdch \u0161kol. Do b\u011b\u017en\u00e9 z\u00e1kladky tak zam\u00ed\u0159\u00ed d\u011bti s n\u011bkter\u00fdmi <a class=\"mh-excerpt-more\" href=\"https:\/\/www.invarena.cz\/?p=27895\" title=\"\u0160koln\u00ed revoluce bud\u00ed obavy. Spoj\u00ed d\u011bti z b\u011b\u017en\u00fdch a praktick\u00fdch \u0161kol\">[&#8230;]<\/a><\/p>\n<\/div>","protected":false},"author":1,"featured_media":14680,"comment_status":"open","ping_status":"closed","sticky":false,"template":"","format":"standard","meta":{"footnotes":""},"categories":[9],"tags":[],"class_list":["post-27895","post","type-post","status-publish","format-standard","has-post-thumbnail","hentry","category-zpravy"],"_links":{"self":[{"href":"https:\/\/www.invarena.cz\/index.php?rest_route=\/wp\/v2\/posts\/27895","targetHints":{"allow":["GET"]}}],"collection":[{"href":"https:\/\/www.invarena.cz\/index.php?rest_route=\/wp\/v2\/posts"}],"about":[{"href":"https:\/\/www.invarena.cz\/index.php?rest_route=\/wp\/v2\/types\/post"}],"author":[{"embeddable":true,"href":"https:\/\/www.invarena.cz\/index.php?rest_route=\/wp\/v2\/users\/1"}],"replies":[{"embeddable":true,"href":"https:\/\/www.invarena.cz\/index.php?rest_route=%2Fwp%2Fv2%2Fcomments&post=27895"}],"version-history":[{"count":0,"href":"https:\/\/www.invarena.cz\/index.php?rest_route=\/wp\/v2\/posts\/27895\/revisions"}],"wp:featuredmedia":[{"embeddable":true,"href":"https:\/\/www.invarena.cz\/index.php?rest_route=\/wp\/v2\/media\/14680"}],"wp:attachment":[{"href":"https:\/\/www.invarena.cz\/index.php?rest_route=%2Fwp%2Fv2%2Fmedia&parent=27895"}],"wp:term":[{"taxonomy":"category","embeddable":true,"href":"https:\/\/www.invarena.cz\/index.php?rest_route=%2Fwp%2Fv2%2Fcategories&post=27895"},{"taxonomy":"post_tag","embeddable":true,"href":"https:\/\/www.invarena.cz\/index.php?rest_route=%2Fwp%2Fv2%2Ftags&post=27895"}],"curies":[{"name":"wp","href":"https:\/\/api.w.org\/{rel}","templated":true}]}}