{"id":27916,"date":"2017-04-10T12:41:18","date_gmt":"2017-04-10T10:41:18","guid":{"rendered":"http:\/\/www.invarena.cz\/?p=27916"},"modified":"2017-04-10T12:41:18","modified_gmt":"2017-04-10T10:41:18","slug":"jan-esterle-vede-nevidome-klaviristy-uci-se-kvuli-nim-noty-v-braillove-pismu","status":"publish","type":"post","link":"https:\/\/www.invarena.cz\/?p=27916","title":{"rendered":"Jan Esterle vede nevidom\u00e9 klav\u00edristy. U\u010d\u00ed se kv\u016fli nim noty v Braillov\u011b p\u00edsmu"},"content":{"rendered":"<p><strong>Plze\u0148 \u2013 Jan Esterle m\u011bl se sv\u00fdm o deset let star\u0161\u00edm bratrem Miloslavem obl\u00edben\u00fd d\u011btsk\u00fd ritu\u00e1l. Oba milovali ma\u0161inky, a tak se ve voln\u00fdch chv\u00edl\u00edch vydali na l\u00e1vku p\u0159es plze\u0148sk\u00e9 hlavn\u00ed n\u00e1dra\u017e\u00ed, kde s nad\u0161en\u00edm v o\u010d\u00edch pozorovali vlaky. Jiskru spat\u0159\u00edte v Janov\u00fdch o\u010d\u00edch i te\u010f, kdy\u017e se rozpov\u00edd\u00e1 o sv\u00e9 dal\u0161\u00ed v\u00e1\u0161ni \u2013 hudb\u011b.<\/strong><br \/>\n<!--more--><br \/>\nP\u016fvodn\u00ed sen st\u00e1t se strojv\u016fdcem vym\u011bnil za muzikantskou dr\u00e1hu. Jist\u00fd vliv na jeho sm\u011b\u0159ov\u00e1n\u00ed m\u011bl op\u011bt bratr Miloslav, jen\u017e od d\u011btstv\u00ed studoval housle. Kdy\u017e nastoupil na konzervato\u0159, musel zvl\u00e1dat i z\u00e1klady hry na klav\u00edr. Rodi\u010de proto mlad\u00e9mu konzervatoristovi po\u0159\u00eddili dom\u016f piano. H\u0159e na tento kl\u00e1vesov\u00fd n\u00e1stroj se nakonec za\u010dal v\u011bnovat Jan. &#8222;V sedmi letech se mi ov\u0161em nejv\u00edc l\u00edbilo, jak se kl\u00e1vesy pono\u0159uj\u00ed. A\u017e druhotn\u00fd pro m\u011b byl zvuk,&#8220; vzpom\u00ednal s \u00fasm\u011bvem na sv\u00e9 za\u010d\u00e1tky.<br \/>\nPo z\u00e1kladn\u00ed \u0161kole sm\u011b\u0159oval na konzervato\u0159, kde piloval hru na klav\u00edr i varhany. Pozd\u011bji se rozhodl st\u00e1t se u\u010ditelem. &#8222;Z\u00e1hy jsem vypozoroval, kdo z m\u00fdch spolu\u017e\u00e1k\u016f m\u00e1 hodn\u011b velk\u00e9 nad\u00e1n\u00ed, a tud\u00ed\u017e je schopen dos\u00e1hnout vysok\u00fdch met. Zjistil jsem, \u017ee j\u00edt cestou brilantn\u00edho s\u00f3listy pro mne nebude to prav\u00e9. Nebylo to pro mne lehk\u00e9 obdob\u00ed. Kdy\u017e jsme pak chodili na n\u00e1slechy do hudebn\u00ed \u0161koly, zal\u00edbila se mi my\u0161lenka u\u010dit d\u011bti. Kantorskou pr\u00e1ci jsem vn\u00edmal jako smysluplnou, co\u017e mi z\u016fstalo dodnes,&#8220; l\u00ed\u010dil.<br \/>\nPo absolutoriu nastoupil na tehdej\u0161\u00ed 3. L\u0160U, dne\u0161n\u00ed Z\u00e1kladn\u00ed um\u011bleckou \u0161kolu Terezie Brzkov\u00e9. Psal se rok 1988. Tehdej\u0161\u00ed \u0159editel se Jana se zvl\u00e1\u0161tn\u00edm t\u00f3nem v hla- se zeptal, zda bude cht\u00edt u\u010dit i varhany. &#8222;J\u00e1 jsem tehdy pokr\u010dil rameny. Byl jsem u\u010ditelsk\u00fd zaj\u00edc. Plze\u0148 byla &#8218;pevnou hr\u00e1z\u00ed socialismu&#8216;. O kostele, by\u0165 jen mluvit, nato\u017epak v n\u011bm u\u010dit, bylo minim\u00e1ln\u011b podez\u0159el\u00e9. Na\u0161t\u011bst\u00ed pak p\u0159i\u0161la revoluce. Nov\u00e1 pan\u00ed \u0159editelka v\u00fduku varhan podpo\u0159ila,&#8220; popsal.<br \/>\nJan v t\u00e9 dob\u011b p\u0159i\u0161el s n\u00e1padem, \u017ee jeho \u017e\u00e1ci by mohli cvi\u010dit na varhany v Korandov\u011b sboru. Pr\u00e1v\u011b v tomto farn\u00edm sboru \u010ceskobratrsk\u00e9 c\u00edrkve evangelick\u00e9, kter\u00fd se nach\u00e1z\u00ed na Anglick\u00e9m n\u00e1b\u0159e\u017e\u00ed nedaleko Wilsonova mostu, toti\u017e poprv\u00e9 usedl za hrac\u00ed st\u016fl. Varhany poch\u00e1zej\u00ed z roku 1933 a postavil je Karel Urban. &#8222;Je to moje srdcovka,&#8220; p\u0159iznal.<br \/>\nDlouh\u00e1 l\u00e9ta se v Korandov\u011b sboru staral o hudbu p\u0159i ned\u011bln\u00edch bohoslu\u017eb\u00e1ch.<br \/>\nN\u00e1sledn\u011b se p\u0159esunul do chr\u00e1steck\u00e9ho sboru, v Plzni u\u017e jenom p\u0159\u00edle\u017eitostn\u011b vypom\u00e1h\u00e1.<br \/>\nV kostele, jen\u017e pat\u0159\u00ed k nejv\u00fdznamn\u011bj\u0161\u00edm funkcionalistick\u00fdm stavb\u00e1m krajsk\u00e9 metropole, v\u0161ak jeho \u017e\u00e1ci st\u00e1le cvi\u010d\u00ed a ob\u010das zde absolvuj\u00ed v\u00fduku. <\/p>\n<p>U\u010c\u00cd I NEVIDOM\u00c9<\/p>\n<p>Pod rukama u\u017e pedagogovi pro\u0161lo kolem 150 student\u016f. P\u0159ed \u010dty\u0159mi roky se ujal slep\u00e9ho chlapce a za\u010dal se kv\u016fli n\u011bmu u\u010dit notopis v Braillov\u011b p\u00edsmu. &#8222;Nejd\u0159\u00edv jsem m\u011bl tendenci Oliverovi noty p\u0159episovat. Hned po prvn\u00ed hodin\u011b jsem ale pochopil, \u017ee tudy cesta nevede. Pak jsem dostal kontakt na pra\u017eskou knihovnu a tisk\u00e1rnu pro nevidom\u00e9 Karla Emanuela Macana, kde je nesm\u00edrn\u011b bohat\u00fd archiv,&#8220; \u0159ekl.<br \/>\nJan sem pravideln\u011b jezd\u00ed pro materi\u00e1ly pro sv\u00e9ho \u017e\u00e1ka Olivera. Od leto\u0161n\u00edho ledna vzd\u011bl\u00e1v\u00e1 je\u0161t\u011b dal\u0161\u00edho nevidom\u00e9ho sv\u011b\u0159ence \u2013 Davida, kter\u00e9ho do Plzn\u011b voz\u00ed jeho rodi\u010de z Tachova.<br \/>\nV Praze pro oba po\u0159izuje noty, pro n\u011b\u017e existuje i klasick\u00fd z\u00e1pis. P\u0159i p\u0159\u00edprav\u00e1ch na hodinu si do partitury zapsan\u00e9 v Braillovu p\u00edsmu p\u00ed\u0161e pozn\u00e1mky, kter\u00e9 porovn\u00e1v\u00e1 s tradi\u010dn\u00edm notov\u00fdm z\u00e1znamem. A jak se nevidom\u00ed \u017e\u00e1ci vlastn\u011b u\u010d\u00ed hr\u00e1t z not?<br \/>\n&#8222;Nejd\u0159\u00edve si pravou rukou p\u0159e\u010dtou part prav\u00e9 ruky, zahraj\u00ed ho a okam\u017eit\u011b ulo\u017e\u00ed do pam\u011bti. Pak je v not\u00e1ch zna\u010dka, kter\u00e1 jim \u0159\u00edk\u00e1, odtud bude lev\u00e1 ruka. P\u0159e\u010dtou si levou ruku a zahraj\u00ed stejn\u00fd takt. N\u011bkolikr\u00e1t postup zopakuj\u00ed, pak u\u017e hraj\u00ed ob\u011bma rukama nar\u00e1z. Zd\u00e1 se, \u017ee je jim to jde pomalu, ale u\u010d\u00ed se rychleji a hran\u00ed obouru\u010d je pro n\u011b nakonec jednodu\u0161\u0161\u00ed ne\u017e pro zdrav\u00e9 d\u011bti. Obdivuhodn\u00e1 je jejich schopnost soust\u0159ed\u011bn\u00ed,&#8220; zd\u016fraznil Jan. Daleko rychleji se kv\u016fli sv\u00e9mu hendikepu rovn\u011b\u017e mus\u00ed vyrovnat s hudebn\u00ed teori\u00ed, bez n\u00ed\u017e by n\u011bkter\u00e9 prvky v\u016fbec nepochopili a nedok\u00e1zali zahr\u00e1t.<br \/>\nP\u0159i hodin\u00e1ch pedagog mus\u00ed br\u00e1t ohled i na dal\u0161\u00ed rozd\u00edlnosti. &#8222;Kdy\u017e kluk\u016fm t\u0159eba \u0159eknu, aby se p\u0159edklonili, nen\u00ed to pro n\u011b tak snadn\u00e9. Nev\u011bd\u00ed toti\u017e, co je p\u0159ed nimi, \u00fapln\u011b jinak vn\u00edmaj\u00ed prostor. Odli\u0161nosti mi v\u016fbec nevad\u00ed. Sna\u017e\u00edm se p\u0159em\u00fd\u0161let, jak na m\u016fj pokyn zareaguj\u00ed. M\u00e1m ale hendikep \u2013 vid\u00edm,&#8220; vysv\u011btlil s \u00fasm\u011bvem.<br \/>\nDoplnil, \u017ee \u0161estn\u00e1ctilet\u00fd Oliver i dev\u00edtilet\u00fd David maj\u00ed velk\u00e9 nad\u00e1n\u00ed, a tedy \u0161anci dostat se na konzervato\u0159 J. Deyla v Praze.<br \/>\nZa t\u00e9m\u011b\u0159 t\u0159icetilet\u00e9 p\u016fsoben\u00ed u\u017e Jan p\u0159ipravil \u0159adu sv\u00fdch \u017e\u00e1k\u016f na profesion\u00e1ln\u00ed muzikantskou dr\u00e1hu. Jeho studenti pravideln\u011b slav\u00ed \u00fasp\u011bchy v klav\u00edrn\u00edch sout\u011b\u017e\u00edch. Pr\u00e1v\u011b za dlouhodob\u00e9 pedagogickou \u010dinnost, je\u017e se projevuje i velkou p\u00e9\u010d\u00ed o nevidom\u00e9 \u017e\u00e1ky, z\u00edskal Jan ned\u00e1vno ocen\u011bn\u00ed plze\u0148sk\u00e9ho hejtmana. &#8222;V\u00e1\u017e\u00edm si toho.<br \/>\nNa druhou stranu vn\u00edm\u00e1m ocen\u011bn\u00ed jako zodpov\u011bdnost, proto\u017ee je to i projev d\u016fv\u011bry v to, co d\u011bl\u00e1m,&#8220; uzav\u0159el.<\/p>\n<p>KL\u00c1RA MR\u00c1ZOV\u00c1<br \/>\nPlze\u0148sk\u00fd den\u00edk<br \/>\nhttp:\/\/plzensky.denik.cz\/<\/p>\n","protected":false},"excerpt":{"rendered":"<div class=\"mh-excerpt\"><p>Plze\u0148 \u2013 Jan Esterle m\u011bl se sv\u00fdm o deset let star\u0161\u00edm bratrem Miloslavem obl\u00edben\u00fd d\u011btsk\u00fd ritu\u00e1l. Oba milovali ma\u0161inky, a tak se ve voln\u00fdch chv\u00edl\u00edch <a class=\"mh-excerpt-more\" href=\"https:\/\/www.invarena.cz\/?p=27916\" title=\"Jan Esterle vede nevidom\u00e9 klav\u00edristy. U\u010d\u00ed se kv\u016fli nim noty v Braillov\u011b p\u00edsmu\">[&#8230;]<\/a><\/p>\n<\/div>","protected":false},"author":1,"featured_media":19919,"comment_status":"open","ping_status":"closed","sticky":false,"template":"","format":"standard","meta":{"footnotes":""},"categories":[9],"tags":[],"class_list":["post-27916","post","type-post","status-publish","format-standard","has-post-thumbnail","hentry","category-zpravy"],"_links":{"self":[{"href":"https:\/\/www.invarena.cz\/index.php?rest_route=\/wp\/v2\/posts\/27916","targetHints":{"allow":["GET"]}}],"collection":[{"href":"https:\/\/www.invarena.cz\/index.php?rest_route=\/wp\/v2\/posts"}],"about":[{"href":"https:\/\/www.invarena.cz\/index.php?rest_route=\/wp\/v2\/types\/post"}],"author":[{"embeddable":true,"href":"https:\/\/www.invarena.cz\/index.php?rest_route=\/wp\/v2\/users\/1"}],"replies":[{"embeddable":true,"href":"https:\/\/www.invarena.cz\/index.php?rest_route=%2Fwp%2Fv2%2Fcomments&post=27916"}],"version-history":[{"count":0,"href":"https:\/\/www.invarena.cz\/index.php?rest_route=\/wp\/v2\/posts\/27916\/revisions"}],"wp:featuredmedia":[{"embeddable":true,"href":"https:\/\/www.invarena.cz\/index.php?rest_route=\/wp\/v2\/media\/19919"}],"wp:attachment":[{"href":"https:\/\/www.invarena.cz\/index.php?rest_route=%2Fwp%2Fv2%2Fmedia&parent=27916"}],"wp:term":[{"taxonomy":"category","embeddable":true,"href":"https:\/\/www.invarena.cz\/index.php?rest_route=%2Fwp%2Fv2%2Fcategories&post=27916"},{"taxonomy":"post_tag","embeddable":true,"href":"https:\/\/www.invarena.cz\/index.php?rest_route=%2Fwp%2Fv2%2Ftags&post=27916"}],"curies":[{"name":"wp","href":"https:\/\/api.w.org\/{rel}","templated":true}]}}