{"id":27925,"date":"2017-04-11T08:24:01","date_gmt":"2017-04-11T06:24:01","guid":{"rendered":"http:\/\/www.invarena.cz\/?p=27925"},"modified":"2017-04-11T08:34:17","modified_gmt":"2017-04-11T06:34:17","slug":"vlada-schvalila-zvyseni-pojistneho-statnich-pojistencu-na-969-kc","status":"publish","type":"post","link":"https:\/\/www.invarena.cz\/?p=27925","title":{"rendered":"Vl\u00e1da schv\u00e1lila zv\u00fd\u0161en\u00ed pojistn\u00e9ho st\u00e1tn\u00edch poji\u0161t\u011bnc\u016f na 969 K\u010d"},"content":{"rendered":"<p><strong>St\u00e1t p\u0159\u00ed\u0161t\u00ed rok vyd\u00e1 na sv\u00e9 poji\u0161t\u011bnce, tedy d\u011bti, d\u016fchodce \u010di nezam\u011bstnan\u00e9, o 3,5 miliardy korun v\u00edc ne\u017e letos. Podle n\u00e1vrhu ministerstva zdravotnictv\u00ed, kter\u00fd dnes projednala vl\u00e1da, bude odv\u00e1d\u011bt na jednoho poji\u0161t\u011bnce m\u011bs\u00ed\u010dn\u011b o 49 korun v\u00edc. M\u011bs\u00ed\u010dn\u00ed \u010d\u00e1stka pojistn\u00e9ho se tak zv\u00fd\u0161\u00ed na 969 korun. O schv\u00e1len\u00ed na\u0159\u00edzen\u00ed informoval premi\u00e9r Bohuslav Sobotka (\u010cSSD).<\/strong><!--more--><\/p>\n<p>&#8222;Umo\u017en\u00ed to zlep\u0161it financov\u00e1n\u00ed l\u00e9\u010dby a pokra\u010dovat ve zvy\u0161ov\u00e1n\u00ed plat\u016f zdravotn\u00edk\u016f,&#8220; uvedl premi\u00e9r na twitteru. Ministr zdravotnictv\u00ed Miloslav Ludv\u00edk (\u010cSSD) pozd\u011bji doplnil, \u017ee zv\u00fd\u0161en\u00edm plateb se doc\u00edl\u00ed nejen r\u016fstu plat\u016f a mezd ve zdravotnictv\u00ed, ale i modernizace nemocnic. P\u0159edpokl\u00e1d\u00e1, \u017ee d\u00edky rostouc\u00ed ekonomice p\u0159\u00ed\u0161t\u00ed rok p\u0159\u00edjmy zdravotn\u00edch poji\u0161\u0165oven z odvod\u016f porostou o dal\u0161\u00edch dev\u011bt miliard korun. Celkem by tak n\u00e1r\u016fst m\u011bl \u010dinit 12,5 miliardy korun.<\/p>\n<p>St\u00e1t plat\u00ed pojistn\u00e9 za zhruba 5,95 milionu lid\u00ed, mezi kter\u00fdmi jsou p\u0159edev\u0161\u00edm d\u011bti, d\u016fchodci \u010di nezam\u011bstnan\u00ed. Vym\u011b\u0159ovac\u00ed z\u00e1klad pro tyto platby je nyn\u00ed stanoven z\u00e1konem s t\u00edm, \u017ee vl\u00e1da m\u016f\u017ee tuto \u010d\u00e1stku sv\u00fdm na\u0159\u00edzen\u00edm m\u011bnit. V\u00fd\u0161e pojistn\u00e9ho \u010din\u00ed 13,5 procenta z vym\u011b\u0159ovac\u00edho z\u00e1kladu. Pro leto\u0161n\u00ed rok dosahuje z\u00e1klad 6814 korun, m\u011bs\u00ed\u010dn\u00ed platba za jednoho poji\u0161t\u011bnce je 920 korun. Pro p\u0159\u00ed\u0161t\u00ed rok by se z\u00e1klad m\u011bl zvednout na 7177 korun a m\u011bs\u00ed\u010dn\u00ed pojistn\u00e9 na 969 korun.<\/p>\n<p>Ministerstvo zdravotnictv\u00ed odhaduje, \u017ee letos st\u00e1t vyd\u00e1 na platb\u00e1ch za st\u00e1tn\u00ed poji\u0161t\u011bnce 65,8 miliardy korun, p\u0159\u00ed\u0161t\u00ed rok by to m\u011blo b\u00fdt 69,3 miliardy korun. Tyto platby tvo\u0159\u00ed necelou \u010dtvrtinu z p\u0159\u00edjm\u016f ve\u0159ejn\u00e9ho zdravotn\u00edho poji\u0161t\u011bn\u00ed, kter\u00e9 by letos m\u011bly dos\u00e1hnout 276,59 miliardy korun. V\u00fddaje by m\u011bly b\u00fdt asi o 23,5 milionu korun ni\u017e\u0161\u00ed.<\/p>\n<p>Pen\u00edze, kter\u00e9 st\u00e1t po\u0161le do syst\u00e9mu nav\u00edc, by m\u011bly podle ministerstva slou\u017eit p\u0159edev\u0161\u00edm k person\u00e1ln\u00ed stabilizaci ve zdravotnictv\u00ed. Vl\u00e1da u\u017e d\u0159\u00edve sl\u00edbila, \u017ee by se platy v nemocnic\u00edch m\u011bly v p\u0159\u00ed\u0161t\u00edm roce zvednout o deset procent.<\/p>\n<p>Zv\u00fd\u0161en\u00ed plateb za st\u00e1tn\u00ed poji\u0161t\u011bnce ocenil poslanec opozi\u010dn\u00ed TOP 09 Ji\u0159\u00ed Skalick\u00fd. R\u016fst \u00fahrad za st\u00e1tn\u00ed poji\u0161t\u011bnce je podle n\u011bj v dob\u011b, kdy se da\u0159\u00ed ekonomice, logick\u00fdm a o\u010dek\u00e1vateln\u00fdm krokem. &#8222;Syst\u00e9m ve\u0159ejn\u00e9ho zdravotn\u00edho poji\u0161t\u011bn\u00ed je postaven na principu solidarity a st\u00e1t tak nav\u00fd\u0161en\u00edm plateb doh\u00e1n\u00ed \u010d\u00e1stky, kter\u00e9 plat\u00ed jin\u00e9 skupiny. Na druhou stranu ka\u017edoro\u010dn\u00ed licitace o tom, kolika korunami nav\u00edc st\u00e1t p\u0159isp\u011bje, je ned\u016fstojn\u00e1,&#8220; uvedl.<\/p>\n","protected":false},"excerpt":{"rendered":"<div class=\"mh-excerpt\"><p>St\u00e1t p\u0159\u00ed\u0161t\u00ed rok vyd\u00e1 na sv\u00e9 poji\u0161t\u011bnce, tedy d\u011bti, d\u016fchodce \u010di nezam\u011bstnan\u00e9, o 3,5 miliardy korun v\u00edc ne\u017e letos. Podle n\u00e1vrhu ministerstva zdravotnictv\u00ed, kter\u00fd dnes <a class=\"mh-excerpt-more\" href=\"https:\/\/www.invarena.cz\/?p=27925\" title=\"Vl\u00e1da schv\u00e1lila zv\u00fd\u0161en\u00ed pojistn\u00e9ho st\u00e1tn\u00edch poji\u0161t\u011bnc\u016f na 969 K\u010d\">[&#8230;]<\/a><\/p>\n<\/div>","protected":false},"author":1,"featured_media":22954,"comment_status":"open","ping_status":"closed","sticky":false,"template":"","format":"standard","meta":{"footnotes":""},"categories":[9],"tags":[],"class_list":["post-27925","post","type-post","status-publish","format-standard","has-post-thumbnail","hentry","category-zpravy"],"_links":{"self":[{"href":"https:\/\/www.invarena.cz\/index.php?rest_route=\/wp\/v2\/posts\/27925","targetHints":{"allow":["GET"]}}],"collection":[{"href":"https:\/\/www.invarena.cz\/index.php?rest_route=\/wp\/v2\/posts"}],"about":[{"href":"https:\/\/www.invarena.cz\/index.php?rest_route=\/wp\/v2\/types\/post"}],"author":[{"embeddable":true,"href":"https:\/\/www.invarena.cz\/index.php?rest_route=\/wp\/v2\/users\/1"}],"replies":[{"embeddable":true,"href":"https:\/\/www.invarena.cz\/index.php?rest_route=%2Fwp%2Fv2%2Fcomments&post=27925"}],"version-history":[{"count":0,"href":"https:\/\/www.invarena.cz\/index.php?rest_route=\/wp\/v2\/posts\/27925\/revisions"}],"wp:featuredmedia":[{"embeddable":true,"href":"https:\/\/www.invarena.cz\/index.php?rest_route=\/wp\/v2\/media\/22954"}],"wp:attachment":[{"href":"https:\/\/www.invarena.cz\/index.php?rest_route=%2Fwp%2Fv2%2Fmedia&parent=27925"}],"wp:term":[{"taxonomy":"category","embeddable":true,"href":"https:\/\/www.invarena.cz\/index.php?rest_route=%2Fwp%2Fv2%2Fcategories&post=27925"},{"taxonomy":"post_tag","embeddable":true,"href":"https:\/\/www.invarena.cz\/index.php?rest_route=%2Fwp%2Fv2%2Ftags&post=27925"}],"curies":[{"name":"wp","href":"https:\/\/api.w.org\/{rel}","templated":true}]}}