{"id":27949,"date":"2017-04-12T07:54:14","date_gmt":"2017-04-12T05:54:14","guid":{"rendered":"http:\/\/www.invarena.cz\/?p=27949"},"modified":"2017-04-12T07:54:14","modified_gmt":"2017-04-12T05:54:14","slug":"nemocni-zamestnanci-by-mohli-pobirat-vyssi-nemocenskou","status":"publish","type":"post","link":"https:\/\/www.invarena.cz\/?p=27949","title":{"rendered":"Nemocn\u00ed zam\u011bstnanci by mohli pob\u00edrat vy\u0161\u0161\u00ed nemocenskou"},"content":{"rendered":"<p><strong>Zam\u011bstnanci v pracovn\u00ed neschopnosti by se mohli do\u010dkat vy\u0161\u0161\u00ed nemocensk\u00e9. Zat\u00edmco nyn\u00ed dost\u00e1vaj\u00ed od 15. dne nemoci 60 procent p\u0159\u00edslu\u0161n\u00e9ho vym\u011b\u0159ovac\u00edho z\u00e1kladu, nov\u011b by od 31. dne nemoci m\u011bli dost\u00e1vat 66 procent a od 61. dne a\u017e 72 procent denn\u00edho vym\u011b\u0159ovac\u00edho z\u00e1kladu. Po\u010d\u00edt\u00e1 s t\u00edm pozm\u011b\u0148ovac\u00ed n\u00e1vrh b\u00fdval\u00e9ho odborov\u00e9ho p\u0159ed\u00e1ka a poslance za \u010cSSD Jaroslava Zavadila, kter\u00fd ho chce vlo\u017eit do vl\u00e1dn\u00ed novely z\u00e1kona o pojistn\u00e9m na soci\u00e1ln\u00ed zabezpe\u010den\u00ed. Tato novela m\u00e1 p\u0159edev\u0161\u00edm podnikatel\u016fm zjednodu\u0161it administrativu spojenou s placen\u00edm odvod\u016f.<\/strong><!--more--><\/p>\n<p>Zam\u011bstnanec nyn\u00ed v prvn\u00edch t\u0159ech dnech nemoci nedost\u00e1v\u00e1 nic, pot\u00e9 do 14. dne dost\u00e1v\u00e1 n\u00e1hradu mzdy od zam\u011bstnavatele. Poslanec Zavadil argumentuje t\u00edm, \u017ee po odezn\u011bn\u00ed ekonomick\u00e9 krize vznik\u00e1 prostor pro to, aby syst\u00e9m nemocensk\u00e9ho poji\u0161t\u011bn\u00ed l\u00e9pe napl\u0148oval sv\u016fj \u00fa\u010del a propad p\u0159\u00edjm\u016f u d\u00e9le trvaj\u00edc\u00edch nemoc\u00ed nebyl tak v\u00fdrazn\u00fd. Ministryn\u011b pr\u00e1ce Michaela Marksov\u00e1 (\u010cSSD) tento n\u00e1vrh podpo\u0159ila s t\u00edm, \u017ee ho schv\u00e1lila cel\u00e1 koalice. Premi\u00e9r Bohuslav Sobotka (\u010cSSD) to ozna\u010dil za jednu z priorit soci\u00e1ln\u00ed demokracie na t\u00e9to sch\u016fzi Sn\u011bmovny.<\/p>\n<p>Rozs\u00e1hl\u00fd pozm\u011b\u0148ovac\u00ed n\u00e1vrh p\u0159edlo\u017eil Ji\u0159\u00ed B\u011bhounek (za \u010cSSD). Navrhuje v n\u011bm mimo jin\u00e9 z\u0159\u00eddit registr o\u0161et\u0159uj\u00edc\u00edch l\u00e9ka\u0159\u016f, kter\u00fd by spravovalo ministerstvo pr\u00e1ce. Upravuje i Jednotn\u00fd informa\u010dn\u00ed syst\u00e9m pr\u00e1ce a soci\u00e1ln\u00edch v\u011bc\u00ed. Jeho spr\u00e1vcem m\u00e1 b\u00fdt ministerstvo pr\u00e1ce. Chce tak\u00e9 zav\u00e9st elektronickou neschopenku, ponech\u00e1v\u00e1 ale i mo\u017enost jejich pap\u00edrov\u00e9 podoby. Tak\u00e9 tento n\u00e1vrh ministryn\u011b Marksov\u00e1 podpo\u0159ila.<\/p>\n<p>K n\u00e1vrhu se ale kriticky vyj\u00e1d\u0159il Zbyn\u011bk Stanjura (ODS) s t\u00edm, \u017ee jde o pom\u011brn\u011b robustn\u00ed n\u00e1vrh, kter\u00fd nen\u00ed s ni\u010d\u00edm prov\u00e1zan\u00fd, nen\u00ed p\u0159ipraven\u00fd a nepro\u0161el standardn\u00edm p\u0159ipom\u00ednkov\u00fdm \u0159\u00edzen\u00edm. &#8222;Je to v\u011bc kter\u00e1 si zaslou\u017e\u00ed \u0159e\u0161en\u00ed, ale ne takhle,&#8220; podotkl.<\/p>\n<p>Vl\u00e1da p\u0159edlo\u017eila poslanc\u016fm novelu s t\u00edm, \u017ee jej\u00edm c\u00edlem je zjednodu\u0161it administrativu \u017eivnostn\u00edk\u016fm. Navrhovan\u00e9 zm\u011bny v n\u00ed vych\u00e1zej\u00ed ze zku\u0161enost\u00ed \u010cesk\u00e9 spr\u00e1vy soci\u00e1ln\u00edho zabezpe\u010den\u00ed. Nap\u0159\u00edklad z\u00e1lohy by m\u011bly b\u00fdt splatn\u00e9 v m\u011bs\u00edci, na kter\u00fd se plat\u00ed. Nov\u011b by m\u011bl b\u00fdt stanoven m\u011bs\u00ed\u010dn\u00ed vym\u011b\u0159ovac\u00ed z\u00e1klad pro v\u00fd\u0161i z\u00e1loh na pojistn\u00e9 na d\u016fchodov\u00e9 poji\u0161t\u011bn\u00ed.<\/p>\n<p>V nemocensk\u00e9m poji\u0161t\u011bn\u00ed maj\u00ed podle vl\u00e1dn\u00edho z\u00e1m\u011bru dostat opr\u00e1vn\u011bn\u00ed potvrzovat na \u017e\u00e1dosti o pen\u011b\u017eitou pomoc v mate\u0159stv\u00ed o\u010dek\u00e1van\u00fd den porodu nejen o\u0161et\u0159uj\u00edc\u00ed l\u00e9ka\u0159i, ale i porodn\u00ed asistentky. To ale narazilo na nesouhlas v\u00fdboru pro soci\u00e1ln\u00ed politiku, kter\u00fd navrhuje tuto \u010d\u00e1st z p\u0159edlohy vypustit.<\/p>\n","protected":false},"excerpt":{"rendered":"<div class=\"mh-excerpt\"><p>Zam\u011bstnanci v pracovn\u00ed neschopnosti by se mohli do\u010dkat vy\u0161\u0161\u00ed nemocensk\u00e9. Zat\u00edmco nyn\u00ed dost\u00e1vaj\u00ed od 15. dne nemoci 60 procent p\u0159\u00edslu\u0161n\u00e9ho vym\u011b\u0159ovac\u00edho z\u00e1kladu, nov\u011b by od <a class=\"mh-excerpt-more\" href=\"https:\/\/www.invarena.cz\/?p=27949\" title=\"Nemocn\u00ed zam\u011bstnanci by mohli pob\u00edrat vy\u0161\u0161\u00ed nemocenskou\">[&#8230;]<\/a><\/p>\n<\/div>","protected":false},"author":1,"featured_media":18247,"comment_status":"open","ping_status":"closed","sticky":false,"template":"","format":"standard","meta":{"footnotes":""},"categories":[1],"tags":[],"class_list":["post-27949","post","type-post","status-publish","format-standard","has-post-thumbnail","hentry","category-nezarazene"],"_links":{"self":[{"href":"https:\/\/www.invarena.cz\/index.php?rest_route=\/wp\/v2\/posts\/27949","targetHints":{"allow":["GET"]}}],"collection":[{"href":"https:\/\/www.invarena.cz\/index.php?rest_route=\/wp\/v2\/posts"}],"about":[{"href":"https:\/\/www.invarena.cz\/index.php?rest_route=\/wp\/v2\/types\/post"}],"author":[{"embeddable":true,"href":"https:\/\/www.invarena.cz\/index.php?rest_route=\/wp\/v2\/users\/1"}],"replies":[{"embeddable":true,"href":"https:\/\/www.invarena.cz\/index.php?rest_route=%2Fwp%2Fv2%2Fcomments&post=27949"}],"version-history":[{"count":0,"href":"https:\/\/www.invarena.cz\/index.php?rest_route=\/wp\/v2\/posts\/27949\/revisions"}],"wp:featuredmedia":[{"embeddable":true,"href":"https:\/\/www.invarena.cz\/index.php?rest_route=\/wp\/v2\/media\/18247"}],"wp:attachment":[{"href":"https:\/\/www.invarena.cz\/index.php?rest_route=%2Fwp%2Fv2%2Fmedia&parent=27949"}],"wp:term":[{"taxonomy":"category","embeddable":true,"href":"https:\/\/www.invarena.cz\/index.php?rest_route=%2Fwp%2Fv2%2Fcategories&post=27949"},{"taxonomy":"post_tag","embeddable":true,"href":"https:\/\/www.invarena.cz\/index.php?rest_route=%2Fwp%2Fv2%2Ftags&post=27949"}],"curies":[{"name":"wp","href":"https:\/\/api.w.org\/{rel}","templated":true}]}}