{"id":2795,"date":"2013-03-20T14:55:11","date_gmt":"2013-03-20T13:55:11","guid":{"rendered":"http:\/\/www.invarena.cz\/?p=2795"},"modified":"2013-03-21T14:11:18","modified_gmt":"2013-03-21T13:11:18","slug":"klasnova-ministryne-mpsv-by-mela-mozna-i-odstoupit-z-funkce","status":"publish","type":"post","link":"https:\/\/www.invarena.cz\/?p=2795","title":{"rendered":"Klasnov\u00e1: Ministryn\u011b by m\u011bla asi odstoupit"},"content":{"rendered":"<p>V\u011bci ve\u0159ejn\u00e9 dnes po\u017e\u00e1daj\u00ed sn\u011bmovnu o za\u0159azen\u00ed nov\u00e9ho bodu, p\u0159i jeho\u017e projedn\u00e1v\u00e1n\u00ed by m\u011bla ministryn\u011b pr\u00e1ce Ludmila M\u00fcllerov\u00e1 nejen jasn\u011b vysv\u011btlit novelu ohledn\u011b sKaret, kterou ministerstvo p\u0159ipravuje, ale tak\u00e9 informovat poslance o aktu\u00e1ln\u00edm stavu jedn\u00e1n\u00ed s \u010ceskou spo\u0159itelnou.<br \/>\n<!--more--><br \/>\n&#8222;Pokud neusly\u0161\u00ed sn\u011bmovna po\u017eadovan\u00e9 informace, jsou VV p\u0159ipraveny hledat podporu pro svol\u00e1n\u00ed mimo\u0159\u00e1dn\u00e9 sn\u011bmovn\u00ed sch\u016fze na t\u00e9ma sKaret,&#8220; uvedla dnes \u0161\u00e9fka poslanc\u016f VV Kate\u0159ina Klasnov\u00e1.<\/p>\n<p>&#8222;Ob\u010dan\u016fm sKarta vad\u00ed, \u010cesk\u00e1 spo\u0159itelna zva\u017euje odstoupen\u00ed od smlouvy, syst\u00e9my vyd\u00e1v\u00e1n\u00ed na \u00fa\u0159adech pr\u00e1ce nefunguj\u00ed, ale ministerstvo chce zav\u00e1d\u011bt sKartu zcela povinn\u011b pro v\u0161echny p\u0159\u00edjemce d\u00e1vek, ani\u017e by musela b\u00fdt vyu\u017eita jej\u00ed platebn\u00ed funkce. To je Kocourkov, kter\u00fd mus\u00ed ministryn\u011b obh\u00e1jit. Nebo ustoupit &#8211; od z\u00e1m\u011bru, ale mo\u017en\u00e1 i z funkce,&#8220; \u0159ekla dnes Kate\u0159ina Klasnov\u00e1.<\/p>\n<p>&#8222;Boj\u00edm se, \u017ee ministerstvo se bude sv\u00fdmi n\u00e1vrhy sna\u017eit jen o legalizaci v\u0161ech nesmysl\u016f, kter\u00e9 se ji\u017e kolem s Karet nahromadily a kter\u00e9 otev\u0159en\u011b kritizuje i premi\u00e9r t\u00e9to vl\u00e1dy. Je nezbytn\u011b nutn\u00e9, aby se ministryn\u011b pravideln\u011b zpov\u00eddala ze sv\u00fdch krok\u016f sn\u011bmovn\u011b, jak j\u00ed k\u00e1\u017ee \u00fastava,&#8220; \u0159ekla Klasnov\u00e1. Pr\u00e1v\u011b proto cht\u011bj\u00ed VV na nadch\u00e1zej\u00edc\u00ed jedn\u00e1n\u00ed sn\u011bmovny za\u0159adit bod se \u017e\u00e1dost\u00ed o informace k sKart\u00e1m v\u010detn\u011b aktu\u00e1ln\u00edho v\u00fdvoje jedn\u00e1n\u00ed ministerstva s \u010ceskou spo\u0159itelnou.<\/p>\n<p>V\u011bci ve\u0159ejn\u00e9 jsou tak\u00e9 p\u0159ipraveny podpo\u0159it sen\u00e1tn\u00ed n\u00e1vrh, kter\u00fd bude projedn\u00e1v\u00e1n na nadch\u00e1zej\u00edc\u00ed sch\u016fzi sn\u011bmovny. &#8222;Sen\u00e1t chce sKarty zcela zru\u0161it, co\u017e pova\u017euji v dan\u00e9 chv\u00edli za nej\u010dist\u0161\u00ed \u0159e\u0161en\u00ed,&#8220; \u0159ekla Klasnov\u00e1.<\/p>\n<p>Podle ministerstva by se z sKarty m\u011bla st\u00e1t povinn\u00e1 pr\u016fkazka pro v\u0161echny p\u0159\u00edjemce d\u00e1vek, i kdy\u017e jej\u00ed vyu\u017eit\u00ed by bylo dobrovoln\u00e9 &#8211; na rozd\u00edl od dne\u0161n\u00edho stavu by si ka\u017ed\u00fd mohl bezplatn\u011b ur\u010dit, jak\u00fdm zp\u016fsobem chce d\u00e1vky dost\u00e1vat. &#8222;Kdy\u017e si mohu zvolit zp\u016fsob platby, pro\u010d bych v\u0161ak m\u011bla v\u016fbec m\u00edt z\u00e1konem danou povinnost sKartu p\u0159evz\u00edt?&#8220; ptala se Klasnov\u00e1.<\/p>\n<p>Z\u00e1kon prav\u00ed, \u017ee ke komunikaci s jednotn\u00fdm informa\u010dn\u00edm syst\u00e9mem. &#8222;Jen\u017ee proto, abych p\u0159i\u0161la na \u00fa\u0159ad pr\u00e1ce a identifikovala se tam, mi p\u0159ece mus\u00ed sta\u010dit ob\u010dansk\u00fd pr\u016fkaz. Za \u00fa\u010delem m\u00e9 komunikace se st\u00e1tn\u00edm \u00fa\u0159adem nen\u00ed a nesm\u00ed b\u00fdt nutn\u00e9, aby m\u00e9 osobn\u00ed \u00fadaje n\u00e1sledn\u011b byly p\u0159ed\u00e1ny do soukrom\u00e9 \u010cesk\u00e9 spo\u0159itelny, kter\u00e1 je na z\u00e1klad\u011b n\u00e1vrhu z\u00e1kona nov\u011b p\u0159\u00edmo opr\u00e1vn\u011bn\u00e1 je z\u00edskat a zpracovat. K \u010demu? Abych dostala kartu, jej\u00ed\u017e funkci nevyu\u017eiji?&#8220; dodala Klasnov\u00e1 s t\u00edm, \u017ee pova\u017euje za naprosto nelogick\u00e9, aby &#8222;platebn\u00ed&#8220; kartu bez platebn\u00ed funkce v\u016fbec vyd\u00e1val bankovn\u00ed \u00fastav.<\/p>\n<p>Exministr Jarom\u00edr Dr\u00e1bek na p\u016fd\u011b poslaneck\u00e9 sn\u011bmovny lhal, kdy\u017e poslanc\u016fm l\u00ed\u010dil, jak bude karta vyu\u017e\u00edv\u00e1na. &#8222;Uk\u00e1zalo se, \u017ee smlouvou s \u010ceskou spo\u0159itelnou Dr\u00e1bek a jeho n\u00e1m\u011bstek \u0160i\u0161ka de facto zprivatizovali ve\u0161ker\u00e9 st\u00e1tn\u00ed d\u00e1vky v\u010detn\u011b starobn\u00edch d\u016fchod\u016f, jejich vypl\u00e1cen\u00ed p\u0159es sKarty Dr\u00e1bek i dle sn\u011bmovn\u00edch stenoz\u00e1znam\u016f jasn\u011b odm\u00edtal. \u010cesk\u00e1 spo\u0159itelna tak podle p\u016fvodn\u00ed smlouvy m\u011bla spravovat minim\u00e1ln\u011b 98%-n\u00ed objem v\u0161ech st\u00e1tn\u00edch d\u00e1vek, co\u017e je kolem 430 miliard,&#8220; p\u0159ipomn\u011bla poslankyn\u011b VV.<\/p>\n<p>Podotkla tak\u00e9, \u017ee je-li pravdiv\u00e1 informace o tom, \u017ee spo\u0159iteln\u011b ji\u017e vznikly n\u00e1klady 300 mil. K\u010d, bude z\u0159ejm\u011b moci skute\u010dn\u011b odstoupit od smlouvy. &#8222;Pokud pak jde o hrozbu vzniku \u0161kody a hrozbu \u017ealoby, zodpov\u011bdnost pln\u011b pad\u00e1 na ministry pr\u00e1ce a soci\u00e1ln\u00edch v\u011bc\u00ed, pota\u017emo na TOP 09,&#8220; \u0159ekla Klasnov\u00e1.<\/p>\n<p>Parlamentnilisty.cz<\/p>\n","protected":false},"excerpt":{"rendered":"<div class=\"mh-excerpt\"><p>V\u011bci ve\u0159ejn\u00e9 dnes po\u017e\u00e1daj\u00ed sn\u011bmovnu o za\u0159azen\u00ed nov\u00e9ho bodu, p\u0159i jeho\u017e projedn\u00e1v\u00e1n\u00ed by m\u011bla ministryn\u011b pr\u00e1ce Ludmila M\u00fcllerov\u00e1 nejen jasn\u011b vysv\u011btlit novelu ohledn\u011b sKaret, kterou <a class=\"mh-excerpt-more\" href=\"https:\/\/www.invarena.cz\/?p=2795\" title=\"Klasnov\u00e1: Ministryn\u011b by m\u011bla asi odstoupit\">[&#8230;]<\/a><\/p>\n<\/div>","protected":false},"author":1,"featured_media":928,"comment_status":"open","ping_status":"open","sticky":false,"template":"","format":"standard","meta":{"footnotes":""},"categories":[6,9],"tags":[],"class_list":["post-2795","post","type-post","status-publish","format-standard","has-post-thumbnail","hentry","category-politika","category-zpravy"],"_links":{"self":[{"href":"https:\/\/www.invarena.cz\/index.php?rest_route=\/wp\/v2\/posts\/2795","targetHints":{"allow":["GET"]}}],"collection":[{"href":"https:\/\/www.invarena.cz\/index.php?rest_route=\/wp\/v2\/posts"}],"about":[{"href":"https:\/\/www.invarena.cz\/index.php?rest_route=\/wp\/v2\/types\/post"}],"author":[{"embeddable":true,"href":"https:\/\/www.invarena.cz\/index.php?rest_route=\/wp\/v2\/users\/1"}],"replies":[{"embeddable":true,"href":"https:\/\/www.invarena.cz\/index.php?rest_route=%2Fwp%2Fv2%2Fcomments&post=2795"}],"version-history":[{"count":0,"href":"https:\/\/www.invarena.cz\/index.php?rest_route=\/wp\/v2\/posts\/2795\/revisions"}],"wp:featuredmedia":[{"embeddable":true,"href":"https:\/\/www.invarena.cz\/index.php?rest_route=\/wp\/v2\/media\/928"}],"wp:attachment":[{"href":"https:\/\/www.invarena.cz\/index.php?rest_route=%2Fwp%2Fv2%2Fmedia&parent=2795"}],"wp:term":[{"taxonomy":"category","embeddable":true,"href":"https:\/\/www.invarena.cz\/index.php?rest_route=%2Fwp%2Fv2%2Fcategories&post=2795"},{"taxonomy":"post_tag","embeddable":true,"href":"https:\/\/www.invarena.cz\/index.php?rest_route=%2Fwp%2Fv2%2Ftags&post=2795"}],"curies":[{"name":"wp","href":"https:\/\/api.w.org\/{rel}","templated":true}]}}