{"id":2798,"date":"2013-03-20T14:51:46","date_gmt":"2013-03-20T13:51:46","guid":{"rendered":"http:\/\/www.invarena.cz\/?p=2798"},"modified":"2013-03-27T10:50:12","modified_gmt":"2013-03-27T09:50:12","slug":"davky-za-leden-dostavaji-lide-az-ted","status":"publish","type":"post","link":"https:\/\/www.invarena.cz\/?p=2798","title":{"rendered":"D\u00e1vky za leden dost\u00e1vaj\u00ed lid\u00e9 a\u017e te\u010f"},"content":{"rendered":"<p>Vypl\u00e1cen\u00ed d\u00e1vek m\u00e1 po\u0159\u00e1d skluz. N\u011bkter\u00e9 d\u00e1vky za leden dost\u00e1vaj\u00ed lid\u00e9 a\u017e v pr\u016fb\u011bhu b\u0159ezna. Ministerstvo pr\u00e1ce a soci\u00e1ln\u00edch v\u011bc\u00ed ale tvrd\u00ed: U\u017e jsme se polep\u0161ili. Bude tomu skute\u010dn\u011b tak?<br \/>\n<!--more--><br \/>\nV \u00fanoru jsme V\u00e1s informovali o p\u0159\u00edpadech, kdy hlavn\u011b maminky dost\u00e1valy sv\u016fj rodi\u010dovsk\u00fd p\u0159\u00edsp\u011bvek se zpo\u017ed\u011bn\u00edm. MPSV tvrdilo, \u017ee m\u00e1 z\u00e1konnou povinnost zaslat pen\u00edze lidem do konce \u00fanora, pokud se jedn\u00e1 o lednovou d\u00e1vku. Objevuj\u00ed se v\u0161ak p\u0159\u00edpady, kdy lid\u00e9 sv\u00e9 d\u00e1vky dostali a\u017e v p\u016fli b\u0159ezna.<\/p>\n<p>&#8222;V z\u00e1konn\u00e9m term\u00ednu, tedy do konce \u00fanora, mi nebyl vyplacen lednov\u00fd p\u0159\u00edsp\u011bvek na mobilitu ve v\u00fd\u0161i 400 korun. Pokud v\u00edm, nejsem v na\u0161em regionu zdaleka jedin\u00fd, komu nebyla d\u00e1vka vyplacena,&#8220; sd\u011blil Pr\u00e1vu \u010dten\u00e1\u0159 z ji\u017en\u00ed Moravy.<\/p>\n<p>\u00da\u0159ad mu na jeho st\u00ed\u017enosti sd\u011blil, \u017ee probl\u00e9m byl u dodavatele programu. Podle informac\u00ed z MPSV se jedn\u00e1 o firmu Skill vlastn\u011bnou otcem Krist\u00fdny Ko\u010d\u00ed Anton\u00ednem. Mu\u017e tak obdr\u017eel p\u0159\u00edsp\u011bvek na mobilitu a\u017e minul\u00fd t\u00fdden, spole\u010dn\u011b s \u00fanorov\u00fdm p\u0159\u00edsp\u011bvkem, v\u00edce informac\u00ed mu u\u017e ale \u00fa\u0159ad nesd\u011blil.<\/p>\n<p><strong>MPSV: Polep\u0161ili jsme se<br \/>\n<\/strong><br \/>\nPodle mluv\u010d\u00ed MPSV \u0160t\u011bp\u00e1nky Filipov\u00e9 bylo zpo\u017ed\u011bn\u00ed v\u00fdplaty d\u00e1vek zp\u016fsobeno technick\u00fdmi probl\u00e9my v po\u010d\u00edta\u010dov\u00e9m syst\u00e9mu. Tyto probl\u00e9my podle n\u00ed u\u017e byly odstran\u011bny. V b\u0159eznu tak u\u017e d\u00e1vky norm\u00e1ln\u011b lid\u00e9 obdr\u017e\u00ed.<\/p>\n<p>Mezi lidmi u\u017e ale za\u010d\u00edn\u00e1 vzr\u016fstat nespokojenost. Jak je mo\u017en\u00e9, \u017ee \u010dlov\u011bk hned mus\u00ed platit pen\u00e1le, kdy\u017e pozd\u011b zaplat\u00ed n\u011bjakou slo\u017eenku. Ale kdy\u017e st\u00e1t po\u0161le pozd\u011b d\u00e1vku, tak se nic ned\u011bje? \u017de by se st\u00e1t spol\u00e9hal na neschopnost posti\u017een\u00fdch?<\/p>\n<p>&#8222;Jak prob\u011bhne cel\u00e1 tato situace u ob\u010dana, kter\u00fd svou d\u00e1vku nedostane vyplacenu v z\u00e1konn\u00e9m term\u00ednu nebo v\u016fbec a nedok\u00e1\u017ee se kv\u016fli sv\u00e9mu posti\u017een\u00ed, nemohoucnosti, st\u00e1\u0159\u00ed \u010di omezen\u00e9 schopnosti komunikace d\u016frazn\u011b ozvat?&#8220; zam\u00fd\u0161l\u00ed se nad situac\u00ed v Pr\u00e1vu mu\u017e, kter\u00fd obdr\u017eel svou d\u00e1vku minim\u00e1ln\u011b s dvout\u00fddenn\u00edm zpo\u017ed\u011bn\u00edm.<\/p>\n<p>Podle intern\u00ed zpr\u00e1vy \u00fa\u0159ady pr\u00e1ce v tomto nov\u00e9m syst\u00e9mu nebudou schopny zaji\u0161\u0165ovat v\u010dasn\u00e9 vypl\u00e1cen\u00ed d\u00e1vek ze 100 procent ani v n\u00e1sleduj\u00edc\u00edch t\u00fddnech a m\u011bs\u00edc\u00edch. &#8222;J\u00e1 p\u0159edpokl\u00e1d\u00e1m, \u017ee my jsme schopni vypl\u00e1cet d\u00e1vky rovnom\u011brn\u011b v m\u011bs\u00edci a mus\u00edm \u0159\u00edci, \u017ee dneska je 19. b\u0159ezna a my m\u00e1me vyplaceno 96 procent d\u00e1vek,&#8220; uvedla v\u010dera v \u010cT ministryn\u011b pr\u00e1ce a soci\u00e1ln\u00edch v\u011bc\u00ed Ludmila Mullerov\u00e1.<\/p>\n<p>Nicm\u00e9n\u011b ministryn\u011b p\u0159ipustila, \u017ee za star\u00e9ho syst\u00e9mu ke zpo\u017e\u010fov\u00e1n\u00ed nedoch\u00e1zelo. &#8222;Nezpo\u017e\u010fovalo, ale mysl\u00edm si, \u017ee se neust\u00e1le zlep\u0161ujeme v tom syst\u00e9mu vypl\u00e1cen\u00ed a \u017ee i firmy, kter\u00e9 obsluhuj\u00ed syst\u00e9my, \u017ee se sna\u017e\u00ed dola\u010fovat to podle po\u017eadavk\u016f \u00fa\u0159ad\u016f pr\u00e1ce,&#8220;uvedla Mullerov\u00e1.<\/p>\n<p>&nbsp;<\/p>\n<p>invArena<\/p>\n","protected":false},"excerpt":{"rendered":"<div class=\"mh-excerpt\"><p>Vypl\u00e1cen\u00ed d\u00e1vek m\u00e1 po\u0159\u00e1d skluz. N\u011bkter\u00e9 d\u00e1vky za leden dost\u00e1vaj\u00ed lid\u00e9 a\u017e v pr\u016fb\u011bhu b\u0159ezna. Ministerstvo pr\u00e1ce a soci\u00e1ln\u00edch v\u011bc\u00ed ale tvrd\u00ed: U\u017e jsme se <a class=\"mh-excerpt-more\" href=\"https:\/\/www.invarena.cz\/?p=2798\" title=\"D\u00e1vky za leden dost\u00e1vaj\u00ed lid\u00e9 a\u017e te\u010f\">[&#8230;]<\/a><\/p>\n<\/div>","protected":false},"author":3,"featured_media":0,"comment_status":"open","ping_status":"open","sticky":false,"template":"","format":"standard","meta":{"footnotes":""},"categories":[1],"tags":[],"class_list":["post-2798","post","type-post","status-publish","format-standard","hentry","category-nezarazene"],"_links":{"self":[{"href":"https:\/\/www.invarena.cz\/index.php?rest_route=\/wp\/v2\/posts\/2798","targetHints":{"allow":["GET"]}}],"collection":[{"href":"https:\/\/www.invarena.cz\/index.php?rest_route=\/wp\/v2\/posts"}],"about":[{"href":"https:\/\/www.invarena.cz\/index.php?rest_route=\/wp\/v2\/types\/post"}],"author":[{"embeddable":true,"href":"https:\/\/www.invarena.cz\/index.php?rest_route=\/wp\/v2\/users\/3"}],"replies":[{"embeddable":true,"href":"https:\/\/www.invarena.cz\/index.php?rest_route=%2Fwp%2Fv2%2Fcomments&post=2798"}],"version-history":[{"count":0,"href":"https:\/\/www.invarena.cz\/index.php?rest_route=\/wp\/v2\/posts\/2798\/revisions"}],"wp:attachment":[{"href":"https:\/\/www.invarena.cz\/index.php?rest_route=%2Fwp%2Fv2%2Fmedia&parent=2798"}],"wp:term":[{"taxonomy":"category","embeddable":true,"href":"https:\/\/www.invarena.cz\/index.php?rest_route=%2Fwp%2Fv2%2Fcategories&post=2798"},{"taxonomy":"post_tag","embeddable":true,"href":"https:\/\/www.invarena.cz\/index.php?rest_route=%2Fwp%2Fv2%2Ftags&post=2798"}],"curies":[{"name":"wp","href":"https:\/\/api.w.org\/{rel}","templated":true}]}}