{"id":27981,"date":"2017-04-18T12:18:55","date_gmt":"2017-04-18T10:18:55","guid":{"rendered":"http:\/\/www.invarena.cz\/?p=27981"},"modified":"2017-04-18T12:18:55","modified_gmt":"2017-04-18T10:18:55","slug":"velka-vizita-pripomene-historii-zdravotnictvi-a-socialni-pece","status":"publish","type":"post","link":"https:\/\/www.invarena.cz\/?p=27981","title":{"rendered":"Velk\u00e1 vizita! p\u0159ipomene historii zdravotnictv\u00ed a soci\u00e1ln\u00ed p\u00e9\u010de"},"content":{"rendered":"<p><strong>Historie zdravotnictv\u00ed a soci\u00e1ln\u011b zdravotn\u00ed p\u00e9\u010de v Hradci Kr\u00e1lov\u00e9, p\u0159edev\u0161\u00edm v obdob\u00ed prvn\u00ed republiky, je p\u0159edstavena v rozs\u00e1hl\u00e9 v\u00fdstav\u011b Velk\u00e1 vizita! dopln\u011bn\u00e9 samostatnou instalac\u00ed o z\u0159\u00edzen\u00ed L\u00e9ka\u0159sk\u00e9 fakulty v Hradci Kr\u00e1lov\u00e9. K vid\u011bn\u00ed je denn\u011b mimo pond\u011bl\u00ed od 9 do 17 hodin v Muzeu v\u00fdchodn\u00edch \u010cech v Hradci Kr\u00e1lov\u00e9.<\/strong><!--more--><\/p>\n<p>Hradec Kr\u00e1lov\u00e9 \u2013 V\u00fdstava se zam\u011b\u0159uje na v\u00fdstavbu V\u0161eobecn\u00e9 ve\u0159ejn\u00e9 nemocnice, z\u0159\u00edzen\u00ed Okresn\u00edho \u00fastavu soci\u00e1ln\u011b zdravotn\u00ed p\u00e9\u010de, \u010dinnost Okresn\u00ed p\u00e9\u010de o ml\u00e1de\u017e, rozvoj odborn\u00e9ho \u0161kolstv\u00ed a zalo\u017een\u00ed O\u0161et\u0159ovatelsk\u00e9 \u0161koly v Hradci Kr\u00e1lov\u00e9.<\/p>\n<p>Mezi nejv\u011bt\u0161\u00ed rarity v\u00fdstavy pat\u0159\u00ed t\u0159i invalidn\u00ed k\u0159esla \u2013 voz\u00edky pro imobiln\u00ed a invalidn\u00ed, kter\u00e1 pat\u0159\u00ed k unik\u00e1tn\u00edm sb\u00edrkov\u00fdm p\u0159edm\u011bt\u016fm v r\u00e1mci muze\u00ed cel\u00e9 \u010cesk\u00e9 republiky. Datace t\u011bchto invalidn\u00edch voz\u00edk\u016f je od p\u0159elomu 19. a 20. stolet\u00ed do prvn\u00ed \u010dtvrtiny 20.stolet\u00ed. Invalidn\u00ed k\u0159eslo firmy J. A. Nicolson Dublin se do Muzea v\u00fdchodn\u00edch \u010cech v Hradci Kr\u00e1lov\u00e9 dostalo a\u017e z Irska.<\/p>\n<p>Zaj\u00edmavost\u00ed v\u00fdstavy i Sb\u00edrky muzea jsou zubn\u00ed vrta\u010dky, zejm\u00e9na \u0161lapac\u00ed vrta\u010dky na no\u017en\u00ed pohon. Jeden z vystaven\u00fdch expon\u00e1t\u016f v\u011bnovala do muzea rodina zubn\u00edho dentisty Old\u0159icha \u0158ez\u00e1\u010de m\u011bs\u00edc p\u0159ed zah\u00e1jen\u00edm v\u00fdstavy. V\u00fdstava p\u0159edstav\u00ed tak\u00e9 origin\u00e1ln\u00ed zubol\u00e9ka\u0159sk\u00e9 k\u0159eslo z roku 1925 zubn\u00edho l\u00e9ka\u0159e MUDr. Kopeck\u00e9ho z Litomy\u0161le, kter\u00e9 pro \u00fa\u010dely v\u00fdstavy zrestauroval odborn\u00fd restaur\u00e1tor Ivan Doubrava.<\/p>\n<p>K v\u00fdstav\u011b budou v roce 2017 po\u0159\u00e1d\u00e1ny nejen zaj\u00edmav\u00e9 p\u0159edn\u00e1\u0161ky a komentovan\u00e9 prohl\u00eddky, ale tak\u00e9 interaktivn\u00ed programy pro d\u011bti. Uskute\u010dnit exkurzi do obdob\u00ed mezi sv\u011btov\u00fdmi v\u00e1lkami a sezn\u00e1mit se s \u00farovn\u00ed hygieny a l\u00e9ka\u0159sk\u00e9 p\u00e9\u010de m\u016f\u017eete tak\u00e9 v p\u0159ipravovan\u00e9 kv\u011btnov\u00e9 Muzejn\u00ed noci l\u00e9ka\u0159sk\u00e9.<\/p>\n<p>Hradeck\u00fd den\u00edk<br \/>\n<a href=\"http:\/\/hradecky.denik.cz\/\">http:\/\/hradecky.denik.cz\/<\/a><\/p>\n","protected":false},"excerpt":{"rendered":"<div class=\"mh-excerpt\"><p>Historie zdravotnictv\u00ed a soci\u00e1ln\u011b zdravotn\u00ed p\u00e9\u010de v Hradci Kr\u00e1lov\u00e9, p\u0159edev\u0161\u00edm v obdob\u00ed prvn\u00ed republiky, je p\u0159edstavena v rozs\u00e1hl\u00e9 v\u00fdstav\u011b Velk\u00e1 vizita! dopln\u011bn\u00e9 samostatnou instalac\u00ed o <a class=\"mh-excerpt-more\" href=\"https:\/\/www.invarena.cz\/?p=27981\" title=\"Velk\u00e1 vizita! p\u0159ipomene historii zdravotnictv\u00ed a soci\u00e1ln\u00ed p\u00e9\u010de\">[&#8230;]<\/a><\/p>\n<\/div>","protected":false},"author":1,"featured_media":0,"comment_status":"open","ping_status":"closed","sticky":false,"template":"","format":"standard","meta":{"footnotes":""},"categories":[9],"tags":[],"class_list":["post-27981","post","type-post","status-publish","format-standard","hentry","category-zpravy"],"_links":{"self":[{"href":"https:\/\/www.invarena.cz\/index.php?rest_route=\/wp\/v2\/posts\/27981","targetHints":{"allow":["GET"]}}],"collection":[{"href":"https:\/\/www.invarena.cz\/index.php?rest_route=\/wp\/v2\/posts"}],"about":[{"href":"https:\/\/www.invarena.cz\/index.php?rest_route=\/wp\/v2\/types\/post"}],"author":[{"embeddable":true,"href":"https:\/\/www.invarena.cz\/index.php?rest_route=\/wp\/v2\/users\/1"}],"replies":[{"embeddable":true,"href":"https:\/\/www.invarena.cz\/index.php?rest_route=%2Fwp%2Fv2%2Fcomments&post=27981"}],"version-history":[{"count":0,"href":"https:\/\/www.invarena.cz\/index.php?rest_route=\/wp\/v2\/posts\/27981\/revisions"}],"wp:attachment":[{"href":"https:\/\/www.invarena.cz\/index.php?rest_route=%2Fwp%2Fv2%2Fmedia&parent=27981"}],"wp:term":[{"taxonomy":"category","embeddable":true,"href":"https:\/\/www.invarena.cz\/index.php?rest_route=%2Fwp%2Fv2%2Fcategories&post=27981"},{"taxonomy":"post_tag","embeddable":true,"href":"https:\/\/www.invarena.cz\/index.php?rest_route=%2Fwp%2Fv2%2Ftags&post=27981"}],"curies":[{"name":"wp","href":"https:\/\/api.w.org\/{rel}","templated":true}]}}