{"id":27993,"date":"2017-04-24T09:38:33","date_gmt":"2017-04-24T07:38:33","guid":{"rendered":"http:\/\/www.invarena.cz\/?p=27993"},"modified":"2017-04-24T09:38:33","modified_gmt":"2017-04-24T07:38:33","slug":"nemocni-seniori-se-tesi-na-pergolu-prispel-na-ni-kazdy-kdo-si-koupil-na-veletrhu-kabelku","status":"publish","type":"post","link":"https:\/\/www.invarena.cz\/?p=27993","title":{"rendered":"Nemocn\u00ed senio\u0159i se t\u011b\u0161\u00ed na pergolu. P\u0159isp\u011bl na ni ka\u017ed\u00fd, kdo si koupil na veletrhu kabelku"},"content":{"rendered":"<p><strong>Tr\u00e1vit v\u00edce \u010dasu venku budou moci i lid\u00e9 p\u0159ipoutan\u00ed trvale na l\u016f\u017eko.<\/strong><!--more--><\/p>\n<p>Zl\u00edn \u2013 I senio\u0159i na voz\u00ed\u010dku nebo upoutan\u00ed na l\u016f\u017eko budou moci na \u010derstv\u00fd vzduch. V okol\u00ed pergoly, kterou do l\u00e9ta postav\u00ed v Dom\u011b pokojn\u00e9ho st\u00e1\u0159\u00ed Nad\u011bje ve Zl\u00edn\u011b, si budou moci dokonce hr\u00e1bnout do hl\u00edny a o\u0161et\u0159ovat kv\u011btiny v truhl\u00edc\u00edch. Pergolu, kter\u00e1 vyjde na 90 tis\u00edc korun, zaplat\u00ed Nad\u011bje z v\u00fdt\u011b\u017eku Kabelkov\u00e9ho veletrhu. P\u0159isp\u011bli na ni v\u0161ichni, kte\u0159\u00ed si n\u011bjakou kabelku ve zl\u00ednsk\u00e9m divadle koupili.<\/p>\n<p>&#8222;Kdy\u017e je v l\u00e9t\u011b horko a sv\u00edt\u00ed slunce, mus\u00edme b\u00fdt ve st\u00ednu, tak\u017ee se moc t\u011b\u0161\u00edme, \u017ee budeme m\u00edt alt\u00e1nek, kam se p\u0159ed sluncem schov\u00e1me,&#8220; \u0159\u00edk\u00e1 seniorka Marie Str\u00e1n\u00edkov\u00e1.<\/p>\n<p>V domov\u011b \u017eije p\u0159es dva roky. Z jedn\u00e9 z minul\u00fdch charitativn\u00edch sb\u00edrek m\u00e1 dokonce i modern\u00ed postel, kter\u00e1 je polohovateln\u00e1.<\/p>\n<p>&#8222;V\u00fdborn\u011b se na n\u00ed sp\u00ed. Jsme r\u00e1di, \u017ee se poda\u0159ily vybrat pen\u00edze na koupi postel\u00ed a te\u010f i na alt\u00e1nek,&#8220; zaradovala se spokojen\u011b. &#8222;M\u00e1m 97 let a moc se mi tu l\u00edb\u00ed, d\u011blaj\u00ed pro n\u00e1s r\u016fzn\u00e9 aktivity,&#8220; pochv\u00e1lila pracovn\u00ed kolektiv domova.<\/p>\n<p>Marie Str\u00e1n\u00edkov\u00e1 p\u016fvodn\u011b pracovala v mate\u0159sk\u00e9 \u0161kole jako p\u011bstounka. &#8222;Bydlela jsem v byt\u011b ve Zl\u00edn\u011b, ale pak m\u00e9 dce\u0159i, kter\u00e1 u\u017e je tak\u00e9 v d\u016fchodu, onemocn\u011bl man\u017eel a musela se o n\u011bj celodenn\u011b starat. Rozhodla jsem se, \u017ee jim p\u0159enech\u00e1m byt a p\u016fjdu do domova,&#8220; popsala seniorka.<\/p>\n<p>Ve zl\u00ednsk\u00e9m Dom\u011b pokojn\u00e9ho st\u00e1\u0159\u00ed Nad\u011bje se dokonce potkala se svou kamar\u00e1dkou z d\u011btstv\u00ed. Spole\u010dn\u011b jsou narozen\u00e9 v roce 1919 a jsou nejstar\u0161\u00edmi obyvatelkami domova. Vit\u00e1ln\u00ed d\u016fchodkyn\u011b jsou p\u0159itom st\u00e1le pln\u00e9 \u017eivota a energie.<\/p>\n<p>V za\u0159\u00edzen\u00ed \u017eije tak\u00e9 19 pacient\u016f s Alzheimerovou chorobou. &#8222;Celkem tady m\u00e1me 65 senior\u016f, z toho 19 posti\u017een\u00fdch z\u00e1va\u017enou nemoc\u00ed,&#8220; potvrdila \u0159editelka Kate\u0159ina Pivo\u0148kov\u00e1 s t\u00edm, \u017ee pr\u00e1ce s t\u011bmito lidmi je velmi n\u00e1ro\u010dn\u00e1 a vy\u010derp\u00e1vaj\u00edc\u00ed.<\/p>\n<p>&#8222;Nemocn\u00ed \u010dasto nejsou schopni n\u011bjak\u00e9 odezvy, nemluv\u00ed, vyd\u00e1vaj\u00ed jen n\u011bjak\u00e9 zvuky. Nav\u00edc bohu\u017eel okam\u017eit\u011b zapomenou, co d\u011blali p\u0159ed chv\u00edl\u00ed nebo v\u010dera,&#8220; popsala komplikace z\u00e1ke\u0159n\u00e9 nemoci. S lidmi s Alzheimerovou chorobou pom\u00e1haj\u00ed nejen vystudovan\u00e9 zdravotn\u00ed sestry a pracovn\u00edci v soci\u00e1ln\u00edch slu\u017eb\u00e1ch, ale tak\u00e9 dobrovoln\u00edci. &#8222;Pr\u00e1ce je velmi n\u00e1ro\u010dn\u00e1 a n\u011bkdy demotivuj\u00edc\u00ed, ale bav\u00ed m\u011b,&#8220; sv\u011b\u0159ila se Blanka Kraj\u00ed\u010dkov\u00e1, kter\u00e1 ve zdej\u0161\u00edm denn\u00edm stacion\u00e1\u0159i pracuje p\u0159es 11 let.<\/p>\n<p>Pe\u010duje o seniory, kte\u0159\u00ed byli je\u0161t\u011b ned\u00e1vno zdrav\u00ed, pln\u00ed s\u00edly a radosti. Nyn\u00ed je vid\u00ed zapom\u00ednat, ztr\u00e1cet kontrolu nad sebou, vid\u00ed, jak je opou\u0161t\u00ed radost. &#8222;Je to smutn\u00e9, ale sna\u017e\u00edme se st\u00e1le jim \u017eivot zp\u0159\u00edjem\u0148ovat a vylep\u0161ovat,&#8220; doplnila s t\u00edm, \u017ee pr\u00e1v\u011b v\u00fdt\u011b\u017eek z Kabelkov\u00e9ho veletrhu pom\u00e1h\u00e1 klient\u016fm domova k plnohodnotn\u011bj\u0161\u00edmu \u017eivotu.<\/p>\n<p>MARCELA KANIOV\u00c1<br \/>\nZl\u00ednsk\u00fd den\u00edk<br \/>\n<a href=\"http:\/\/www.zlinsky.denik.cz\/\">http:\/\/www.zlinsky.denik.cz\/<\/a><\/p>\n","protected":false},"excerpt":{"rendered":"<div class=\"mh-excerpt\"><p>Tr\u00e1vit v\u00edce \u010dasu venku budou moci i lid\u00e9 p\u0159ipoutan\u00ed trvale na l\u016f\u017eko.<\/p>\n<\/div>","protected":false},"author":1,"featured_media":19375,"comment_status":"open","ping_status":"closed","sticky":false,"template":"","format":"standard","meta":{"footnotes":""},"categories":[9],"tags":[],"class_list":["post-27993","post","type-post","status-publish","format-standard","has-post-thumbnail","hentry","category-zpravy"],"_links":{"self":[{"href":"https:\/\/www.invarena.cz\/index.php?rest_route=\/wp\/v2\/posts\/27993","targetHints":{"allow":["GET"]}}],"collection":[{"href":"https:\/\/www.invarena.cz\/index.php?rest_route=\/wp\/v2\/posts"}],"about":[{"href":"https:\/\/www.invarena.cz\/index.php?rest_route=\/wp\/v2\/types\/post"}],"author":[{"embeddable":true,"href":"https:\/\/www.invarena.cz\/index.php?rest_route=\/wp\/v2\/users\/1"}],"replies":[{"embeddable":true,"href":"https:\/\/www.invarena.cz\/index.php?rest_route=%2Fwp%2Fv2%2Fcomments&post=27993"}],"version-history":[{"count":0,"href":"https:\/\/www.invarena.cz\/index.php?rest_route=\/wp\/v2\/posts\/27993\/revisions"}],"wp:featuredmedia":[{"embeddable":true,"href":"https:\/\/www.invarena.cz\/index.php?rest_route=\/wp\/v2\/media\/19375"}],"wp:attachment":[{"href":"https:\/\/www.invarena.cz\/index.php?rest_route=%2Fwp%2Fv2%2Fmedia&parent=27993"}],"wp:term":[{"taxonomy":"category","embeddable":true,"href":"https:\/\/www.invarena.cz\/index.php?rest_route=%2Fwp%2Fv2%2Fcategories&post=27993"},{"taxonomy":"post_tag","embeddable":true,"href":"https:\/\/www.invarena.cz\/index.php?rest_route=%2Fwp%2Fv2%2Ftags&post=27993"}],"curies":[{"name":"wp","href":"https:\/\/api.w.org\/{rel}","templated":true}]}}