{"id":27995,"date":"2017-04-20T14:43:55","date_gmt":"2017-04-20T12:43:55","guid":{"rendered":"http:\/\/www.invarena.cz\/?p=27995"},"modified":"2017-04-20T14:43:55","modified_gmt":"2017-04-20T12:43:55","slug":"projekt-socialniho-taxi-ma-sanci-uspet-zada-o-podporu","status":"publish","type":"post","link":"https:\/\/www.invarena.cz\/?p=27995","title":{"rendered":"Projekt soci\u00e1ln\u00edho taxi m\u00e1 \u0161anci usp\u011bt, \u017e\u00e1d\u00e1 o podporu"},"content":{"rendered":"<p><strong>Nad\u0161enci cht\u011bj\u00ed na Jen\u00edkovsku z\u0159\u00eddit tax\u00edky pro seniory<\/strong> <!--more--><\/p>\n<p>Gol\u010d\u016fv Jen\u00edkov \u2013 S projektem soci\u00e1ln\u00edho taxi p\u0159i\u0161el nada\u010dn\u00ed fond Aktivn\u00ed \u017eeny z Gol\u010dova Jen\u00edkova. Projekt \u0159e\u0161\u00ed tolik diskutovan\u00e9 t\u00e9ma dopravy z okoln\u00edch obc\u00ed do centra Gol\u010dova Jen\u00edkova nebo i do dal\u0161\u00edch m\u011bst. Autobusov\u00e1 doprava je nedostate\u010dn\u00e1, p\u0159edev\u0161\u00edm co do \u010dasov\u00fdch interval\u016f.<\/p>\n<p>Projekt ale zat\u00edm marn\u011b hledal pot\u0159ebnou podporu. Nyn\u00ed by ji, zd\u00e1 se, mohl z\u00edskat. &#8222;V sout\u011b\u017ei nazvan\u00e9 \u010cSOB pom\u00e1h\u00e1 region\u016fm, jsme u\u017e loni s na\u0161\u00edm projektem postoupili do fin\u00e1le a usp\u011bli. \u010cSOB (\u010ceskoslovensk\u00e1 obchodn\u00ed banka) n\u00e1m poskytla ur\u010ditou \u010d\u00e1stku, ale to na zah\u00e1jen\u00ed na\u0161eho projektu nesta\u010d\u00ed. Tak jsme letos zkusili riskovat a vstoupili op\u011bt do sout\u011b\u017ee jako takzvan\u00e1 divok\u00e1 karta za Kraj Vyso\u010dina&#8220;, informoval mluv\u010d\u00ed a jednatel nada\u010dn\u00edho fondu Petr Kotting.<\/p>\n<p>Pokud se fondu poda\u0159\u00ed v hlasov\u00e1n\u00ed z\u00edskat dostate\u010dnou podporu ve\u0159ejnosti, m\u00e1 projekt \u0161anci na finan\u010dn\u00ed p\u0159\u00edsp\u011bvek. Jak up\u0159esnil Kotting, u\u017e nyn\u00ed je projekt soci\u00e1ln\u00edho taxi hodnocen po\u0159adateli sout\u011b\u017ee kladn\u011b.<\/p>\n<p>Pro\u0161el p\u0159\u00edsn\u00fdm hodnocen\u00edm komise, kter\u00e1 vybrala z ka\u017ed\u00e9ho kraje pouh\u00e9 t\u0159i \u017eadatele. Ti se budou moci uch\u00e1zet o podporu ve\u0159ejnosti formou internetov\u00e9ho hlasov\u00e1n\u00ed, kter\u00e9 se uzav\u0159e koncem dubna. V\u00edt\u011bzov\u00e9 sout\u011b\u017ee mohou z\u00edskat podporu v des\u00edtk\u00e1ch tis\u00edc korun. Jak vysv\u011btlil Petr Kotting, m\u011bl Nada\u010dn\u00ed fond p\u016fvodn\u011b v \u00famyslu z\u0159\u00eddit takzvan\u00e9 senior taxi, ale nyn\u00ed by cht\u011bl roz\u0161\u00ed\u0159it slu\u017eby tax\u00edku nejen pro seniory.<\/p>\n<p>&#8222;Zajistit dopravu k l\u00e9ka\u0159i nebo na \u00fa\u0159ad pot\u0159ebuj\u00ed nejen senio\u0159i, ale i pom\u011brn\u011b mlad\u00ed lid\u00e9, kter\u00fdm v\u00e1\u017en\u00e9 zdravotn\u00ed posti\u017een\u00ed nedovol\u00ed \u0159\u00eddit auto, nebo maminky s mal\u00fdmi d\u011btmi, pro kter\u00e9 je dlouh\u00e1 cesta vlakem nebo autobusem probl\u00e9m,&#8220; podotkl Kotting.<\/p>\n<p>U\u017e p\u0159ed dv\u011bma lety, kdy s projektem Petr Kotting poprv\u00e9 p\u0159i\u0161el, m\u011bl podporu starosty Gol\u010dova Jen\u00edkova Vlastimila Maru\u0161\u00e1ka. Zajistit autodopravu soci\u00e1ln\u00edho typu nen\u00ed legrace. S t\u00edm m\u00e1 jednatel nada\u010dn\u00edho fondu Kotting u\u017e bohat\u00e9 zku\u0161enosti. &#8222;Probl\u00e9m nastane, kdy\u017e se m\u00e1me takzvan\u011b vej\u00edt do n\u011bjak\u00e9ho dota\u010dn\u00edho titulu. \u00da\u0159ady vypisuj\u00ed jak\u00e9si granty na ur\u010dit\u00e9 t\u00e9ma, do kter\u00fdch se bu\u010f vejdete, nebo ne. M\u00edsto toho, aby \u00fa\u0159ad vyslechl v\u00e1\u0161 n\u00e1vrh, posoudil projekt a na z\u00e1klad\u011b vyk\u00e1zan\u00e9 pot\u0159ebnosti mu dal podporu. Nemus\u00edm \u0159\u00edkat, \u017ee grant na dopravu pro pot\u0159ebn\u00e9, seniory \u010di posti\u017een\u00e9 se nikde neobjevil, nemus\u00edm ani mluvit o tom, \u017ee sponzo\u0159i, kte\u0159\u00ed by v\u011bnovali pen\u00edze na koupi a provoz tax\u00edku, jen\u017e by zajistil soci\u00e1ln\u00ed dopravu, se bohu\u017eel nehrnou,&#8220; dodal Kotting.<\/p>\n<p>\u0160T\u011aP\u00c1NKA SAADOUNI<br \/>\nHavl\u00ed\u010dkobrodsk\u00fd den\u00edk<br \/>\n<a href=\"http:\/\/havlickobrodsky.denik.cz\/\">http:\/\/havlickobrodsky.denik.cz\/<\/a><\/p>\n","protected":false},"excerpt":{"rendered":"<div class=\"mh-excerpt\"><p>Nad\u0161enci cht\u011bj\u00ed na Jen\u00edkovsku z\u0159\u00eddit tax\u00edky pro seniory<\/p>\n<\/div>","protected":false},"author":1,"featured_media":5054,"comment_status":"open","ping_status":"closed","sticky":false,"template":"","format":"standard","meta":{"footnotes":""},"categories":[9],"tags":[],"class_list":["post-27995","post","type-post","status-publish","format-standard","has-post-thumbnail","hentry","category-zpravy"],"_links":{"self":[{"href":"https:\/\/www.invarena.cz\/index.php?rest_route=\/wp\/v2\/posts\/27995","targetHints":{"allow":["GET"]}}],"collection":[{"href":"https:\/\/www.invarena.cz\/index.php?rest_route=\/wp\/v2\/posts"}],"about":[{"href":"https:\/\/www.invarena.cz\/index.php?rest_route=\/wp\/v2\/types\/post"}],"author":[{"embeddable":true,"href":"https:\/\/www.invarena.cz\/index.php?rest_route=\/wp\/v2\/users\/1"}],"replies":[{"embeddable":true,"href":"https:\/\/www.invarena.cz\/index.php?rest_route=%2Fwp%2Fv2%2Fcomments&post=27995"}],"version-history":[{"count":0,"href":"https:\/\/www.invarena.cz\/index.php?rest_route=\/wp\/v2\/posts\/27995\/revisions"}],"wp:featuredmedia":[{"embeddable":true,"href":"https:\/\/www.invarena.cz\/index.php?rest_route=\/wp\/v2\/media\/5054"}],"wp:attachment":[{"href":"https:\/\/www.invarena.cz\/index.php?rest_route=%2Fwp%2Fv2%2Fmedia&parent=27995"}],"wp:term":[{"taxonomy":"category","embeddable":true,"href":"https:\/\/www.invarena.cz\/index.php?rest_route=%2Fwp%2Fv2%2Fcategories&post=27995"},{"taxonomy":"post_tag","embeddable":true,"href":"https:\/\/www.invarena.cz\/index.php?rest_route=%2Fwp%2Fv2%2Ftags&post=27995"}],"curies":[{"name":"wp","href":"https:\/\/api.w.org\/{rel}","templated":true}]}}