{"id":28009,"date":"2017-04-21T12:03:31","date_gmt":"2017-04-21T10:03:31","guid":{"rendered":"http:\/\/www.invarena.cz\/?p=28009"},"modified":"2017-04-21T12:03:31","modified_gmt":"2017-04-21T10:03:31","slug":"kociankovsti-vas-opet-privitaji-v-zahradach-lidskych-hodnot","status":"publish","type":"post","link":"https:\/\/www.invarena.cz\/?p=28009","title":{"rendered":"Koci\u00e1nkov\u0161t\u00ed V\u00e1s op\u011bt p\u0159iv\u00edtaj\u00ed v Zahrad\u00e1ch lidsk\u00fdch hodnot"},"content":{"rendered":"<p><strong>Ji\u017e sedm\u00fdm rokem se Centrum Koci\u00e1nka, s\u00eddl\u00edc\u00ed v Brn\u011b Kr\u00e1lov\u011b Poli, otev\u0159e ve\u0159ejnosti prost\u0159ednictv\u00edm festivalu Dobr\u00fd den Koci\u00e1nko, a to ve \u010dtvrtek 25. kv\u011btna v \u010dase od 10 do 21 hodin.<\/strong><br \/>\n<!--more--><br \/>\nZam\u011bstnanci, u\u017eivatel\u00e9 slu\u017eeb, \u00fa\u010dinkuj\u00edc\u00ed host\u00e9 a p\u0159\u00e1tel\u00e9 CK p\u0159ipravili bohat\u00fd program na n\u011bkolika sc\u00e9n\u00e1ch i v plen\u00e9ru parku Koci\u00e1nka. Z\u00e1\u0161titu nad akc\u00ed p\u0159evzal sen\u00e1tor Zden\u011bk Papou\u0161ek. I tento rok je koncipov\u00e1n jako Festival v zahrad\u00e1ch lidsk\u00fdch hodnot. Leto\u0161n\u00edm hodnot\u00e1m bude kralovat hodnota sebed\u016fv\u011bra.<\/p>\n<p>\u201eMy\u0161lenkou festivalu je nejen pobavit ve\u0159ejnost, ale tak\u00e9 ji sezn\u00e1mit s prost\u0159ed\u00edm zdravotn\u011b posti\u017een\u00fdch lid\u00ed a p\u0159ibl\u00ed\u017eit jim jejich \u017eivot. Stejn\u011b tak je pro n\u00e1s d\u016fle\u017eit\u00e9, aby na\u0161i u\u017eivatel\u00e9 p\u0159i\u0161li do styku s okoln\u00edm sv\u011btem. V tom n\u00e1m v\u0161em bude pom\u00e1hat leto\u0161n\u00ed hodnota sebed\u016fv\u011bra,\u201c vysv\u011btluje Tom\u00e1\u0161 P\u011btn\u00edk, jeden z organiz\u00e1tor\u016f leto\u0161n\u00edho ro\u010dn\u00edku a z\u00e1rove\u0148 garant koci\u00e1nkovsk\u00e9ho projektu Integra\u010dn\u00ed projekt.<\/p>\n<p>V hudebn\u00ed sekci se n\u00e1v\u0161t\u011bvn\u00edk\u016fm p\u0159edstav\u00ed ostravsk\u00fd Trigon band, dom\u00e1c\u00ed Hustej Rock p\u0159\u00edmo z Koci\u00e1nky a krnov\u0161t\u00ed melodi\u010dt\u00ed Brat\u0159i Orffov\u00e9. Pro milovn\u00edky divadla m\u00e1me nachystan\u00fd bohat\u00fd program, vedle student\u016f JAMU se p\u0159edstav\u00ed divadlo FACKA nebo DAM\u00daZA s loutkovou poh\u00e1dkou Golem. Tradi\u010dn\u00ed partner D\u016fm d\u011bt\u00ed a ml\u00e1de\u017ee Helceletova si p\u0159iprav\u00ed stanovi\u0161t\u011b na t\u00e9ma jednotliv\u00fdch hodnot pro Hrav\u00e9 dopoledne, kter\u00e1 pot\u011b\u0161\u00ed p\u0159edev\u0161\u00edm ty nejmen\u0161\u00ed n\u00e1v\u0161t\u011bvn\u00edky. U\u017eivatel\u00e9 a zam\u011bstnanci CK se v r\u00e1mci Spanil\u00e9 j\u00edzdy Koci\u00e1nky zapoj\u00ed do v\u0161ech programov\u00fdch \u010d\u00e1st\u00ed a objev\u00ed se na p\u00f3di\u00edch, v plen\u00e9ru, \u010di na Jarmarku, kde budou prezentovat slu\u017eby Centra Koci\u00e1nka. Na Jarmarku neziskov\u00fdch organizac\u00ed se z\u00e1rove\u0148 p\u0159edstav\u00ed kulturn\u011b-soci\u00e1ln\u00ed neziskov\u00e9 \u010di p\u0159\u00edsp\u011bvkov\u00e9 organizace z Jihomoravsk\u00e9ho kraje. Nebude chyb\u011bt ani sla\u0148ov\u00e1n\u00ed voz\u00ed\u010dk\u00e1\u0159\u016f a deskov\u00e9 hry klubu Baliend. Nov\u011b se p\u0159edstav\u00ed spolek Um\u011bn\u00edm proti zd\u00edm, kter\u00fd p\u0159iprav\u00ed pro n\u00e1v\u0161t\u011bvn\u00edky workshopy (hudebn\u00ed a rukod\u011bln\u00fd). Samoz\u0159ejmost\u00ed budou st\u00e1nky s ob\u010derstven\u00edm a zaru\u010den\u011b dobrou k\u00e1vou.<\/p>\n<p>V\u011b\u0159\u00edme, \u017ee s kapkou sebed\u016fv\u011bry a p\u00edle se n\u00e1m leto\u0161n\u00ed ro\u010dn\u00edk povede a festival si u\u017eijeme.<\/p>\n<p>Tiskov\u00e1 zpr\u00e1va<\/p>\n","protected":false},"excerpt":{"rendered":"<div class=\"mh-excerpt\"><p>Ji\u017e sedm\u00fdm rokem se Centrum Koci\u00e1nka, s\u00eddl\u00edc\u00ed v Brn\u011b Kr\u00e1lov\u011b Poli, otev\u0159e ve\u0159ejnosti prost\u0159ednictv\u00edm festivalu Dobr\u00fd den Koci\u00e1nko, a to ve \u010dtvrtek 25. kv\u011btna v <a class=\"mh-excerpt-more\" href=\"https:\/\/www.invarena.cz\/?p=28009\" title=\"Koci\u00e1nkov\u0161t\u00ed V\u00e1s op\u011bt p\u0159iv\u00edtaj\u00ed v Zahrad\u00e1ch lidsk\u00fdch hodnot\">[&#8230;]<\/a><\/p>\n<\/div>","protected":false},"author":1,"featured_media":0,"comment_status":"open","ping_status":"closed","sticky":false,"template":"","format":"standard","meta":{"footnotes":""},"categories":[17,7,9],"tags":[],"class_list":["post-28009","post","type-post","status-publish","format-standard","hentry","category-kultura","category-spolecnost","category-zpravy"],"_links":{"self":[{"href":"https:\/\/www.invarena.cz\/index.php?rest_route=\/wp\/v2\/posts\/28009","targetHints":{"allow":["GET"]}}],"collection":[{"href":"https:\/\/www.invarena.cz\/index.php?rest_route=\/wp\/v2\/posts"}],"about":[{"href":"https:\/\/www.invarena.cz\/index.php?rest_route=\/wp\/v2\/types\/post"}],"author":[{"embeddable":true,"href":"https:\/\/www.invarena.cz\/index.php?rest_route=\/wp\/v2\/users\/1"}],"replies":[{"embeddable":true,"href":"https:\/\/www.invarena.cz\/index.php?rest_route=%2Fwp%2Fv2%2Fcomments&post=28009"}],"version-history":[{"count":0,"href":"https:\/\/www.invarena.cz\/index.php?rest_route=\/wp\/v2\/posts\/28009\/revisions"}],"wp:attachment":[{"href":"https:\/\/www.invarena.cz\/index.php?rest_route=%2Fwp%2Fv2%2Fmedia&parent=28009"}],"wp:term":[{"taxonomy":"category","embeddable":true,"href":"https:\/\/www.invarena.cz\/index.php?rest_route=%2Fwp%2Fv2%2Fcategories&post=28009"},{"taxonomy":"post_tag","embeddable":true,"href":"https:\/\/www.invarena.cz\/index.php?rest_route=%2Fwp%2Fv2%2Ftags&post=28009"}],"curies":[{"name":"wp","href":"https:\/\/api.w.org\/{rel}","templated":true}]}}