{"id":28017,"date":"2017-04-21T12:07:24","date_gmt":"2017-04-21T10:07:24","guid":{"rendered":"http:\/\/www.invarena.cz\/?p=28017"},"modified":"2017-04-21T12:07:24","modified_gmt":"2017-04-21T10:07:24","slug":"meningokok-vzal-dvoulete-pavlince-sanci-na-normalni-zivot","status":"publish","type":"post","link":"https:\/\/www.invarena.cz\/?p=28017","title":{"rendered":"Meningokok vzal dvoulet\u00e9 Pavl\u00ednce \u0161anci na norm\u00e1ln\u00ed \u017eivot"},"content":{"rendered":"<p><strong>Meningokokov\u00e1 infekce se zpo\u010d\u00e1tku projevuje jako b\u011b\u017en\u00e1 vir\u00f3za, ale b\u011bhem n\u011bkolika hodin m\u016f\u017ee zp\u016fsobit smrt nebo do\u017eivotn\u00ed posti\u017een\u00ed. A\u010dkoli proti t\u00e9to z\u00e1ke\u0159n\u00e9 nemoci existuje \u00fa\u010dinn\u00e9 o\u010dkov\u00e1n\u00ed, \u010ce\u0161i se zat\u00edm do ordinac\u00ed pro vakc\u00edny p\u0159\u00edli\u0161 nehrnou. N\u00e1sledky onemocn\u011bn\u00ed jsou p\u0159itom v\u011bt\u0161inou fat\u00e1ln\u00ed.<\/strong><!--more--><\/p>\n<p>Cel\u00fd \u010dl\u00e1nek <a href=\"https:\/\/www.novinky.cz\/domaci\/435657-meningokok-vzal-dvoulete-pavlince-sanci-na-normalni-zivot.html\">ZDE<\/a><\/p>\n","protected":false},"excerpt":{"rendered":"<div class=\"mh-excerpt\"><p>Meningokokov\u00e1 infekce se zpo\u010d\u00e1tku projevuje jako b\u011b\u017en\u00e1 vir\u00f3za, ale b\u011bhem n\u011bkolika hodin m\u016f\u017ee zp\u016fsobit smrt nebo do\u017eivotn\u00ed posti\u017een\u00ed. A\u010dkoli proti t\u00e9to z\u00e1ke\u0159n\u00e9 nemoci existuje \u00fa\u010dinn\u00e9 <a class=\"mh-excerpt-more\" href=\"https:\/\/www.invarena.cz\/?p=28017\" title=\"Meningokok vzal dvoulet\u00e9 Pavl\u00ednce \u0161anci na norm\u00e1ln\u00ed \u017eivot\">[&#8230;]<\/a><\/p>\n<\/div>","protected":false},"author":1,"featured_media":14373,"comment_status":"open","ping_status":"closed","sticky":false,"template":"","format":"standard","meta":{"footnotes":""},"categories":[9],"tags":[],"class_list":["post-28017","post","type-post","status-publish","format-standard","has-post-thumbnail","hentry","category-zpravy"],"_links":{"self":[{"href":"https:\/\/www.invarena.cz\/index.php?rest_route=\/wp\/v2\/posts\/28017","targetHints":{"allow":["GET"]}}],"collection":[{"href":"https:\/\/www.invarena.cz\/index.php?rest_route=\/wp\/v2\/posts"}],"about":[{"href":"https:\/\/www.invarena.cz\/index.php?rest_route=\/wp\/v2\/types\/post"}],"author":[{"embeddable":true,"href":"https:\/\/www.invarena.cz\/index.php?rest_route=\/wp\/v2\/users\/1"}],"replies":[{"embeddable":true,"href":"https:\/\/www.invarena.cz\/index.php?rest_route=%2Fwp%2Fv2%2Fcomments&post=28017"}],"version-history":[{"count":0,"href":"https:\/\/www.invarena.cz\/index.php?rest_route=\/wp\/v2\/posts\/28017\/revisions"}],"wp:featuredmedia":[{"embeddable":true,"href":"https:\/\/www.invarena.cz\/index.php?rest_route=\/wp\/v2\/media\/14373"}],"wp:attachment":[{"href":"https:\/\/www.invarena.cz\/index.php?rest_route=%2Fwp%2Fv2%2Fmedia&parent=28017"}],"wp:term":[{"taxonomy":"category","embeddable":true,"href":"https:\/\/www.invarena.cz\/index.php?rest_route=%2Fwp%2Fv2%2Fcategories&post=28017"},{"taxonomy":"post_tag","embeddable":true,"href":"https:\/\/www.invarena.cz\/index.php?rest_route=%2Fwp%2Fv2%2Ftags&post=28017"}],"curies":[{"name":"wp","href":"https:\/\/api.w.org\/{rel}","templated":true}]}}