{"id":28022,"date":"2017-04-25T11:18:05","date_gmt":"2017-04-25T09:18:05","guid":{"rendered":"http:\/\/www.invarena.cz\/?p=28022"},"modified":"2017-04-25T11:18:05","modified_gmt":"2017-04-25T09:18:05","slug":"mohu-v-id-3-stupne-vykonavat-praci-na-plny-uvazek","status":"publish","type":"post","link":"https:\/\/www.invarena.cz\/?p=28022","title":{"rendered":"Mohu v ID 3. stupn\u011b vykon\u00e1vat pr\u00e1ci na pln\u00fd \u00favazek?"},"content":{"rendered":"<p><strong>Dotaz:<\/strong><br \/>\n<strong> Od b\u0159ezna 2017 mi byl p\u0159izn\u00e1n invalidn\u00ed d\u016fchod 3.stupn\u011b. M\u00e9 p\u016fvodn\u00ed povol\u00e1n\u00ed je prodava\u010dka na \u00faseku masa v Kauflandu. Z d\u016fvodu dlouhodob\u011b nep\u0159\u00edzniv\u00e9ho zdravotn\u00edho stavu poklesla moje pracovn\u00ed schopnost o 70%. Cht\u011bla bych poradit, jestli mohu d\u00e1le vykon\u00e1vat jakoukoli m\u011b fyzicky vyhovuj\u00edc\u00ed pr\u00e1ci na pln\u00fd \u00favazek?<\/strong><br \/>\n<!--more--><br \/>\nOdpov\u011b\u010f:<\/p>\n<p>Odborn\u00edci, mezi kter\u00e9 pat\u0159\u00ed nap\u0159\u00edklad p\u0159edseda N\u00e1rodn\u00ed rady osob se zdravotn\u00edm posti\u017een\u00edm V\u00e1clav kr\u00e1sa, doporu\u010duj\u00ed, aby p\u0159\u00edjemci ID 3. stupn\u011b pracovali p\u0159ibli\u017en\u011b na 3 hodiny denn\u011b.<\/p>\n<p>Ve Va\u0161em p\u0159\u00edpad\u011b by se tak mohlo st\u00e1t, \u017ee pokud byste pracovala na pln\u00fd \u00favazek, mohla by V\u00e1m \u010cSSZ invalidn\u00ed d\u016fchod 3. stupn\u011b odejmout.<\/p>\n<p>Pokud se V\u00e1m poda\u0159\u00ed nal\u00e9zt zam\u011bstn\u00e1n\u00ed na 3 a\u017e 4 hodiny denn\u011b, kter\u00e9 bude odpov\u00eddat Va\u0161emu fyzick\u00e9mu stavu, tak V\u00e1m takov\u00e9 riziko nehroz\u00ed.<\/p>\n<p>Samoz\u0159ejm\u011b je v\u017edy ot\u00e1zkou, zda si nenal\u00e9zt zam\u011bstn\u00e1n\u00ed klidn\u011b i na pln\u00fd \u00favazek, kter\u00e9 bude dob\u0159e finan\u010dn\u011b ohodnocen\u00e9 a budete ho ve sv\u00e9m fyzick\u00e9m stavu zvl\u00e1dat a p\u0159\u00edpadn\u00e9 odejmut\u00ed ID V\u00e1s tak z\u00e1sadn\u011b finan\u010dn\u011b nezas\u00e1hne.<\/p>\n<p>Ji\u0159\u00ed Marek<br \/>\ninvArena<\/p>\n","protected":false},"excerpt":{"rendered":"<div class=\"mh-excerpt\"><p>Dotaz: Od b\u0159ezna 2017 mi byl p\u0159izn\u00e1n invalidn\u00ed d\u016fchod 3.stupn\u011b. M\u00e9 p\u016fvodn\u00ed povol\u00e1n\u00ed je prodava\u010dka na \u00faseku masa v Kauflandu. Z d\u016fvodu dlouhodob\u011b nep\u0159\u00edzniv\u00e9ho zdravotn\u00edho <a class=\"mh-excerpt-more\" href=\"https:\/\/www.invarena.cz\/?p=28022\" title=\"Mohu v ID 3. stupn\u011b vykon\u00e1vat pr\u00e1ci na pln\u00fd \u00favazek?\">[&#8230;]<\/a><\/p>\n<\/div>","protected":false},"author":3,"featured_media":18723,"comment_status":"open","ping_status":"closed","sticky":false,"template":"","format":"standard","meta":{"footnotes":""},"categories":[18,9],"tags":[],"class_list":["post-28022","post","type-post","status-publish","format-standard","has-post-thumbnail","hentry","category-poradna","category-zpravy"],"_links":{"self":[{"href":"https:\/\/www.invarena.cz\/index.php?rest_route=\/wp\/v2\/posts\/28022","targetHints":{"allow":["GET"]}}],"collection":[{"href":"https:\/\/www.invarena.cz\/index.php?rest_route=\/wp\/v2\/posts"}],"about":[{"href":"https:\/\/www.invarena.cz\/index.php?rest_route=\/wp\/v2\/types\/post"}],"author":[{"embeddable":true,"href":"https:\/\/www.invarena.cz\/index.php?rest_route=\/wp\/v2\/users\/3"}],"replies":[{"embeddable":true,"href":"https:\/\/www.invarena.cz\/index.php?rest_route=%2Fwp%2Fv2%2Fcomments&post=28022"}],"version-history":[{"count":0,"href":"https:\/\/www.invarena.cz\/index.php?rest_route=\/wp\/v2\/posts\/28022\/revisions"}],"wp:featuredmedia":[{"embeddable":true,"href":"https:\/\/www.invarena.cz\/index.php?rest_route=\/wp\/v2\/media\/18723"}],"wp:attachment":[{"href":"https:\/\/www.invarena.cz\/index.php?rest_route=%2Fwp%2Fv2%2Fmedia&parent=28022"}],"wp:term":[{"taxonomy":"category","embeddable":true,"href":"https:\/\/www.invarena.cz\/index.php?rest_route=%2Fwp%2Fv2%2Fcategories&post=28022"},{"taxonomy":"post_tag","embeddable":true,"href":"https:\/\/www.invarena.cz\/index.php?rest_route=%2Fwp%2Fv2%2Ftags&post=28022"}],"curies":[{"name":"wp","href":"https:\/\/api.w.org\/{rel}","templated":true}]}}