{"id":28033,"date":"2017-04-24T18:42:32","date_gmt":"2017-04-24T16:42:32","guid":{"rendered":"http:\/\/www.invarena.cz\/?p=28033"},"modified":"2017-04-24T18:42:32","modified_gmt":"2017-04-24T16:42:32","slug":"leceni-psem-pomaha-detem-i-starym-lidem","status":"publish","type":"post","link":"https:\/\/www.invarena.cz\/?p=28033","title":{"rendered":"L\u00e9\u010den\u00ed psem pom\u00e1h\u00e1 d\u011btem i star\u00fdm lidem"},"content":{"rendered":"<p><strong>L\u00e9\u010debn\u00fd kontakt psa a \u010dlov\u011bka vrac\u00ed v Blansku lidi do \u017eivota u\u017e p\u0159es dvacet let. Canisterpii vyu\u017e\u00edvaj\u00ed na z\u00e1kladn\u00ed \u0161kole, v nemocnici i domov\u011b d\u016fchodc\u016f.<\/strong><!--more--><\/p>\n<p>Blansko, Vy\u0161kov \u2013 Na za\u010d\u00e1tku byla Maggie. Tak se jmenovala fenka Mariky Zouharov\u00e9, kter\u00e1 v Blansku p\u0159ed dvaceti lety za\u010d\u00ednala s canisterapi\u00ed. M\u00e1lokdo neroztaje p\u0159i pohledu ps\u00edch o\u010d\u00ed nebo p\u0159i po\u0161\u0165ouchnut\u00ed vlhk\u00fdm ps\u00edm \u010dum\u00e1\u010dkem. Pes u\u017e svou p\u0159\u00edtomnost\u00ed vyvol\u00e1v\u00e1 dobrou n\u00e1ladu, uvol\u0148uje za\u0165at\u00e9 p\u011bsti nebo tlum\u00ed neklid, je to dobr\u00fd spole\u010dn\u00edk.<\/p>\n<p>A z toho v\u0161echo vych\u00e1z\u00ed canisterapie.<\/p>\n<p>Canis znamen\u00e1 latinky pes, canisterapie je tedy jednodu\u0161e l\u00e9\u010dba psem nebo sp\u00ed\u0161 ps\u00ed l\u00e1skou.<\/p>\n<p>&#8222;Maggie m\u011bla bohu\u017eel komplikovanou zlomeninu. U\u017e tenkr\u00e1t jsem pracovala v blanensk\u00e9 speci\u00e1ln\u00ed z\u00e1kladn\u00ed \u0161kole. Napadlo m\u011b, \u017ee by si moje posti\u017een\u00e1 fenka a d\u011bti z na\u0161\u00ed \u0161koly mohly navz\u00e1jem pomoci,&#8220; vzpom\u00edn\u00e1 Marika Zouharov\u00e1.<\/p>\n<p>Tehdej\u0161\u00ed \u0159editel Petr Han\u00e1k j\u00ed vy\u0161el vst\u0159\u00edc. \u0160kola vstoupila do zku\u0161ebn\u00edho projektu ministerstva \u0161kolstv\u00ed nazvan\u00e9ho Empatie posti\u017een\u00fd pes \u2013 posti\u017een\u00e9 d\u00edt\u011b. Informace z\u00edsk\u00e1vali ze zahrani\u010dn\u00edch zdroj\u016f, neexistovaly ani zkou\u0161ky pro psy.<\/p>\n<p>&#8222;Za\u010d\u00e1tky byly t\u011b\u017ek\u00e9, ale m\u011bla jsem a m\u00e1m velk\u00e9 \u0161t\u011bst\u00ed na kolegyn\u011b. Prvn\u00ed byla D\u00e1\u0161a Opat\u0159ilov\u00e1, se kterou jsme postupn\u011b se z\u00edsk\u00e1v\u00e1n\u00edm zku\u0161enost\u00ed rozpracov\u00e1valy metody takzvan\u00e9ho polohov\u00e1n\u00ed psa,&#8220; \u0159\u00edk\u00e1 psovodka.<\/p>\n<p>Pracuje s fenkami flat coated retr\u00edvra, kter\u00e9 se podle n\u00ed k tomuto \u00fa\u010delu nejv\u00edc hod\u00ed. &#8222;K fence jm\u00e9nem Ambra m\u00e1m je\u0161t\u011b o\u0159\u00ed\u0161ka H\u00e1\u0161u,&#8220; p\u0159edstavuje Zouharov\u00e1 svoji sme\u010dku.<\/p>\n<p>U\u017e t\u0159et\u00edm rokem nav\u0161t\u011bvuj\u00ed spole\u010dn\u011b pacienty v blanensk\u00e9 nemocnici. Pro lidi dlouhodob\u011b le\u017e\u00edc\u00ed na odd\u011blen\u00ed n\u00e1sledn\u00e9 p\u00e9\u010de m\u00e1 takov\u00e1 n\u00e1v\u0161t\u011bva velk\u00fd v\u00fdznam.<\/p>\n<p>&#8222;Pejsek zm\u00edr\u0148uje pocit osam\u011bn\u00ed a bolesti, proh\u0159eje ztuhl\u00e9 klouby, pacienti viditeln\u011b pook\u0159ej\u00ed,&#8220; potvrzuje fyzioterapeutka Ivana Fleischingerov\u00e1.<\/p>\n<p>Psi pom\u00e1haj\u00ed i d\u011btem na logopedii a obyvatel\u016fm domova d\u016fchodc\u016f. Ty chod\u00ed Ambra s H\u00e1\u0161ou rozveselovat dvakr\u00e1t t\u00fddn\u011b. &#8222;Canisterapie m\u00e1 pro na\u0161e klienty, a\u0165 pohybliv\u00e9 \u010di nepohybliv\u00e9, velk\u00fd smysl. Psi do na\u0161eho domova p\u0159in\u00e1\u0161ej\u00ed radost. I pro ty, kte\u0159\u00ed u\u017e ztratili z\u00e1jem o ve\u0161kerou komunikaci, jsou velkou motivac\u00ed,&#8220; v\u0161im\u00e1 si Ji\u0159ina Pr\u00e1tov\u00e1 z blanensk\u00e9ho Domova pro seniory.<\/p>\n<p>Canisterapie pom\u00e1h\u00e1 u\u017e n\u011bkolik let d\u011btsk\u00fdm a dlouhodob\u011b nemocn\u00fdm pacient\u016fm tak\u00e9 ve vy\u0161kovsk\u00e9 nemocnici. Ta stejn\u011b jako tamn\u00ed domov d\u016fchodc\u016f vyu\u017e\u00edv\u00e1 slu\u017eeb vy\u0161kovsk\u00e9ho sdru\u017een\u00ed Piafa. &#8222;Ano, na\u0161im klient\u016fm tuto slu\u017ebu zprost\u0159edkov\u00e1v\u00e1me. Terapie je individu\u00e1ln\u00ed nebo skupinov\u00e1, to podle zdravotn\u00edho stavu. P\u0159\u00ednos je na prvn\u00ed pohled viditeln\u00fd. Radost, pot\u011b\u0161en\u00ed z kontaktu se zv\u00ed\u0159etem i snaha o komunikaci tam, kde u\u017e bychom ji ne\u010dekali,&#8220; chv\u00e1l\u00ed canisterapii Marcela Preisov\u00e1 ze Soci\u00e1ln\u00edch slu\u017eeb Vy\u0161kov.<\/p>\n<p>S placen\u00edm t\u00e9to terapeutick\u00e9 metody se ka\u017ed\u00e9 za\u0159\u00edzen\u00ed vypo\u0159\u00e1d\u00e1v\u00e1 jinak. N\u011bkde si na\u0161li sponzory, jinde n\u00e1klady hrad\u00ed ze sv\u00fdch zdroj\u016f, v dal\u0161\u00edch p\u0159\u00edpadech si z\u00e1jemci slu\u017ebu plat\u00ed sami. V\u0161ichni se v\u0161ak shoduj\u00ed na tom, \u017ee se vynalo\u017een\u00e9 v\u00fddaje vyplat\u00ed.<\/p>\n<p>Co je canisterapie?<\/p>\n<p>Jedn\u00e1 se o l\u00e9\u010debn\u00fd kontakt speci\u00e1ln\u011b veden\u00e9ho a cvi\u010den\u00e9ho psa s \u010dlov\u011bkem. Kontakt se psem p\u0159edstavuje \u00fa\u010dinn\u00e9 rozpt\u00fdlen\u00ed pro lidi trp\u00edc\u00ed psychick\u00fdmi poruchami, depres\u00ed nebo pro ty, kte\u0159\u00ed se prost\u011b c\u00edt\u00ed opu\u0161t\u011bn\u011b. Terapeutick\u00e1 metoda nach\u00e1z\u00ed uplatn\u011bn\u00ed nap\u0159\u00edklad v domovech d\u016fchodc\u016f nebo d\u011btsk\u00fdch domovech. V \u00fastavech pro ment\u00e1ln\u011b a fyzicky posti\u017een\u00e9 tvo\u0159\u00ed pes sou\u010d\u00e1st rehabilitace. Napom\u00e1h\u00e1 procvi\u010dov\u00e1n\u00ed n\u011bkter\u00fdch \u010d\u00e1st\u00ed t\u011bla.<\/p>\n<p>JANA \u0160T\u00c9GNEROV\u00c1<br \/>\nBlanensk\u00fd den\u00edk<br \/>\n<a href=\"http:\/\/blanensky.denik.cz\/\">http:\/\/blanensky.denik.cz\/<\/a><\/p>\n","protected":false},"excerpt":{"rendered":"<div class=\"mh-excerpt\"><p>L\u00e9\u010debn\u00fd kontakt psa a \u010dlov\u011bka vrac\u00ed v Blansku lidi do \u017eivota u\u017e p\u0159es dvacet let. Canisterpii vyu\u017e\u00edvaj\u00ed na z\u00e1kladn\u00ed \u0161kole, v nemocnici i domov\u011b d\u016fchodc\u016f.<\/p>\n<\/div>","protected":false},"author":1,"featured_media":25585,"comment_status":"open","ping_status":"closed","sticky":false,"template":"","format":"standard","meta":{"footnotes":""},"categories":[9],"tags":[],"class_list":["post-28033","post","type-post","status-publish","format-standard","has-post-thumbnail","hentry","category-zpravy"],"_links":{"self":[{"href":"https:\/\/www.invarena.cz\/index.php?rest_route=\/wp\/v2\/posts\/28033","targetHints":{"allow":["GET"]}}],"collection":[{"href":"https:\/\/www.invarena.cz\/index.php?rest_route=\/wp\/v2\/posts"}],"about":[{"href":"https:\/\/www.invarena.cz\/index.php?rest_route=\/wp\/v2\/types\/post"}],"author":[{"embeddable":true,"href":"https:\/\/www.invarena.cz\/index.php?rest_route=\/wp\/v2\/users\/1"}],"replies":[{"embeddable":true,"href":"https:\/\/www.invarena.cz\/index.php?rest_route=%2Fwp%2Fv2%2Fcomments&post=28033"}],"version-history":[{"count":0,"href":"https:\/\/www.invarena.cz\/index.php?rest_route=\/wp\/v2\/posts\/28033\/revisions"}],"wp:featuredmedia":[{"embeddable":true,"href":"https:\/\/www.invarena.cz\/index.php?rest_route=\/wp\/v2\/media\/25585"}],"wp:attachment":[{"href":"https:\/\/www.invarena.cz\/index.php?rest_route=%2Fwp%2Fv2%2Fmedia&parent=28033"}],"wp:term":[{"taxonomy":"category","embeddable":true,"href":"https:\/\/www.invarena.cz\/index.php?rest_route=%2Fwp%2Fv2%2Fcategories&post=28033"},{"taxonomy":"post_tag","embeddable":true,"href":"https:\/\/www.invarena.cz\/index.php?rest_route=%2Fwp%2Fv2%2Ftags&post=28033"}],"curies":[{"name":"wp","href":"https:\/\/api.w.org\/{rel}","templated":true}]}}