{"id":28047,"date":"2017-04-26T10:59:44","date_gmt":"2017-04-26T08:59:44","guid":{"rendered":"http:\/\/www.invarena.cz\/?p=28047"},"modified":"2017-04-26T10:59:44","modified_gmt":"2017-04-26T08:59:44","slug":"kampan-proti-melanomu-navstivi-15-mest-prvni-bude-olomouc","status":"publish","type":"post","link":"https:\/\/www.invarena.cz\/?p=28047","title":{"rendered":"Kampa\u0148 proti melanomu nav\u0161t\u00edv\u00ed 15 m\u011bst. Prvn\u00ed bude Olomouc"},"content":{"rendered":"<p><strong>Lid\u00e9, kte\u0159\u00ed maj\u00ed na sv\u00e9m t\u011ble podez\u0159el\u00e9 pigmentov\u00e9 skvrny \u010di znam\u00e9nka, si je v kv\u011btnu mohou nechat zdarma zkontrolovat odborn\u00edky. Bezplatn\u00e9 vy\u0161et\u0159en\u00ed k\u016f\u017ee jim v r\u00e1mci vzd\u011bl\u00e1vac\u00edho preventivn\u00edho programu pod n\u00e1zvem Spolu proti melanomu nab\u00eddne v 15 m\u011bstech \u010cesk\u00e1 pr\u016fmyslov\u00e1 zdravotn\u00ed poji\u0161\u0165ovna (\u010cPZP).<\/strong><br \/>\n<!--more--><br \/>\n\u201e\u010cPZP umo\u017enila vy\u0161et\u0159en\u00ed k\u016f\u017ee zdarma ji\u017e loni, kdy se svou kampan\u00ed nav\u0161t\u00edvila osm m\u011bst. Pozitivn\u00ed ohlas u l\u00e9ka\u0159\u016f i velk\u00fd z\u00e1jem ve\u0159ejnosti n\u00e1s vedl k z\u00e1m\u011bru realizovat akci ve v\u011bt\u0161\u00edm rozsahu. Leto\u0161n\u00ed ro\u010dn\u00edk Spolu proti melanomu zah\u00e1j\u00edme v Olomouci na Horn\u00ed n\u00e1m\u011bst\u00ed, kam se zhruba po roce vr\u00e1t\u00edme v \u00fater\u00fd 2. kv\u011btna, posledn\u00edm m\u011bstem, kter\u00e9 nav\u0161t\u00edv\u00edme, bude v pond\u011bl\u00ed 29. kv\u011btna T\u0159eb\u00ed\u010d,\u201c uvedl vedouc\u00ed odboru produkt\u016f a slu\u017eeb \u010cPZP Libor Bedrl\u00edk.<\/p>\n<p>Vybaven\u00e9 stany budou letos disponovat t\u0159emi ordinacemi s pot\u0159ebn\u00fdm soukrom\u00edm, ve kter\u00fdch budou dermatologov\u00e9 ob\u010dan\u016fm vy\u0161et\u0159ovat pigmentov\u00e1 znam\u00e9nka. Konzultace je op\u011bt ur\u010dena v\u0161em z\u00e1jemc\u016fm, bez ohledu na p\u0159\u00edslu\u0161nost ke zdravotn\u00ed poji\u0161\u0165ovn\u011b. Samotn\u00e1 vy\u0161et\u0159en\u00ed budou v jednotliv\u00fdch m\u011bstech prob\u00edhat v\u017edy od 10 do 17 hodin.<\/p>\n<p>Podle statistik zem\u0159e na zhoubn\u00fd melanom k\u016f\u017ee 340 a\u017e 400 osob ro\u010dn\u011b. \u201eZhoubn\u00fd melanom pat\u0159\u00ed mezi nejz\u00e1ke\u0159n\u011bj\u0161\u00ed druhy rakoviny, nebo\u0165 za\u010d\u00edn\u00e1 relativn\u011b brzy metastazovat do dal\u0161\u00edch \u010d\u00e1st\u00ed a org\u00e1n\u016f lidsk\u00e9ho t\u011bla. Proto je \u017eivotn\u011b d\u016fle\u017eit\u00e9 odhalit nemoc v\u010das,\u201c zd\u016fraznil revizn\u00ed l\u00e9ka\u0159 \u010cesk\u00e9 pr\u016fmyslov\u00e9 zdravotn\u00ed poji\u0161\u0165ovny Ji\u0159\u00ed \u0158epi\u0161\u0165\u00e1k.<\/p>\n<p>Loni se b\u011bhem akce \u010cPZP v osmi m\u011bstech nechalo vy\u0161et\u0159it p\u0159es 6,5 tis\u00edce lid\u00ed. L\u00e9ka\u0159i p\u0159itom zachytili celkem 328 n\u00e1lez\u016f znam\u00e9nek, kter\u00e1 si vy\u017e\u00e1dala podrobn\u011bj\u0161\u00ed vy\u0161et\u0159en\u00ed. Konkr\u00e9tn\u011b v Olomouci odborn\u00edci z Fakultn\u00ed nemocnice zkontrolovali 1067 pacient\u016f, p\u0159i\u010dem\u017e po\u010det n\u00e1lez\u016f dos\u00e1hl 66, tj. 6,1 procenta. \u010cPZP eviduje za rok 2016 v Olomouck\u00e9m kraji 115 pacient\u016f, kte\u0159\u00ed onemocn\u011bli zhoubn\u00fdm melanomem. Zhoubn\u00fd melanom k\u016f\u017ee nebo jin\u00fd zhoubn\u00fd novotvar k\u016f\u017ee m\u011blo v roce 2016 celkem 1918 poji\u0161t\u011bnc\u016f \u010cPZP.<\/p>\n<p>Krom\u011b vy\u0161et\u0159en\u00ed k\u016f\u017ee v r\u00e1mci akce Spolu proti melanomu bude prostor v\u011bnov\u00e1n tak\u00e9 doprovodn\u00e9mu programu. \u201eAtraktivn\u00ed novinkou je m\u011b\u0159en\u00ed p\u0159\u00edstrojem InBody 270, z jeho\u017e v\u00fdsledku si n\u00e1v\u0161t\u011bvn\u00edci odnesou ti\u0161t\u011bn\u00fd sum\u00e1\u0159 a pov\u011bdom\u00ed o sv\u00e9m celkov\u00e9m zdravotn\u00edm stavu,\u201c uvedl Libor Bedrl\u00edk. Ve v\u0161ech m\u011bstech bude pro z\u00e1jemce odborn\u00e9 poradenstv\u00ed od dermokosmetick\u00e9 zna\u010dky La Roche-Posay ohledn\u011b mo\u017enost\u00ed a nutnosti ochrany poko\u017eky p\u0159ed slune\u010dn\u00edm z\u00e1\u0159en\u00edm v\u010detn\u011b mo\u017en\u00e9ho vyzkou\u0161en\u00ed si r\u016fzn\u00fdch sol\u00e1rn\u00edch produkt\u016f.<\/p>\n<p>T\u00e9matice prevence karcinomu bude v\u011bnov\u00e1na i dal\u0161\u00ed \u010d\u00e1st doprovodn\u00e9ho programu, ve kter\u00e9m z\u00e1stupci MammaHelp porad\u00ed se samovy\u0161et\u0159en\u00edm prsu. V\u00edce informac\u00ed o akci najdete na www.spoluprotimelanomu.cz.<\/p>\n<p>M\u00edsta a term\u00edny kampan\u011b Spolu proti melanomu 2017<\/p>\n<p>M\u011bsto Den Datum M\u00edsto<br \/>\nOlomouc \u00daT 2.5.2017 Horn\u00ed n\u00e1m\u011bst\u00ed<br \/>\nHodon\u00edn ST 3.5.2017 N\u00e1rodn\u00ed t\u0159\u00edda, prostor u sv\u011bteln\u00e9 k\u0159i\u017eovatky<br \/>\nZl\u00edn \u010cT 4.5.2017 n\u00e1m\u011bst\u00ed M\u00edru<br \/>\nBrno \u00daT 9.5.2017 n\u00e1m\u011bst\u00ed Svobody<br \/>\nJihlava ST 10.5.2017 Masarykovo n\u00e1m\u011bst\u00ed<br \/>\nHradec Kr\u00e1lov\u00e9 \u010cT 11.5.2017 Masarykovo n\u00e1m\u011bst\u00ed<br \/>\n\u00dast\u00ed nad Labem PO 15.5.2017 M\u00edrov\u00e9 n\u00e1m\u011bst\u00ed<br \/>\nKladno \u00daT 16.5.2017 ulice Na Str\u00e1ni 3340<br \/>\nPlze\u0148 ST 17.5.2017 n\u00e1m\u011bst\u00ed Republiky<br \/>\n\u010cesk\u00e9 Bud\u011bjovice \u010cT 18.5.2017 n\u00e1m. P\u0159emysla Otakara II<br \/>\nOstrava PO 22.5.2017 OC Nov\u00e1 Karolina, ul. Jantarov\u00e1<br \/>\nKarvin\u00e1 \u00daT 23.5.2017 Masarykovo n\u00e1m\u011bst\u00ed<br \/>\nT\u0159inec ST 24.5.2017 n\u00e1m\u011bst\u00ed Svobody<br \/>\nOpava \u010cT 25.5.2017 Horn\u00ed n\u00e1m\u011bst\u00ed<br \/>\nT\u0159eb\u00ed\u010d PO 29.5.2017 Karlovo n\u00e1m\u011bst\u00ed<\/p>\n<p>Lid\u00e9 by m\u011bli p\u0159ij\u00edt do stanu \u010cPZP, pokud zaznamenaj\u00ed tyto zm\u011bny:<\/p>\n<p>\u2022 Plo\u0161n\u00e9 zv\u011bt\u0161ov\u00e1n\u00ed &#8211; rozp\u00edjen\u00ed nebo vyv\u00fd\u0161en\u00ed znam\u00e9nek<br \/>\n\u2022 Zm\u011bna zabarven\u00ed znam\u00e9nka<br \/>\n\u2022 Krv\u00e1cen\u00ed, sv\u011bd\u011bn\u00ed, strup, \u010derven\u00fd okraj<br \/>\n\u2022 Maj\u00ed-li na k\u016f\u017ei nov\u00fd \u00fatvar, kter\u00fd se dlouho nehoj\u00ed<br \/>\n\u2022 Nov\u011b objeven\u00e9, st\u00e1le se m\u011bn\u00edc\u00ed znam\u00e9nko<br \/>\n\u2022 V\u011bt\u0161\u00ed mno\u017estv\u00ed znam\u00e9nek na k\u016f\u017ei<\/p>\n<p>\u010cesk\u00e1 pr\u016fmyslov\u00e1 zdravotn\u00ed poji\u0161\u0165ovna je druhou nejv\u011bt\u0161\u00ed zam\u011bstnaneckou zdravotn\u00ed poji\u0161\u0165ovnou s v\u00edce ne\u017e 1,2 milionu poji\u0161t\u011bnc\u016f a 110 pobo\u010dkami po cel\u00e9 \u010cesk\u00e9 republice.<\/p>\n<p>Tiskov\u00e1 zpr\u00e1va \u010cPZP<\/p>\n","protected":false},"excerpt":{"rendered":"<div class=\"mh-excerpt\"><p>Lid\u00e9, kte\u0159\u00ed maj\u00ed na sv\u00e9m t\u011ble podez\u0159el\u00e9 pigmentov\u00e9 skvrny \u010di znam\u00e9nka, si je v kv\u011btnu mohou nechat zdarma zkontrolovat odborn\u00edky. Bezplatn\u00e9 vy\u0161et\u0159en\u00ed k\u016f\u017ee jim v <a class=\"mh-excerpt-more\" href=\"https:\/\/www.invarena.cz\/?p=28047\" title=\"Kampa\u0148 proti melanomu nav\u0161t\u00edv\u00ed 15 m\u011bst. Prvn\u00ed bude Olomouc\">[&#8230;]<\/a><\/p>\n<\/div>","protected":false},"author":1,"featured_media":3892,"comment_status":"open","ping_status":"closed","sticky":false,"template":"","format":"standard","meta":{"footnotes":""},"categories":[11],"tags":[],"class_list":["post-28047","post","type-post","status-publish","format-standard","has-post-thumbnail","hentry","category-zdravi"],"_links":{"self":[{"href":"https:\/\/www.invarena.cz\/index.php?rest_route=\/wp\/v2\/posts\/28047","targetHints":{"allow":["GET"]}}],"collection":[{"href":"https:\/\/www.invarena.cz\/index.php?rest_route=\/wp\/v2\/posts"}],"about":[{"href":"https:\/\/www.invarena.cz\/index.php?rest_route=\/wp\/v2\/types\/post"}],"author":[{"embeddable":true,"href":"https:\/\/www.invarena.cz\/index.php?rest_route=\/wp\/v2\/users\/1"}],"replies":[{"embeddable":true,"href":"https:\/\/www.invarena.cz\/index.php?rest_route=%2Fwp%2Fv2%2Fcomments&post=28047"}],"version-history":[{"count":0,"href":"https:\/\/www.invarena.cz\/index.php?rest_route=\/wp\/v2\/posts\/28047\/revisions"}],"wp:featuredmedia":[{"embeddable":true,"href":"https:\/\/www.invarena.cz\/index.php?rest_route=\/wp\/v2\/media\/3892"}],"wp:attachment":[{"href":"https:\/\/www.invarena.cz\/index.php?rest_route=%2Fwp%2Fv2%2Fmedia&parent=28047"}],"wp:term":[{"taxonomy":"category","embeddable":true,"href":"https:\/\/www.invarena.cz\/index.php?rest_route=%2Fwp%2Fv2%2Fcategories&post=28047"},{"taxonomy":"post_tag","embeddable":true,"href":"https:\/\/www.invarena.cz\/index.php?rest_route=%2Fwp%2Fv2%2Ftags&post=28047"}],"curies":[{"name":"wp","href":"https:\/\/api.w.org\/{rel}","templated":true}]}}