{"id":28048,"date":"2017-04-26T10:39:44","date_gmt":"2017-04-26T08:39:44","guid":{"rendered":"http:\/\/www.invarena.cz\/?p=28048"},"modified":"2017-04-26T10:39:44","modified_gmt":"2017-04-26T08:39:44","slug":"mpsv-vyhlasuje-novy-rocnik-souteze-obec-pratelska-rodine-2017-a-nove-i-rocnik-souteze-obec-pratelska-seniorum-2017","status":"publish","type":"post","link":"https:\/\/www.invarena.cz\/?p=28048","title":{"rendered":"MPSV vyhla\u0161uje nov\u00fd ro\u010dn\u00edk sout\u011b\u017ee \u201eObec p\u0159\u00e1telsk\u00e1  rodin\u011b 2017\u201c a nov\u011b I. ro\u010dn\u00edk sout\u011b\u017ee \u201eObec p\u0159\u00e1telsk\u00e1  senior\u016fm 2017\u201c"},"content":{"rendered":"<p><strong>Ministerstvo pr\u00e1ce a soci\u00e1ln\u00edch v\u011bc\u00ed (MPSV) vyhla\u0161uje nov\u00fd ro\u010dn\u00edk sout\u011b\u017ee \u201eObec p\u0159\u00e1telsk\u00e1 rodin\u011b 2017\u201c a nov\u011b tak\u00e9 I. ro\u010dn\u00edk sout\u011b\u017ee \u201eObec p\u0159\u00e1telsk\u00e1 senior\u016fm 2017\u201c. C\u00edlem sout\u011b\u017e\u00ed je v\u00edce zapojit obce do podpory prorodinn\u00fdch a nov\u011b i seniorsk\u00fdch aktivit a zlep\u0161ovat tak podm\u00ednky pro jejich \u017eivot v regionech. P\u0159ihl\u00e1\u0161ky do sout\u011b\u017e\u00ed bude mo\u017en\u00e9 zas\u00edlat do 18. 5. 2017. V\u00edt\u011bzn\u00e1 obec m\u016f\u017ee z\u00edskat dotaci od 500 tis\u00edc K\u010d do 2 mil. K\u010d dle velikostn\u00ed kategorie.<\/strong><br \/>\n<!--more--><br \/>\n\u201eC\u00edlem sout\u011b\u017e\u00ed je ocenit ty obce, jejich\u017e z\u00e1stupci p\u0159esv\u011bd\u010div\u011b p\u0159edstav\u00ed konkr\u00e9tn\u00ed prorodinn\u00e1 a proseniorsk\u00e1 opat\u0159en\u00ed, kter\u00e1 reaguj\u00ed na aktu\u00e1ln\u00ed pot\u0159eby rodin a senior\u016f ve sv\u00fdch obc\u00edch,\u201c \u0159ekla n\u00e1m\u011bstkyn\u011b ministryn\u011b pro \u0159\u00edzen\u00ed sekce soci\u00e1ln\u00ed a rodinn\u00e9 politiky Zuzana Jentschke St\u0151cklov\u00e1.<\/p>\n<p>K sout\u011b\u017ei \u201eObec p\u0159\u00e1telsk\u00e1 rodin\u011b\u201c, kter\u00e1 vznikla p\u0159ed dev\u00edti lety jako n\u00e1stroj slou\u017e\u00edc\u00ed k motivaci obc\u00ed k rozvoji prorodinn\u00fdch aktivit, letos nov\u011b p\u0159ibude tak\u00e9 sout\u011b\u017e \u201eObec p\u0159\u00e1telsk\u00e1 senior\u016fm 2017\u201c, kter\u00e1 se zam\u011b\u0159uje na podporu senior\u016f a jejich aktivit v jednotliv\u00fdch regionech. Sout\u011b\u017e vyhla\u0161uje MPSV spolu se St\u00e1lou komis\u00ed pro rodinu, rovn\u00e9 p\u0159\u00edle\u017eitosti a n\u00e1rodnostn\u00ed men\u0161iny Poslaneck\u00e9 sn\u011bmovny P\u010cR ve spolupr\u00e1ci s Asociac\u00ed center pro rodinu, S\u00edt\u00ed pro rodinu a Svazem m\u011bst a obc\u00ed \u010cR. Sout\u011b\u017e \u201eObec p\u0159\u00e1telsk\u00e1 senior\u016fm 2017\u201c je vyhla\u0161ov\u00e1na poprv\u00e9 a to ve spolupr\u00e1ci s Radou vl\u00e1dy pro seniory a st\u00e1rnut\u00ed populace.<\/p>\n<p>V sout\u011b\u017e\u00edch mohou usp\u011bt i ty obce, kter\u00e9 je\u0161t\u011b v rodinn\u00e9 a proseniorsk\u00e9 politice nejsou aktivn\u00ed, maj\u00ed v\u0161ak snahu a odhodl\u00e1n\u00ed podporu rodin nebo senior\u016f nastartovat \u010di rozvinout tak, aby realizovan\u00e1 opat\u0159en\u00ed skute\u010dn\u011b reagovala na pot\u0159eby m\u00edstn\u00edch rodin nebo senior\u016f. Obce, kter\u00e9 ji\u017e rozv\u00edjej\u00ed rodinou politiku nebo politiku na podporu senior\u016f, mohou z\u00edskat bonusov\u00e9 body za p\u0159ilo\u017een\u00fd Pl\u00e1n rozvoje nebo Koncepci p\u0159\u00edslu\u0161n\u00e9 politiky. Oproti p\u0159edchoz\u00edmu ro\u010dn\u00edku sout\u011b\u017ee Obec p\u0159\u00e1telsk\u00e1 rodin\u011b do\u0161lo ke zjednodu\u0161en\u00ed a zkr\u00e1cen\u00ed dota\u010dn\u00ed \u017e\u00e1dosti (p\u0159ihl\u00e1\u0161ky). V\u011bt\u0161\u00ed p\u0159ehlednost a pou\u017eit\u00ed jasn\u00fdch otev\u0159en\u00fdch\/uzav\u0159en\u00fdch ot\u00e1zek v p\u0159ihl\u00e1\u0161ce zajist\u00e9 p\u0159iv\u00edtaj\u00ed i z\u00e1jemci o \u00fa\u010dast v sout\u011b\u017ei Obec p\u0159\u00e1telsk\u00e1 senior\u016fm 2017.<\/p>\n<p>Mezi v\u00edt\u011bze ka\u017ed\u00e9 ze sout\u011b\u017e\u00ed bude rozd\u011bleno 6 milion\u016f korun, kter\u00e9 vyu\u017eij\u00ed ve prosp\u011bch rodin a senior\u016f ve sv\u00e9m regionu. Sout\u011b\u017ee se i v leto\u0161n\u00edm roce mohou z\u00fa\u010dastnit a z\u00edskat tak titul \u201eObec p\u0159\u00e1telsk\u00e1 rodin\u011b 2017\u201c a \u201eObec p\u0159\u00e1telsk\u00e1 senior\u016fm 2017\u201c v\u0161echna m\u011bsta, obce, statut\u00e1rn\u00ed m\u011bsta a m\u011bstsk\u00e9 \u010d\u00e1sti nebo obvody statut\u00e1rn\u00edch m\u011bst z cel\u00e9 \u010cR. Sv\u00e9 s\u00edly pom\u011b\u0159\u00ed v p\u011bti velikostn\u00edch kategori\u00edch podle po\u010dtu obyvatel.<\/p>\n<p>Petr Hab\u00e1\u0148, tiskov\u00fd mluv\u010d\u00ed MPSV<\/p>\n","protected":false},"excerpt":{"rendered":"<div class=\"mh-excerpt\"><p>Ministerstvo pr\u00e1ce a soci\u00e1ln\u00edch v\u011bc\u00ed (MPSV) vyhla\u0161uje nov\u00fd ro\u010dn\u00edk sout\u011b\u017ee \u201eObec p\u0159\u00e1telsk\u00e1 rodin\u011b 2017\u201c a nov\u011b tak\u00e9 I. ro\u010dn\u00edk sout\u011b\u017ee \u201eObec p\u0159\u00e1telsk\u00e1 senior\u016fm 2017\u201c. C\u00edlem <a class=\"mh-excerpt-more\" href=\"https:\/\/www.invarena.cz\/?p=28048\" title=\"MPSV vyhla\u0161uje nov\u00fd ro\u010dn\u00edk sout\u011b\u017ee \u201eObec p\u0159\u00e1telsk\u00e1  rodin\u011b 2017\u201c a nov\u011b I. ro\u010dn\u00edk sout\u011b\u017ee \u201eObec p\u0159\u00e1telsk\u00e1  senior\u016fm 2017\u201c\">[&#8230;]<\/a><\/p>\n<\/div>","protected":false},"author":1,"featured_media":23101,"comment_status":"open","ping_status":"closed","sticky":false,"template":"","format":"standard","meta":{"footnotes":""},"categories":[9],"tags":[],"class_list":["post-28048","post","type-post","status-publish","format-standard","has-post-thumbnail","hentry","category-zpravy"],"_links":{"self":[{"href":"https:\/\/www.invarena.cz\/index.php?rest_route=\/wp\/v2\/posts\/28048","targetHints":{"allow":["GET"]}}],"collection":[{"href":"https:\/\/www.invarena.cz\/index.php?rest_route=\/wp\/v2\/posts"}],"about":[{"href":"https:\/\/www.invarena.cz\/index.php?rest_route=\/wp\/v2\/types\/post"}],"author":[{"embeddable":true,"href":"https:\/\/www.invarena.cz\/index.php?rest_route=\/wp\/v2\/users\/1"}],"replies":[{"embeddable":true,"href":"https:\/\/www.invarena.cz\/index.php?rest_route=%2Fwp%2Fv2%2Fcomments&post=28048"}],"version-history":[{"count":0,"href":"https:\/\/www.invarena.cz\/index.php?rest_route=\/wp\/v2\/posts\/28048\/revisions"}],"wp:featuredmedia":[{"embeddable":true,"href":"https:\/\/www.invarena.cz\/index.php?rest_route=\/wp\/v2\/media\/23101"}],"wp:attachment":[{"href":"https:\/\/www.invarena.cz\/index.php?rest_route=%2Fwp%2Fv2%2Fmedia&parent=28048"}],"wp:term":[{"taxonomy":"category","embeddable":true,"href":"https:\/\/www.invarena.cz\/index.php?rest_route=%2Fwp%2Fv2%2Fcategories&post=28048"},{"taxonomy":"post_tag","embeddable":true,"href":"https:\/\/www.invarena.cz\/index.php?rest_route=%2Fwp%2Fv2%2Ftags&post=28048"}],"curies":[{"name":"wp","href":"https:\/\/api.w.org\/{rel}","templated":true}]}}