{"id":28049,"date":"2017-04-26T10:33:11","date_gmt":"2017-04-26T08:33:11","guid":{"rendered":"http:\/\/www.invarena.cz\/?p=28049"},"modified":"2017-04-26T10:33:11","modified_gmt":"2017-04-26T08:33:11","slug":"ministryne-marksova-navrhuje-zvyseni-platu-pro-pracovniky-v-socialnich-sluzbach","status":"publish","type":"post","link":"https:\/\/www.invarena.cz\/?p=28049","title":{"rendered":"Ministryn\u011b Marksov\u00e1 navrhuje zv\u00fd\u0161en\u00ed plat\u016f pro pracovn\u00edky v soci\u00e1ln\u00edch slu\u017eb\u00e1ch"},"content":{"rendered":"<p><strong>Zhruba sto tis\u00edc pracovn\u00edk\u016f v soci\u00e1ln\u00edch slu\u017eb\u00e1ch by se od \u010dervence m\u011blo do\u010dkat zv\u00fd\u0161en\u00ed platu nebo mzdy. Ministryn\u011b Michaela Marksov\u00e1 navrhuje vl\u00e1d\u011b dal\u0161\u00ed zv\u00fd\u0161en\u00ed v t\u00e9to dlouhodob\u011b podfinancovan\u00e9 oblasti. P\u0159ilep\u0161\u00ed si nejen lid\u00e9 p\u0159\u00edmo pe\u010duj\u00edc\u00ed o pot\u0159ebn\u00e9, ale tak\u00e9 pracovn\u00edci zaji\u0161\u0165uj\u00edc\u00ed provozn\u00ed, technick\u00e9 nebo administrativn\u00ed pr\u00e1ce. N\u00edzk\u00e9 platy vedou k odlivu kvalifikovan\u00fdch sil z tohoto sektoru, co\u017e ohro\u017euje cel\u00fd syst\u00e9m p\u00e9\u010de o seniory a zdravotn\u011b handicapovan\u00e9.<\/strong><br \/>\n<!--more--><br \/>\n\u201eMus\u00edme si uv\u011bdomit, \u017ee lid\u00e9 pracuj\u00edc\u00ed v soci\u00e1ln\u00edch slu\u017eb\u00e1ch se staraj\u00ed o ty nejpot\u0159ebn\u011bj\u0161\u00ed z n\u00e1s, seniory a zdravotn\u011b posti\u017een\u00e9. Jestli\u017ee za fyzicky a hlavn\u011b psychicky t\u011b\u017ekou pr\u00e1ci dostanou pen\u00edze, ze kter\u00fdch st\u011b\u017e\u00ed u\u017eiv\u00ed sebe a svoje rodiny, nem\u016f\u017eeme se divit, \u017ee odch\u00e1z\u00ed pracovat t\u0159eba do supermarketu,\u201c \u0159\u00edk\u00e1 ministryn\u011b pr\u00e1ce a soci\u00e1ln\u00edch v\u011bc\u00ed Michaela Marksov\u00e1.<\/p>\n<p>MPSV za posledn\u00ed \u010dty\u0159i roky dos\u00e1hlo v\u00fdznamn\u00e9ho nav\u00fd\u0161en\u00ed pen\u011b\u017e na dlouhodob\u011b velmi podfinancovan\u00e9 soci\u00e1ln\u00ed slu\u017eby. Pen\u00edze, p\u0159edev\u0161\u00edm na zv\u00fd\u0161en\u00ed plat\u016f, pos\u00edl\u00e1 ze sv\u00fdch rezerv ka\u017ed\u00fd rok. V roce 2014 \u0161lo na zv\u00fd\u0161en\u00ed plat\u016f pracovn\u00edk\u016f v soci\u00e1ln\u00edch slu\u017eb\u00e1ch 338 milion\u016f, v roce 2015 to bylo ji\u017e 720 milion\u016f a lo\u0148sk\u00fd rok 650 milion\u016f korun.<\/p>\n<p>\u201eOpakovan\u011b od za\u010d\u00e1tku t\u00e9to vl\u00e1dy navrhuji zv\u00fd\u0161en\u00ed pen\u011bz pro sektor soci\u00e1ln\u00edch slu\u017eeb, prosazovala jsem tento krok i na koali\u010dn\u00ed rad\u011b. Budu bojovat za dal\u0161\u00ed pen\u00edze pro pracovn\u00edky v soci\u00e1ln\u00edch slu\u017eb\u00e1ch i na dal\u0161\u00edm zased\u00e1n\u00ed vl\u00e1dy,\u201c dodala ministryn\u011b Marksov\u00e1.<\/p>\n<p>P\u0159esto\u017ee platy a mzdy v oblasti soci\u00e1ln\u00edch slu\u017eeb od roku 2013 v\u00fdznamn\u011b narostly, st\u00e1le nedosahuj\u00ed ani pr\u016fm\u011brn\u00fdch mezd v \u010cR a tak doch\u00e1z\u00ed k tomu, \u017ee nap\u0159\u00edklad obchodn\u00ed \u0159et\u011bzce l\u00e1kaj\u00ed kvalifikovan\u00e9 pracovn\u00edky a pracovnice do sv\u00fdch provoz\u016f, kde nab\u00edzej\u00ed plat o 5 a\u017e 8 tis\u00edc vy\u0161\u0161\u00ed. Nap\u0159\u00edklad v roce 2013 byl pr\u016fm\u011brn\u00fd plat (p\u0159\u00edsp\u011bvkov\u00e9 organizace z\u0159\u00edzen\u00e9 krajem nebo obc\u00ed) soci\u00e1ln\u00edho pracovn\u00edka 19 029 K\u010d hrub\u00e9ho a pracovn\u00edka v soci\u00e1ln\u00edch slu\u017eb\u00e1ch 18 695 K\u010d, u soci\u00e1ln\u00edch slu\u017eeb odm\u011b\u0148ovan\u00fdch mzdou (neziskov\u00e9 a c\u00edrkevn\u00ed organizace) byla \u010d\u00e1stka zhruba o 1 000 K\u010d ni\u017e\u0161\u00ed. Zat\u00edmco v roce 2016 se pr\u016fm\u011brn\u00e9 platy i mzdy zv\u00fd\u0161ily u soci\u00e1ln\u00edch pracovn\u00edk\u016f o 3 tis\u00edc korun, tak u pracovn\u00edk\u016f v soci\u00e1ln\u00edch slu\u017eb\u00e1ch to byly necel\u00e9 dva tis\u00edce.<\/p>\n<p>Ministryn\u011b Marksov\u00e1 proto navrhne zm\u011bnu v z\u00e1kon\u011b o platov\u00fdch pom\u011brech zam\u011bstnanc\u016f ve ve\u0159ejn\u00fdch slu\u017eb\u00e1ch a spr\u00e1v\u011b, kde by s \u00fa\u010dinnost\u00ed od 1. \u010dervence 2017 do\u0161lo ke zv\u00fd\u0161en\u00ed plat\u016f o 5,1 % u pracovn\u00edk\u016f v p\u0159\u00edm\u00e9 p\u00e9\u010di a zv\u00fd\u0161en\u00ed o 9,4 % pro ostatn\u00ed pracovn\u00edky (nap\u0159. ukl\u00edze\u010dky, kucha\u0159ky, technickohospod\u00e1\u0159sk\u00e9 pracovn\u00edky nebo vedouc\u00ed pracovn\u00edky). Soci\u00e1ln\u00ed pracovn\u00edk v soci\u00e1ln\u00edch slu\u017eb\u00e1ch by si mohl p\u0159ilep\u0161it o v\u00edce jak tis\u00edc korun m\u011bs\u00ed\u010dn\u011b a pracovn\u00edk v soci\u00e1ln\u00edch slu\u017eb\u00e1ch o zhruba 900 korun. Ukl\u00edze\u010dka nebo jin\u00fd pomocn\u00fd person\u00e1l by mohl v pen\u011b\u017eence m\u011bs\u00ed\u010dn\u011b naj\u00edt cca 700 K\u010d nav\u00edc.<\/p>\n<p>MPSV p\u0159edlo\u017e\u00ed vl\u00e1d\u011b i variantu, kterou prosazuj\u00ed odbory, kdy by pracovn\u00edci v p\u0159\u00edm\u00e9 p\u00e9\u010di m\u011bli b\u00fdt odm\u011b\u0148ov\u00e1ni jako zdravotn\u00ed person\u00e1l. Celkov\u011b by se mohlo jednat zhruba o nav\u00fd\u0161en\u00ed o 20 %, co\u017e by pro soci\u00e1ln\u00edho pracovn\u00edka mohlo \u010dinit a\u017e 4 000 K\u010d m\u011bs\u00ed\u010dn\u011b nav\u00edc. Pokud by vl\u00e1da schv\u00e1lila tuto variantu, bylo by pot\u0159eba dofinancovat soci\u00e1ln\u00ed slu\u017eby o necel\u00fdch 900 mil. K\u010d. Ministryn\u011b Marksov\u00e1 bude sou\u010dasn\u011b po\u017eadovat dofinancov\u00e1n\u00ed soci\u00e1ln\u00edch slu\u017eeb v souvislosti se zv\u00fd\u0161en\u00edm platov\u00fdch tarif\u016f o 4 %, kter\u00e9 nastalo v listopadu 2016, ale pro rok 2017 jej Ministerstvo financ\u00ed nereflektovalo ve st\u00e1tn\u00edm rozpo\u010dtu. Jedn\u00e1 se tak o deficit dal\u0161\u00edch 442 mil. K\u010d. Soci\u00e1ln\u00ed slu\u017eby by tak pot\u0159ebovaly dofinancovat od 1. 7. 2017 \u010d\u00e1stkou t\u00e9m\u011b\u0159 1,35 miliardy korun.<\/p>\n<p>Petr Hab\u00e1\u0148,<br \/>\ntiskov\u00fd mluv\u010d\u00ed, tel.: 221 922 359, e-mail: petr.haban@mpsv.cz Ministerstvo pr\u00e1ce a soci\u00e1ln\u00edch v\u011bc\u00ed, Na Po\u0159\u00ed\u010dn\u00edm pr\u00e1vu 1, 128 01 Praha 2, www.mpsv.cz<\/p>\n","protected":false},"excerpt":{"rendered":"<div class=\"mh-excerpt\"><p>Zhruba sto tis\u00edc pracovn\u00edk\u016f v soci\u00e1ln\u00edch slu\u017eb\u00e1ch by se od \u010dervence m\u011blo do\u010dkat zv\u00fd\u0161en\u00ed platu nebo mzdy. Ministryn\u011b Michaela Marksov\u00e1 navrhuje vl\u00e1d\u011b dal\u0161\u00ed zv\u00fd\u0161en\u00ed v <a class=\"mh-excerpt-more\" href=\"https:\/\/www.invarena.cz\/?p=28049\" title=\"Ministryn\u011b Marksov\u00e1 navrhuje zv\u00fd\u0161en\u00ed plat\u016f pro pracovn\u00edky v soci\u00e1ln\u00edch slu\u017eb\u00e1ch\">[&#8230;]<\/a><\/p>\n<\/div>","protected":false},"author":1,"featured_media":14573,"comment_status":"open","ping_status":"closed","sticky":false,"template":"","format":"standard","meta":{"footnotes":""},"categories":[1],"tags":[],"class_list":["post-28049","post","type-post","status-publish","format-standard","has-post-thumbnail","hentry","category-nezarazene"],"_links":{"self":[{"href":"https:\/\/www.invarena.cz\/index.php?rest_route=\/wp\/v2\/posts\/28049","targetHints":{"allow":["GET"]}}],"collection":[{"href":"https:\/\/www.invarena.cz\/index.php?rest_route=\/wp\/v2\/posts"}],"about":[{"href":"https:\/\/www.invarena.cz\/index.php?rest_route=\/wp\/v2\/types\/post"}],"author":[{"embeddable":true,"href":"https:\/\/www.invarena.cz\/index.php?rest_route=\/wp\/v2\/users\/1"}],"replies":[{"embeddable":true,"href":"https:\/\/www.invarena.cz\/index.php?rest_route=%2Fwp%2Fv2%2Fcomments&post=28049"}],"version-history":[{"count":0,"href":"https:\/\/www.invarena.cz\/index.php?rest_route=\/wp\/v2\/posts\/28049\/revisions"}],"wp:featuredmedia":[{"embeddable":true,"href":"https:\/\/www.invarena.cz\/index.php?rest_route=\/wp\/v2\/media\/14573"}],"wp:attachment":[{"href":"https:\/\/www.invarena.cz\/index.php?rest_route=%2Fwp%2Fv2%2Fmedia&parent=28049"}],"wp:term":[{"taxonomy":"category","embeddable":true,"href":"https:\/\/www.invarena.cz\/index.php?rest_route=%2Fwp%2Fv2%2Fcategories&post=28049"},{"taxonomy":"post_tag","embeddable":true,"href":"https:\/\/www.invarena.cz\/index.php?rest_route=%2Fwp%2Fv2%2Ftags&post=28049"}],"curies":[{"name":"wp","href":"https:\/\/api.w.org\/{rel}","templated":true}]}}