{"id":28065,"date":"2017-04-27T10:24:58","date_gmt":"2017-04-27T08:24:58","guid":{"rendered":"http:\/\/www.invarena.cz\/?p=28065"},"modified":"2017-04-27T10:24:58","modified_gmt":"2017-04-27T08:24:58","slug":"odskodnovani-za-poskozeni-deti-ockovanim-zatim-uzakoneno-nebude","status":"publish","type":"post","link":"https:\/\/www.invarena.cz\/?p=28065","title":{"rendered":"Od\u0161kod\u0148ov\u00e1n\u00ed za po\u0161kozen\u00ed d\u011bt\u00ed o\u010dkov\u00e1n\u00edm zat\u00edm uz\u00e1kon\u011bno nebude"},"content":{"rendered":"<p><strong>Rodi\u010de d\u011bt\u00ed v\u00e1\u017en\u011b po\u0161kozen\u00fdch povinn\u00fdm o\u010dkov\u00e1n\u00edm zat\u00edm nez\u00edskaj\u00ed z\u00e1konn\u00fd n\u00e1rok na od\u0161kodn\u011bn\u00ed od st\u00e1tu. Ministr zdravotnictv\u00ed Miloslav Ludv\u00edk (\u010cSSD) sl\u00edbil takovou \u00fapravu p\u0159edlo\u017eit a\u017e po \u0159\u00edjnov\u00fdch sn\u011bmovn\u00edch volb\u00e1ch. Sn\u011bmovna o tom\u00a0 rozhodla v r\u00e1mci novely o specifick\u00fdch zdravotn\u00edch slu\u017eb\u00e1ch, kter\u00e1 m\u00e1 mimo jin\u00e9 zjednodu\u0161it postupy p\u0159i vyd\u00e1v\u00e1n\u00ed l\u00e9ka\u0159sk\u00fdch posudk\u016f.<\/strong><!--more--><\/p>\n<p>Uz\u00e1konit n\u00e1rok na od\u0161kodn\u011bn\u00ed &#8222;za \u00fajmu nikoli zanedbatelnou&#8220; v souvislosti s povinn\u00fdm o\u010dkov\u00e1n\u00edm cht\u011bl poslanec TOP 09 a STAN Jan Farsk\u00fd. Argumentoval t\u00edm, \u017ee ministerstvo takovouto \u00fapravu sl\u00edbilo p\u0159edlo\u017eit u\u017e p\u0159edloni. Od\u0161kodn\u011bn\u00ed za tuto \u00fajmu by m\u011blo b\u00fdt podle Farsk\u00e9ho stanoveno podle z\u00e1kona o odpov\u011bdnosti st\u00e1tu za nespr\u00e1vn\u00fd \u00fa\u0159edn\u00ed postup a za pou\u017eit\u00ed ob\u010dansk\u00e9ho z\u00e1kon\u00edku. Ministr to odm\u00edtl s t\u00edm, \u017ee &#8222;o\u010dkov\u00e1n\u00ed nelze pova\u017eovat za nespr\u00e1vn\u00fd \u00fa\u0159edn\u00ed postup&#8220;.<\/p>\n<p>Ministerstvo p\u0159isl\u00edbilo uz\u00e1konit zodpov\u011bdnost st\u00e1tu za po\u0161kozen\u00ed zdrav\u00ed d\u011bt\u00ed povinn\u00fdm o\u010dkov\u00e1n\u00edm, je\u017e nezp\u016fsob\u00ed chyba l\u00e9ka\u0159e \u010di vadn\u00e1 vakc\u00edna. P\u0159\u00edslib souvisel s doporu\u010den\u00edm Nejvy\u0161\u0161\u00edho soudu na z\u00e1klad\u011b p\u0159\u00edpadu d\u00edvky, kter\u00e1 po o\u010dkov\u00e1n\u00ed proti TBC m\u011bla t\u011b\u017ek\u00fd z\u00e1n\u011bt ky\u010deln\u00edho kloubu. Podle poslance se za posledn\u00ed l\u00e9ta objevilo 1100 podobn\u00fdch p\u0159\u00edpad\u016f.<\/p>\n<p>Poslanci s Ludv\u00edkov\u00fdm souhlasem naopak na dal\u0161\u00ed Farsk\u00e9ho n\u00e1vrh prodlou\u017eili v n\u00e1vaznosti na zdravotn\u00ed prohl\u00eddky z jednoho na dva roky platnost l\u00e9ka\u0159sk\u00e9ho posudku o zdravotn\u00ed zp\u016fsobilosti d\u00edt\u011bte, kter\u00fd je pot\u0159ebn\u00fd nap\u0159\u00edklad pro \u0161koly v p\u0159\u00edrod\u011b, letn\u00ed t\u00e1bory nebo ly\u017ea\u0159sk\u00e9 v\u00fdcviky. Doln\u00ed komora naopak odm\u00edtla zru\u0161en\u00ed povinnosti rodi\u010d\u016f potvrzovat bezinfek\u010dnost sv\u00e9ho potomka p\u0159ed odjezdem na takov\u00e9to akce.<\/p>\n<p>Ne\u00fasp\u011b\u0161n\u00e9 byly poslaneck\u00e9 n\u00e1vrhy, aby um\u011bl\u00e9 oplodn\u011bn\u00ed od anonymn\u00edho d\u00e1rce mohly ze z\u00e1kona podstoupit krom\u011b man\u017eelek tak\u00e9 nesezdan\u00e9 \u017eeny bez souhlasu partnera. &#8222;Je to ot\u00e1zka velmi etick\u00e1, kter\u00e1 pot\u0159ebuje dlouhodobou diskusi, nen\u00ed to na poslaneck\u00fd pozm\u011b\u0148ovac\u00ed n\u00e1vrh,&#8220; komentoval to Ludv\u00edk. Pouk\u00e1zal ale na to, \u017ee mimo man\u017eelstv\u00ed se v \u010cR rod\u00ed polovina d\u011bt\u00ed. O um\u011bl\u00e9 oplodn\u011bn\u00ed budou moci nad\u00e1le \u017e\u00e1dat \u017eeny do 49 let na z\u00e1klad\u011b p\u00edsemn\u00e9 \u017e\u00e1dosti, kterou podaj\u00ed spolu s mu\u017eem, s n\u00edm\u017e cht\u011bj\u00ed tuto slu\u017ebu podstoupit.<\/p>\n<p>Zp\u0159\u00edsn\u011bny nebyly ani podm\u00ednky pro um\u011bl\u00e9 oplodn\u011bn\u00ed prost\u0159ednictv\u00edm anonymn\u00edho d\u00e1rcovstv\u00ed nebo sn\u00ed\u017een\u00ed hrani\u010dn\u00edho v\u011bku \u017eeny na 45 let. Do novely se nedostala ani \u00faprava, kter\u00e1 by zak\u00e1zala dono\u0161en\u00ed d\u00edt\u011bte n\u00e1hradn\u00ed matkou s v\u00fdjimkou bl\u00edzk\u00fdch p\u0159\u00edbuzn\u00fdch. Sn\u011bmovna pouze upravila v souvislosti s l\u00e9\u010dbou neplodnosti mo\u017enost transplantace d\u011blohy od \u017eij\u00edc\u00ed d\u00e1rkyn\u011b, a to i mezi p\u0159\u00edbuzn\u00fdmi \u017eenami.<\/p>\n<p>Vl\u00e1dn\u00ed novela, kterou nyn\u00ed projedn\u00e1 Sen\u00e1t, sn\u00ed\u017e\u00ed hranici v\u011bku pacienta, u n\u011bho\u017e bude mo\u017en\u00e9 za z\u00e1konem stanoven\u00fdch podm\u00ednek prov\u00e9st kastraci, z 25 na 21 let. Do novely se na n\u00e1vrh p\u0159edsedy zdravotnick\u00e9ho v\u00fdboru Rostislava Vyzuly (ANO) dostalo zp\u0159\u00edsn\u011bn\u00ed kontrol kvality pitn\u00e9 vody ve vodovodech.<\/p>\n","protected":false},"excerpt":{"rendered":"<div class=\"mh-excerpt\"><p>Rodi\u010de d\u011bt\u00ed v\u00e1\u017en\u011b po\u0161kozen\u00fdch povinn\u00fdm o\u010dkov\u00e1n\u00edm zat\u00edm nez\u00edskaj\u00ed z\u00e1konn\u00fd n\u00e1rok na od\u0161kodn\u011bn\u00ed od st\u00e1tu. Ministr zdravotnictv\u00ed Miloslav Ludv\u00edk (\u010cSSD) sl\u00edbil takovou \u00fapravu p\u0159edlo\u017eit a\u017e po <a class=\"mh-excerpt-more\" href=\"https:\/\/www.invarena.cz\/?p=28065\" title=\"Od\u0161kod\u0148ov\u00e1n\u00ed za po\u0161kozen\u00ed d\u011bt\u00ed o\u010dkov\u00e1n\u00edm zat\u00edm uz\u00e1kon\u011bno nebude\">[&#8230;]<\/a><\/p>\n<\/div>","protected":false},"author":1,"featured_media":14172,"comment_status":"open","ping_status":"closed","sticky":false,"template":"","format":"standard","meta":{"footnotes":""},"categories":[11],"tags":[],"class_list":["post-28065","post","type-post","status-publish","format-standard","has-post-thumbnail","hentry","category-zdravi"],"_links":{"self":[{"href":"https:\/\/www.invarena.cz\/index.php?rest_route=\/wp\/v2\/posts\/28065","targetHints":{"allow":["GET"]}}],"collection":[{"href":"https:\/\/www.invarena.cz\/index.php?rest_route=\/wp\/v2\/posts"}],"about":[{"href":"https:\/\/www.invarena.cz\/index.php?rest_route=\/wp\/v2\/types\/post"}],"author":[{"embeddable":true,"href":"https:\/\/www.invarena.cz\/index.php?rest_route=\/wp\/v2\/users\/1"}],"replies":[{"embeddable":true,"href":"https:\/\/www.invarena.cz\/index.php?rest_route=%2Fwp%2Fv2%2Fcomments&post=28065"}],"version-history":[{"count":0,"href":"https:\/\/www.invarena.cz\/index.php?rest_route=\/wp\/v2\/posts\/28065\/revisions"}],"wp:featuredmedia":[{"embeddable":true,"href":"https:\/\/www.invarena.cz\/index.php?rest_route=\/wp\/v2\/media\/14172"}],"wp:attachment":[{"href":"https:\/\/www.invarena.cz\/index.php?rest_route=%2Fwp%2Fv2%2Fmedia&parent=28065"}],"wp:term":[{"taxonomy":"category","embeddable":true,"href":"https:\/\/www.invarena.cz\/index.php?rest_route=%2Fwp%2Fv2%2Fcategories&post=28065"},{"taxonomy":"post_tag","embeddable":true,"href":"https:\/\/www.invarena.cz\/index.php?rest_route=%2Fwp%2Fv2%2Ftags&post=28065"}],"curies":[{"name":"wp","href":"https:\/\/api.w.org\/{rel}","templated":true}]}}