{"id":28086,"date":"2017-04-29T10:27:30","date_gmt":"2017-04-29T08:27:30","guid":{"rendered":"http:\/\/www.invarena.cz\/?p=28086"},"modified":"2017-04-29T10:28:02","modified_gmt":"2017-04-29T08:28:02","slug":"lekar-v-cesku-se-snizuje-pocet-umrti-a-tezkych-zraneni-deti","status":"publish","type":"post","link":"https:\/\/www.invarena.cz\/?p=28086","title":{"rendered":"L\u00e9ka\u0159: V \u010cesku se sni\u017euje po\u010det \u00famrt\u00ed a t\u011b\u017ek\u00fdch zran\u011bn\u00ed d\u011bt\u00ed"},"content":{"rendered":"<p><strong>V \u010cesk\u00e9 republice se sni\u017euje po\u010det \u00famrt\u00ed i t\u011b\u017ek\u00fdch \u00faraz\u016f d\u011bt\u00ed, \u0159ekl dnes novin\u00e1\u0159\u016fm p\u0159ednosta Kliniky d\u011btsk\u00e9 chirurgie, ortopedie a traumatologie Fakultn\u00ed nemocnice Brno Ladislav Pl\u00e1nka. <\/strong><!--more--><\/p>\n<p>Podle n\u011bj p\u0159ed rokem 2008 zem\u0159elo ro\u010dn\u011b 400 a\u017e 500 d\u011bt\u00ed, v sou\u010dasn\u00e9 dob\u011b se po\u010det \u00famrt\u00ed pohybuje mezi 100 a\u017e 160. Podle n\u011bj tomu napom\u00e1haj\u00ed preventivn\u00ed programy a projekty. Jeden z nich d\u00edky pen\u011bz\u016fm z Norsk\u00fdch fond\u016f funguje u\u017e v\u00edce ne\u017e dva roky i v brn\u011bnsk\u00e9 nemocnici. St\u00e1l skoro dev\u011bt milion\u016f korun, p\u011btinu zaplatila nemocnice.<\/p>\n<p>Na po\u010d\u00e1tku tis\u00edcilet\u00ed bylo podle p\u0159ednosty d\u011btsk\u00fdch \u00famrt\u00ed kolem 500 a je\u0161t\u011b d\u0159\u00edve i k tis\u00edcovce. &#8222;V roce 2015 jich bylo 104. Za rok 2016 je\u0161t\u011b \u00fadaje nem\u00e1me,&#8220; doplnil Pl\u00e1nka. Sni\u017euje se i po\u010det z\u00e1va\u017en\u00fdch zran\u011bn\u00ed. V roce 2009 jich bylo podle Pl\u00e1nky 309 a p\u0159edloni 146.<\/p>\n<p>Na sn\u00ed\u017een\u00ed se podle l\u00e9ka\u0159\u016f pod\u00edlej\u00ed preventivn\u00ed programy. &#8222;Jsou opatrn\u011bj\u0161\u00ed rodi\u010de, ale mo\u017en\u00e9 n\u00e1sledky si uv\u011bdomuj\u00ed i d\u011bti. Ka\u017ed\u00fd z n\u00e1s v\u00ed, co mohl d\u011blat s\u00e1m jako d\u00edt\u011b a co dnes nedovol\u00edme vlastn\u00edm d\u011btem,&#8220; doplnil Pl\u00e1nka.<\/p>\n<p>Nemocnice v lednu roku 2015 zah\u00e1jila za pen\u00edze z Norsk\u00fdch fond\u016f projekt, na z\u00e1klad\u011b kter\u00e9ho vytvo\u0159ila v\u00fdukov\u00e9 prostory, nakoupila pot\u0159ebn\u00e9 pom\u016fcky a vytvo\u0159ila aplikace k tomu, aby mohla o \u00farazech u\u010dit d\u011bti. &#8222;U\u010dili jsme je, jak \u00farazu p\u0159edch\u00e1zet, co ud\u011blat, kdy\u017e se \u00faraz stane, aby minimalizovaly n\u00e1sledky, ale tak\u00e9 jak se po \u00faraze vr\u00e1tit k norm\u00e1ln\u00edmu \u017eivotu,&#8220; \u0159ekl.<\/p>\n<p>Do projektu se zapojila zhruba tis\u00edcovka d\u011bt\u00ed ze 42 mate\u0159sk\u00fdch, z\u00e1kladn\u00edch i st\u0159edn\u00edch \u0161kol z Brna a okol\u00ed. &#8222;V nemocnici jsme je zavedli za d\u011btsk\u00fdmi pacienty, aby \u00farazy vid\u011bly na vlastn\u00ed o\u010di a aby jim pacienti \u0159ekli, co se jim stalo. Uk\u00e1zali jsme jim ale i s\u00e1drovnu, kde dostali s\u00e1dru na ruku a pak si nemohli ani zav\u00e1zat tkani\u010dku. Mohly si vyzkou\u0161et d\u00e1t dohromady kosti pomoc\u00ed \u0161roub\u016f nebo dr\u00e1t\u016f, jak se to m\u016f\u017ee n\u011bkdy p\u0159i zlomenin\u011b st\u00e1t,&#8220; vyjmenoval Pl\u00e1nka. Na po\u010d\u00edta\u010d\u00edch si pak v programu mohli prohl\u00e9dnout postavi\u010dku, kter\u00e1 se zran\u00ed nap\u0159\u00edklad v pokoji kv\u016fli neuklizen\u00fdm hra\u010dk\u00e1m, jak m\u016f\u017ee zran\u011bn\u00ed \u0159e\u0161it, ale tak\u00e9 \u017ee mu m\u016f\u017ee uklizen\u00edm hra\u010dek p\u0159edej\u00edt. P\u0159esto\u017ee projekt hrazen\u00fd z Norsk\u00fdch fond\u016f k posledn\u00edmu dubnu kon\u010d\u00ed, nemocnice program pro d\u011bti zachov\u00e1.<\/p>\n","protected":false},"excerpt":{"rendered":"<div class=\"mh-excerpt\"><p>V \u010cesk\u00e9 republice se sni\u017euje po\u010det \u00famrt\u00ed i t\u011b\u017ek\u00fdch \u00faraz\u016f d\u011bt\u00ed, \u0159ekl dnes novin\u00e1\u0159\u016fm p\u0159ednosta Kliniky d\u011btsk\u00e9 chirurgie, ortopedie a traumatologie Fakultn\u00ed nemocnice Brno Ladislav <a class=\"mh-excerpt-more\" href=\"https:\/\/www.invarena.cz\/?p=28086\" title=\"L\u00e9ka\u0159: V \u010cesku se sni\u017euje po\u010det \u00famrt\u00ed a t\u011b\u017ek\u00fdch zran\u011bn\u00ed d\u011bt\u00ed\">[&#8230;]<\/a><\/p>\n<\/div>","protected":false},"author":1,"featured_media":24348,"comment_status":"open","ping_status":"closed","sticky":false,"template":"","format":"standard","meta":{"footnotes":""},"categories":[9],"tags":[],"class_list":["post-28086","post","type-post","status-publish","format-standard","has-post-thumbnail","hentry","category-zpravy"],"_links":{"self":[{"href":"https:\/\/www.invarena.cz\/index.php?rest_route=\/wp\/v2\/posts\/28086","targetHints":{"allow":["GET"]}}],"collection":[{"href":"https:\/\/www.invarena.cz\/index.php?rest_route=\/wp\/v2\/posts"}],"about":[{"href":"https:\/\/www.invarena.cz\/index.php?rest_route=\/wp\/v2\/types\/post"}],"author":[{"embeddable":true,"href":"https:\/\/www.invarena.cz\/index.php?rest_route=\/wp\/v2\/users\/1"}],"replies":[{"embeddable":true,"href":"https:\/\/www.invarena.cz\/index.php?rest_route=%2Fwp%2Fv2%2Fcomments&post=28086"}],"version-history":[{"count":0,"href":"https:\/\/www.invarena.cz\/index.php?rest_route=\/wp\/v2\/posts\/28086\/revisions"}],"wp:featuredmedia":[{"embeddable":true,"href":"https:\/\/www.invarena.cz\/index.php?rest_route=\/wp\/v2\/media\/24348"}],"wp:attachment":[{"href":"https:\/\/www.invarena.cz\/index.php?rest_route=%2Fwp%2Fv2%2Fmedia&parent=28086"}],"wp:term":[{"taxonomy":"category","embeddable":true,"href":"https:\/\/www.invarena.cz\/index.php?rest_route=%2Fwp%2Fv2%2Fcategories&post=28086"},{"taxonomy":"post_tag","embeddable":true,"href":"https:\/\/www.invarena.cz\/index.php?rest_route=%2Fwp%2Fv2%2Ftags&post=28086"}],"curies":[{"name":"wp","href":"https:\/\/api.w.org\/{rel}","templated":true}]}}