{"id":28087,"date":"2017-04-29T10:29:28","date_gmt":"2017-04-29T08:29:28","guid":{"rendered":"http:\/\/www.invarena.cz\/?p=28087"},"modified":"2017-04-29T10:29:28","modified_gmt":"2017-04-29T08:29:28","slug":"statistika-smrtelnych-urazu-bylo-loni-104-zatim-vubec-nejmene","status":"publish","type":"post","link":"https:\/\/www.invarena.cz\/?p=28087","title":{"rendered":"Statistika: Smrteln\u00fdch \u00faraz\u016f bylo loni 104, zat\u00edm v\u016fbec nejm\u00e9n\u011b"},"content":{"rendered":"<p><strong>Smrteln\u00fdch pracovn\u00edch \u00faraz\u016f loni znovu ubylo, stalo se jich tak zat\u00edm v\u016fbec nejm\u00e9n\u011b. O \u017eivot v pr\u00e1ci minul\u00fd rok p\u0159i\u0161lo 104 lid\u00ed. Po\u010det v posledn\u00edch desetilet\u00edch kles\u00e1.<\/strong><!--more--><\/p>\n<p> Pod 200 p\u0159\u00edpad\u016f se dostal v roce 2003. V roce 1969 v pr\u00e1ci zem\u0159elo 623 osob. Vypl\u00fdv\u00e1 to ze statistik inspekce pr\u00e1ce a port\u00e1lu o bezpe\u010dnosti pr\u00e1ce. Odbor\u00e1\u0159i dnes uspo\u0159\u00e1dali vzpom\u00ednkovou akci na pam\u00e1tku ob\u011bt\u00ed. \u017d\u00e1daj\u00ed, aby znovu m\u011bli mo\u017enost p\u0159i ohro\u017een\u00ed \u017eivota \u010di zdrav\u00ed zastavit v\u00fdrobu.<\/p>\n<p>&#8222;Stalo se 104 skute\u010dn\u00fdch trag\u00e9di\u00ed. Jedin\u00fd p\u0159ijateln\u00fd v\u00fdsledek pro n\u00e1s je, kdy\u017e se po\u010det bude rovnat nule,&#8220; \u0159ekl dnes novin\u00e1\u0159\u016fm \u0161\u00e9f St\u00e1tn\u00edho \u00fa\u0159adu inspekce pr\u00e1ce Rudolf Hahn. Zat\u00edmco se podle n\u011bj o \u00famrt\u00ed voj\u00e1ka na zahrani\u010dn\u00ed misi, policisty ve slu\u017eb\u011b \u010di hasi\u010de p\u0159i z\u00e1chran\u011b \u017eivot\u016f m\u00e9dia a lid\u00e9 zaj\u00edmaj\u00ed, bezpe\u010dnosti pr\u00e1ce a ob\u011btem v zam\u011bstn\u00e1n\u00ed se pozornost p\u0159\u00edli\u0161 nev\u011bnuje.<\/p>\n<p>Smrteln\u00fdch \u00faraz\u016f v pr\u00e1ci v minul\u00fdch letech postupn\u011b ub\u00fdvalo. V roce 1997 se jich stalo 296 a v roce 2002 o 90 m\u00e9n\u011b. V roce 2003 se po\u010det dostal poprv\u00e9 pod dv\u011b stovky, dosahoval 199 a v dal\u0161\u00edch \u010dty\u0159ech letech klesal. V roce 2007 a 2008 v obdob\u00ed nejvy\u0161\u0161\u00ed konjunktury se znovu zvedl, a to na 188 a 174 p\u0159\u00edpad\u016f. O rok pozd\u011bji po n\u00e1stupu krize bylo ob\u011bt\u00ed 105. P\u0159edloni inspekto\u0159i evidovali 122 smrteln\u011b zran\u011bn\u00fdch a b\u00e1\u0148sk\u00fd \u00fa\u0159ad pak dal\u0161\u00edch dev\u011bt. Smrteln\u00e9 pracovn\u00ed \u00farazy se st\u00e1vaj\u00ed nej\u010dast\u011bji v doprav\u011b, ve stavebnictv\u00ed a p\u0159i manipulaci s b\u0159emeny.<\/p>\n<p>Na dne\u0161ek p\u0159ipad\u00e1 sv\u011btov\u00fd den bezpe\u010dnosti a ochrany zdrav\u00ed p\u0159i pr\u00e1ci. M\u00e1 p\u0159ipom\u00ednat lidi, kte\u0159\u00ed zem\u0159eli \u010di utrp\u011bli zran\u011bn\u00ed p\u0159i pr\u00e1ci. Den vyhl\u00e1sila Mezin\u00e1rodn\u00ed organizace pr\u00e1ce. Odbory p\u0159ed vstupem do sv\u00e9ho pra\u017esk\u00e9ho s\u00eddla postavily dnes 104 d\u0159ev\u011bn\u00fdch k\u0159\u00ed\u017e\u016f s inici\u00e1lami ob\u011bt\u00ed. Sv\u00ed\u010dku u nich zap\u00e1lila krom\u011b p\u0159ed\u00e1k\u016f \u010di Hahna i ministryn\u011b pr\u00e1ce Michaela Marksov\u00e1. &#8222;I kdy\u017e po\u010det poklesl, po\u0159\u00e1d je to 104 lid\u00ed, kte\u0159\u00ed se nevr\u00e1tili z pr\u00e1ce dom\u016f. To \u010d\u00edslo je po\u0159\u00e1d stra\u0161n\u011b velk\u00e9,&#8220; \u0159ekla Marksov\u00e1.<\/p>\n<p>Ministerstvo nyn\u00ed podle n\u00ed \u0159e\u0161\u00ed p\u0159\u00edpad, kdy inspektor pr\u00e1ce nechal kv\u016fli smrteln\u00e9mu \u00farazu zastavit provoz v podniku. Firma vym\u00e1h\u00e1 n\u00e1hradu \u0161kody, soud rozhodl v jej\u00ed prosp\u011bch. &#8222;Mus\u00edm rozhodnut\u00ed soudu respektovat, pln\u011b ale stoj\u00edm za t\u00edm, kdo provoz zastavil. Ochrana lid\u00ed je prioritou,&#8220; uvedla ministryn\u011b.<\/p>\n<p>Odbor\u00e1\u0159i jej\u00ed postoj podpo\u0159ili. Po\u017eaduj\u00ed, aby se do z\u00e1kona vr\u00e1tila mo\u017enost, kdy mohly odbory v p\u0159\u00edpad\u011b ohro\u017een\u00ed \u017eivota \u010di zdrav\u00ed zastavit v\u00fdrobu. Toto ustanoven\u00ed se p\u0159ed p\u00e1r lety z legislativy vy\u0161krtlo.<\/p>\n<p>Po\u010det smrteln\u00fdch \u00faraz\u016f v jednotliv\u00fdch letech<\/p>\n<p>Rok\tSmrteln\u00e9<br \/>\n1969\t623<br \/>\n1994\t291<br \/>\n1995\t281<br \/>\n1996\t278<br \/>\n1997\t296<br \/>\n1998\t240<br \/>\n1999\t200<br \/>\n2000\t223<br \/>\n2001\t231<br \/>\n2002\t206<br \/>\n2003\t199<br \/>\n2004\t187<br \/>\n2005\t164<br \/>\n2006\t152<br \/>\n2007\t188<br \/>\n2008\t174<br \/>\n2009\t105<br \/>\n2010\t121<br \/>\n2011\t125<br \/>\n2012\t113<br \/>\n2013\t113<br \/>\n2014\t117<br \/>\n2015\t131<br \/>\n2016\t104<\/p>\n<p>Zdroj: St\u00e1tn\u00ed \u00fa\u0159ad pr\u00e1ce, statistika www.bozpinfo.cz<\/p>\n","protected":false},"excerpt":{"rendered":"<div class=\"mh-excerpt\"><p>Smrteln\u00fdch pracovn\u00edch \u00faraz\u016f loni znovu ubylo, stalo se jich tak zat\u00edm v\u016fbec nejm\u00e9n\u011b. O \u017eivot v pr\u00e1ci minul\u00fd rok p\u0159i\u0161lo 104 lid\u00ed. Po\u010det v posledn\u00edch <a class=\"mh-excerpt-more\" href=\"https:\/\/www.invarena.cz\/?p=28087\" title=\"Statistika: Smrteln\u00fdch \u00faraz\u016f bylo loni 104, zat\u00edm v\u016fbec nejm\u00e9n\u011b\">[&#8230;]<\/a><\/p>\n<\/div>","protected":false},"author":1,"featured_media":14098,"comment_status":"open","ping_status":"closed","sticky":false,"template":"","format":"standard","meta":{"footnotes":""},"categories":[9],"tags":[],"class_list":["post-28087","post","type-post","status-publish","format-standard","has-post-thumbnail","hentry","category-zpravy"],"_links":{"self":[{"href":"https:\/\/www.invarena.cz\/index.php?rest_route=\/wp\/v2\/posts\/28087","targetHints":{"allow":["GET"]}}],"collection":[{"href":"https:\/\/www.invarena.cz\/index.php?rest_route=\/wp\/v2\/posts"}],"about":[{"href":"https:\/\/www.invarena.cz\/index.php?rest_route=\/wp\/v2\/types\/post"}],"author":[{"embeddable":true,"href":"https:\/\/www.invarena.cz\/index.php?rest_route=\/wp\/v2\/users\/1"}],"replies":[{"embeddable":true,"href":"https:\/\/www.invarena.cz\/index.php?rest_route=%2Fwp%2Fv2%2Fcomments&post=28087"}],"version-history":[{"count":0,"href":"https:\/\/www.invarena.cz\/index.php?rest_route=\/wp\/v2\/posts\/28087\/revisions"}],"wp:featuredmedia":[{"embeddable":true,"href":"https:\/\/www.invarena.cz\/index.php?rest_route=\/wp\/v2\/media\/14098"}],"wp:attachment":[{"href":"https:\/\/www.invarena.cz\/index.php?rest_route=%2Fwp%2Fv2%2Fmedia&parent=28087"}],"wp:term":[{"taxonomy":"category","embeddable":true,"href":"https:\/\/www.invarena.cz\/index.php?rest_route=%2Fwp%2Fv2%2Fcategories&post=28087"},{"taxonomy":"post_tag","embeddable":true,"href":"https:\/\/www.invarena.cz\/index.php?rest_route=%2Fwp%2Fv2%2Ftags&post=28087"}],"curies":[{"name":"wp","href":"https:\/\/api.w.org\/{rel}","templated":true}]}}