{"id":28136,"date":"2017-05-04T13:06:17","date_gmt":"2017-05-04T11:06:17","guid":{"rendered":"http:\/\/www.invarena.cz\/?p=28136"},"modified":"2017-05-04T13:06:17","modified_gmt":"2017-05-04T11:06:17","slug":"v-domovech-pro-seniory-pribyva-nepohyblivych-klientu","status":"publish","type":"post","link":"https:\/\/www.invarena.cz\/?p=28136","title":{"rendered":"V domovech pro seniory p\u0159ib\u00fdv\u00e1 nepohybliv\u00fdch klient\u016f"},"content":{"rendered":"<p><strong>V domovech pro seniory a v domovech se zvl\u00e1\u0161tn\u00edm re\u017eimem pro pacienty s demenc\u00ed p\u0159ib\u00fdv\u00e1 klient\u016f, kte\u0159\u00ed jsou trvale upout\u00e1ni na l\u016f\u017eko. Tvo\u0159\u00ed \u010dtvrtinu obyvatel za\u0159\u00edzen\u00ed, p\u0159ed deseti lety to byla p\u011btina. Roste tak\u00e9 po\u010det i pod\u00edl klient\u016f, kte\u0159\u00ed se zvl\u00e1dnou pohybovat jen s pomoc\u00ed. Je jich v\u00edc ne\u017e polovina. Vypl\u00fdv\u00e1 to z ro\u010denek z oblasti soci\u00e1ln\u00edch v\u011bc\u00ed, kter\u00e9 zve\u0159ej\u0148uje ministerstvo pr\u00e1ce. Podle Asociace poskytovatel\u016f soci\u00e1ln\u00edch slu\u017eeb a odbor\u016f je zaji\u0161t\u011bn\u00ed p\u00e9\u010de n\u00e1ro\u010dn\u011bj\u0161\u00ed.<\/strong><!--more--><\/p>\n<p>Cel\u00fd \u010dl\u00e1nek <a href=\"http:\/\/prazsky.denik.cz\/zpravy_region\/v-domovech-pro-seniory-pribyva-nepohyblivych-klientu-20170503.html\">ZDE<\/a><\/p>\n","protected":false},"excerpt":{"rendered":"<div class=\"mh-excerpt\"><p>V domovech pro seniory a v domovech se zvl\u00e1\u0161tn\u00edm re\u017eimem pro pacienty s demenc\u00ed p\u0159ib\u00fdv\u00e1 klient\u016f, kte\u0159\u00ed jsou trvale upout\u00e1ni na l\u016f\u017eko. Tvo\u0159\u00ed \u010dtvrtinu obyvatel <a class=\"mh-excerpt-more\" href=\"https:\/\/www.invarena.cz\/?p=28136\" title=\"V domovech pro seniory p\u0159ib\u00fdv\u00e1 nepohybliv\u00fdch klient\u016f\">[&#8230;]<\/a><\/p>\n<\/div>","protected":false},"author":1,"featured_media":14573,"comment_status":"open","ping_status":"closed","sticky":false,"template":"","format":"standard","meta":{"footnotes":""},"categories":[9],"tags":[],"class_list":["post-28136","post","type-post","status-publish","format-standard","has-post-thumbnail","hentry","category-zpravy"],"_links":{"self":[{"href":"https:\/\/www.invarena.cz\/index.php?rest_route=\/wp\/v2\/posts\/28136","targetHints":{"allow":["GET"]}}],"collection":[{"href":"https:\/\/www.invarena.cz\/index.php?rest_route=\/wp\/v2\/posts"}],"about":[{"href":"https:\/\/www.invarena.cz\/index.php?rest_route=\/wp\/v2\/types\/post"}],"author":[{"embeddable":true,"href":"https:\/\/www.invarena.cz\/index.php?rest_route=\/wp\/v2\/users\/1"}],"replies":[{"embeddable":true,"href":"https:\/\/www.invarena.cz\/index.php?rest_route=%2Fwp%2Fv2%2Fcomments&post=28136"}],"version-history":[{"count":0,"href":"https:\/\/www.invarena.cz\/index.php?rest_route=\/wp\/v2\/posts\/28136\/revisions"}],"wp:featuredmedia":[{"embeddable":true,"href":"https:\/\/www.invarena.cz\/index.php?rest_route=\/wp\/v2\/media\/14573"}],"wp:attachment":[{"href":"https:\/\/www.invarena.cz\/index.php?rest_route=%2Fwp%2Fv2%2Fmedia&parent=28136"}],"wp:term":[{"taxonomy":"category","embeddable":true,"href":"https:\/\/www.invarena.cz\/index.php?rest_route=%2Fwp%2Fv2%2Fcategories&post=28136"},{"taxonomy":"post_tag","embeddable":true,"href":"https:\/\/www.invarena.cz\/index.php?rest_route=%2Fwp%2Fv2%2Ftags&post=28136"}],"curies":[{"name":"wp","href":"https:\/\/api.w.org\/{rel}","templated":true}]}}