{"id":28141,"date":"2017-05-05T11:14:01","date_gmt":"2017-05-05T09:14:01","guid":{"rendered":"http:\/\/www.invarena.cz\/?p=28141"},"modified":"2017-05-05T11:14:01","modified_gmt":"2017-05-05T09:14:01","slug":"deti-si-hraji-s-bublinkovym-valcem-ci-vlakny","status":"publish","type":"post","link":"https:\/\/www.invarena.cz\/?p=28141","title":{"rendered":"D\u011bti si hraj\u00ed s bublinkov\u00fdm v\u00e1lcem \u010di vl\u00e1kny"},"content":{"rendered":"<p><strong>Nejen posti\u017een\u00e9 d\u011bti maj\u00ed nyn\u00ed mo\u017enost za\u017e\u00edvat n\u011bco nov\u00e9ho a rozv\u00edjet se. K tomu jim pom\u00e1h\u00e1 snoezelen, kter\u00fd vytv\u00e1\u0159\u00ed organizace Podej n\u00e1m ruku ve sv\u00e9m klubu v Klatovech v Pl\u00e1nick\u00e9 ulici. Tento projekt byl jej\u00edm velk\u00fdm snem a nyn\u00ed se ho da\u0159\u00ed plnit.<\/strong><!--more--><\/p>\n<p>Klatovy \u2013 &#8222;Snoezelen je roz\u0161\u00ed\u0159en po cel\u00e9m sv\u011bt\u011b a jeho blahod\u00e1rn\u00e9 p\u016fsoben\u00ed za\u017e\u00edvaj\u00ed nejen t\u011blesn\u011b a du\u0161evn\u011b posti\u017een\u00ed lid\u00e9. Snoezelen je ch\u00e1p\u00e1n jako z\u00e1m\u011brn\u011b vytvo\u0159en\u00e9 prost\u0159ed\u00ed pro stimulaci a rozvoj smyslov\u00fdch receptor\u016f skrz vlastn\u00ed pro\u017eitky,&#8220; vysv\u011btlila Dana Vachtlov\u00e1 z organizace Podej n\u00e1m ruku.<\/p>\n<p>Snoezelen je v klubu vyu\u017e\u00edv\u00e1n i p\u0159i n\u00e1v\u0161t\u011bv\u00e1ch zdrav\u00fdch d\u011bt\u00ed ze \u0161koln\u00ed dru\u017einy. Hru doprov\u00e1z\u00ed hudba z p\u0159ehr\u00e1va\u010de i muzikoterapeutick\u00fdch n\u00e1stroj\u016f. &#8222;P\u016fj\u010dujeme jim r\u016fzn\u00e9 drobn\u00e9 sv\u011bteln\u00e9 p\u0159edm\u011bty, zv\u00ed\u0159\u00e1tka, koule \u010di sv\u011bteln\u00e1 vl\u00e1kna. U na\u0161ich posti\u017een\u00fdch d\u011bt\u00ed pln\u00ed snoezelen terapeutick\u00fd z\u00e1m\u011br. Chyb\u00ed jim schopnost filtrovat podn\u011bty. Mus\u00edme jim poskytnout prost\u0159ed\u00ed se strukturovan\u00fdmi podn\u011bty. Zveme na pravideln\u00e9 n\u00e1v\u0161t\u011bvy i d\u011bti ze speci\u00e1ln\u00ed t\u0159\u00eddy p\u0159i mate\u0159sk\u00e9 \u0161kolce a praktick\u00e9 \u0161koly v Klatovech. Klub a pom\u016fcky v n\u011bm jsou zcela zdarma v\u0161em k dispozici,&#8220; sd\u011blila Vachtlov\u00e1.<\/p>\n<p>SV\u00cdT\u00cdC\u00cd POM\u016eCKY<\/p>\n<p>V klubu d\u011bti najdou nap\u0159\u00edklad bublinkov\u00fd v\u00e1lec, jeho\u017e po\u0159\u00edzen\u00ed vyjde na zhruba 30 tis\u00edc korun, a klubu se ho poda\u0159ilo po\u0159\u00eddit za finan\u010dn\u00ed podpory dota\u010dn\u00edho programu Plze\u0148sk\u00e9ho kraje a z \u010d\u00e1sti z v\u00fdt\u011b\u017eku prodeje sv\u00fdch v\u00fdrobk\u016f.<\/p>\n<p>&#8222;Bublinkov\u00fd v\u00e1lec je vertik\u00e1ln\u00ed trubice z plexiskla napln\u011bn\u00e1 vodou. Obsahuje \u010derpadlo a LED sv\u011btla, kter\u00e1 m\u011bn\u00ed barvu. \u010cerpadlo vytv\u00e1\u0159\u00ed drobn\u00e9 bublinky, kter\u00e9 stoupaj\u00ed, a zm\u011bna barvy bud\u00ed dojem m\u011bn\u00edc\u00edch se bublinek. R\u00e1di bychom k v\u00e1lci po\u0159\u00eddili d\u00e1lkov\u00e9 ovl\u00e1d\u00e1n\u00ed, aby si d\u011bti mohly m\u011bnit barvu podle sv\u00e9ho, i intenzitu bublinek,&#8220; popsala Vachtlov\u00e1.<\/p>\n<p>Obl\u00edben\u00e1 jsou optick\u00e1 vl\u00e1kna, kter\u00e1 si organizace po\u0159\u00eddila za 20 tis\u00edc za podpory Nadace \u010cEZ. &#8222;Byla vyvinuta speci\u00e1ln\u011b pro pr\u00e1ci v multisenzorick\u00e9m prost\u0159ed\u00ed. Sv\u011bteln\u00fd zdroj m\u011bn\u00ed pozvolna barvy. D\u011bti jimi omot\u00e1v\u00e1me, p\u0159ikl\u00e1d\u00e1me je na r\u016fzn\u00e9 \u010d\u00e1sti t\u011bla, na tv\u00e1\u0159. Stimulujeme jimi zrak \u010di sluch. D\u011bti si mohou s vl\u00e1kny hr\u00e1t, br\u00e1t je do ruky, vl\u00e1kna dr\u017e\u00edme ve vzduchu a d\u00edt\u011b se pro n\u011b natahuje, \u010d\u00edm\u017e rozv\u00edj\u00edme motoriku. R\u00e1di bychom zakoupili interaktivn\u00ed ovlada\u010d, aby se d\u011bti u\u010dily ovlivnit situaci, zvolit si barvu, vypnout \u010di zapnout vl\u00e1kna,&#8220; dodala Vachtlov\u00e1.<\/p>\n<p>DANIELA LOUDOV\u00c1<br \/>\nKlatovsk\u00fd den\u00edk<br \/>\n<a href=\"http:\/\/klatovsky.denik.cz\/\">http:\/\/klatovsky.denik.cz\/<\/a><\/p>\n","protected":false},"excerpt":{"rendered":"<div class=\"mh-excerpt\"><p>Nejen posti\u017een\u00e9 d\u011bti maj\u00ed nyn\u00ed mo\u017enost za\u017e\u00edvat n\u011bco nov\u00e9ho a rozv\u00edjet se. K tomu jim pom\u00e1h\u00e1 snoezelen, kter\u00fd vytv\u00e1\u0159\u00ed organizace Podej n\u00e1m ruku ve sv\u00e9m <a class=\"mh-excerpt-more\" href=\"https:\/\/www.invarena.cz\/?p=28141\" title=\"D\u011bti si hraj\u00ed s bublinkov\u00fdm v\u00e1lcem \u010di vl\u00e1kny\">[&#8230;]<\/a><\/p>\n<\/div>","protected":false},"author":1,"featured_media":0,"comment_status":"open","ping_status":"closed","sticky":false,"template":"","format":"standard","meta":{"footnotes":""},"categories":[9],"tags":[],"class_list":["post-28141","post","type-post","status-publish","format-standard","hentry","category-zpravy"],"_links":{"self":[{"href":"https:\/\/www.invarena.cz\/index.php?rest_route=\/wp\/v2\/posts\/28141","targetHints":{"allow":["GET"]}}],"collection":[{"href":"https:\/\/www.invarena.cz\/index.php?rest_route=\/wp\/v2\/posts"}],"about":[{"href":"https:\/\/www.invarena.cz\/index.php?rest_route=\/wp\/v2\/types\/post"}],"author":[{"embeddable":true,"href":"https:\/\/www.invarena.cz\/index.php?rest_route=\/wp\/v2\/users\/1"}],"replies":[{"embeddable":true,"href":"https:\/\/www.invarena.cz\/index.php?rest_route=%2Fwp%2Fv2%2Fcomments&post=28141"}],"version-history":[{"count":0,"href":"https:\/\/www.invarena.cz\/index.php?rest_route=\/wp\/v2\/posts\/28141\/revisions"}],"wp:attachment":[{"href":"https:\/\/www.invarena.cz\/index.php?rest_route=%2Fwp%2Fv2%2Fmedia&parent=28141"}],"wp:term":[{"taxonomy":"category","embeddable":true,"href":"https:\/\/www.invarena.cz\/index.php?rest_route=%2Fwp%2Fv2%2Fcategories&post=28141"},{"taxonomy":"post_tag","embeddable":true,"href":"https:\/\/www.invarena.cz\/index.php?rest_route=%2Fwp%2Fv2%2Ftags&post=28141"}],"curies":[{"name":"wp","href":"https:\/\/api.w.org\/{rel}","templated":true}]}}