{"id":28142,"date":"2017-05-05T11:25:14","date_gmt":"2017-05-05T09:25:14","guid":{"rendered":"http:\/\/www.invarena.cz\/?p=28142"},"modified":"2017-05-05T11:25:14","modified_gmt":"2017-05-05T09:25:14","slug":"k-dvacetinam-dostali-hodnotny-darek","status":"publish","type":"post","link":"https:\/\/www.invarena.cz\/?p=28142","title":{"rendered":"K dvacetin\u00e1m dostali hodnotn\u00fd d\u00e1rek"},"content":{"rendered":"<p><strong>Po\u0159adatel\u00e9 Velk\u00e9 ceny poprv\u00e9 slibuj\u00ed mo\u017enost limit\u016f i rekordy&#8230; Dvac\u00e1t\u00e9 narozeniny a s jedn\u00edm velk\u00fdm d\u00e1rkem&#8230;. Atletika Bez Bari\u00e9r Pardubice odd\u00edl handicapovan\u00fdch sportovc\u016f, po\u0159\u00e1d\u00e1 ve sv\u00e1te\u010dn\u00ed pond\u011bl\u00ed od 10.30 hodin na M\u011bstsk\u00e9m atletick\u00e9m stadi\u00f3nu v Pardubic\u00edch na Dukle jubilejn\u00ed 20. ro\u010dn\u00edk Velk\u00e9 ceny m\u011bsta Pardubic v atletice handicapovan\u00fdch a 19. ro\u010dn\u00edk KB \u010cesk\u00e9ho poh\u00e1ru v atletice voz\u00ed\u010dk\u00e1\u0159\u016f.<\/strong><!--more--><\/p>\n<p>PRO CELOU REPUBLIKU<\/p>\n<p>&#8222;Jde o presti\u017en\u00ed akci celorepublikov\u00e9ho v\u00fdznamu, kde se dosahuje v\u00fdsledk\u016f sv\u011btov\u00e9 kvality. V posledn\u00edch letech se j\u00ed \u00fa\u010dastnily \u010dty\u0159i des\u00edtky sportovc\u016f na voz\u00edku nebo s podobn\u00fdm handicapem. V\u010detn\u011b reprezentant\u016f z naprost\u00e9 sv\u011btov\u00e9 \u0161pi\u010dky, ale tak\u00e9 \u00fapln\u00fdch atletick\u00fdch nov\u00e1\u010dk\u016f. Letos o\u010dek\u00e1vaj\u00ed organiz\u00e1to\u0159i \u00fa\u010dast a\u017e \u0161edes\u00e1ti z\u00e1vodn\u00edk\u016f.&#8220; okomentovala akci Eva Hrdinov\u00e1, p\u0159edsedkyn\u011b nov\u00e9ho spolku Atletika Bez Bari\u00e9r Pardubice.<\/p>\n<p>LIMITY I REKORDY ANO<\/p>\n<p>&#8222;Sv\u00e9 um\u011bn\u00ed p\u0159edvedou dom\u00e1c\u00ed \u0161pi\u010dkov\u00ed atleti jako Martin Zach, Jaroslav Petrou\u0161, Jan Van\u011bk, z\u00fa\u010dastn\u00ed se i na\u0161i nov\u00e1\u010dci a dal\u0161\u00ed. O\u010dek\u00e1v\u00e1 se i zahrani\u010dn\u00ed \u00fa\u010dast.<\/p>\n<p>Letos poprv\u00e9 v historii je z\u00e1vod sankcionovan\u00fd, tzn., \u017ee je zde mo\u017en\u00e9 plnit kvalifika\u010dn\u00ed limity na mistrovstv\u00ed sv\u011bta a tak\u00e9 p\u0159ekonat sv\u011btov\u00e9 rekordy,&#8220; l\u00e1k\u00e1 na zaj\u00edmavou sportovn\u00ed pod\u00edvanou tak\u00e9 tren\u00e9rka Hrdinov\u00e1.<\/p>\n<p>NEJEN SPORTEM \u017dIV&#8230;<\/p>\n<p>Sou\u010d\u00e1st\u00ed z\u00e1vod\u016f bude Setk\u00e1n\u00ed partner\u016f Atletiky Bez Bari\u00e9r. Akce m\u00e1 v\u017edy kvalitn\u00ed sportovn\u00ed i spole\u010denskou \u00farove\u0148. Vedle vynikaj\u00edc\u00edch sportovc\u016f se j\u00ed \u00fa\u010dastn\u00ed tak\u00e9 osobnosti sportovn\u00edho i politick\u00e9ho \u017eivota.<\/p>\n<p>D\u011btsk\u00fd den s atletikou<\/p>\n<p>Tuto akci po\u0159\u00e1d\u00e1 Hv\u011bzda Pardubice v ned\u011bli od 10 do 16 hodin na M\u011bstsk\u00e9m atletick\u00e9m stadionu v Pardubic\u00edch na Dukle. <\/p>\n<p>Program<br \/>\n&#8211; p\u0159ij\u010fte si vyzkou\u0161et jednotliv\u00e9 atletick\u00e9 discipl\u00edny a u\u017e\u00edt si spoustu dal\u0161\u00ed z\u00e1bavy<br \/>\n&#8211; autogrami\u00e1da nejlep\u0161\u00edch atlet\u016f<br \/>\n&#8211; nafukovac\u00ed skluzavka i sk\u00e1kac\u00ed hrad<br \/>\n&#8211; z\u00e1bavn\u00fd program i sout\u011b\u017ee<br \/>\n&#8211; malov\u00e1n\u00ed na obli\u010dej<br \/>\n&#8211; prohl\u00eddka voz\u016f Hasi\u010dsk\u00e9ho z\u00e1chrann\u00e9ho sboru a vozu M\u011bstsk\u00e9 policie<br \/>\n&#8211; mo\u017enost zjistit slo\u017een\u00ed sv\u00e9ho t\u011bla na &#8222;chytr\u00e9&#8220; v\u00e1ze (jak je na tom va\u0161e t\u011blo)<br \/>\n&#8211; spousta d\u00e1rk\u016f a cen pro v\u0161echny d\u011bti<br \/>\n&#8211; p\u0159ipome\u0148te si atletickou \u010d\u00e1st Olympijsk\u00e9ho Rioparku na \u0160pici Pro milovn\u00edky b\u011bh\u016f<br \/>\n&#8211; 10.30 hodin \u2013 Lidov\u00fd b\u011bh \u2013 na okruhu 2,5 km<br \/>\n&#8211; 11 hodin: Des\u00edtka Hv\u011bzdy Pardubice \u2013 silni\u010dn\u00ed b\u011bh na 10 km<br \/>\n&#8211; 11.05: B\u011bh rodi\u010d\u016f s d\u011btmi \u2013 400 m na dr\u00e1ze M\u011bstsk\u00e9ho atletick\u00e9ho stadionu<\/p>\n<p>Pardubick\u00fd den\u00edk<br \/>\n<a href=\"http:\/\/pardubicky.denik.cz\/\">http:\/\/pardubicky.denik.cz\/<\/a><\/p>\n","protected":false},"excerpt":{"rendered":"<div class=\"mh-excerpt\"><p>Po\u0159adatel\u00e9 Velk\u00e9 ceny poprv\u00e9 slibuj\u00ed mo\u017enost limit\u016f i rekordy&#8230; Dvac\u00e1t\u00e9 narozeniny a s jedn\u00edm velk\u00fdm d\u00e1rkem&#8230;. Atletika Bez Bari\u00e9r Pardubice odd\u00edl handicapovan\u00fdch sportovc\u016f, po\u0159\u00e1d\u00e1 ve <a class=\"mh-excerpt-more\" href=\"https:\/\/www.invarena.cz\/?p=28142\" title=\"K dvacetin\u00e1m dostali hodnotn\u00fd d\u00e1rek\">[&#8230;]<\/a><\/p>\n<\/div>","protected":false},"author":1,"featured_media":8523,"comment_status":"open","ping_status":"closed","sticky":false,"template":"","format":"standard","meta":{"footnotes":""},"categories":[9],"tags":[],"class_list":["post-28142","post","type-post","status-publish","format-standard","has-post-thumbnail","hentry","category-zpravy"],"_links":{"self":[{"href":"https:\/\/www.invarena.cz\/index.php?rest_route=\/wp\/v2\/posts\/28142","targetHints":{"allow":["GET"]}}],"collection":[{"href":"https:\/\/www.invarena.cz\/index.php?rest_route=\/wp\/v2\/posts"}],"about":[{"href":"https:\/\/www.invarena.cz\/index.php?rest_route=\/wp\/v2\/types\/post"}],"author":[{"embeddable":true,"href":"https:\/\/www.invarena.cz\/index.php?rest_route=\/wp\/v2\/users\/1"}],"replies":[{"embeddable":true,"href":"https:\/\/www.invarena.cz\/index.php?rest_route=%2Fwp%2Fv2%2Fcomments&post=28142"}],"version-history":[{"count":0,"href":"https:\/\/www.invarena.cz\/index.php?rest_route=\/wp\/v2\/posts\/28142\/revisions"}],"wp:featuredmedia":[{"embeddable":true,"href":"https:\/\/www.invarena.cz\/index.php?rest_route=\/wp\/v2\/media\/8523"}],"wp:attachment":[{"href":"https:\/\/www.invarena.cz\/index.php?rest_route=%2Fwp%2Fv2%2Fmedia&parent=28142"}],"wp:term":[{"taxonomy":"category","embeddable":true,"href":"https:\/\/www.invarena.cz\/index.php?rest_route=%2Fwp%2Fv2%2Fcategories&post=28142"},{"taxonomy":"post_tag","embeddable":true,"href":"https:\/\/www.invarena.cz\/index.php?rest_route=%2Fwp%2Fv2%2Ftags&post=28142"}],"curies":[{"name":"wp","href":"https:\/\/api.w.org\/{rel}","templated":true}]}}