{"id":28143,"date":"2017-05-05T11:29:29","date_gmt":"2017-05-05T09:29:29","guid":{"rendered":"http:\/\/www.invarena.cz\/?p=28143"},"modified":"2017-05-05T11:29:29","modified_gmt":"2017-05-05T09:29:29","slug":"aktiviste-zverejnili-snimky-udesnych-podminek-v-madarskem-ustavu","status":"publish","type":"post","link":"https:\/\/www.invarena.cz\/?p=28143","title":{"rendered":"Aktivist\u00e9 zve\u0159ejnili sn\u00edmky \u00fad\u011bsn\u00fdch podm\u00ednek v ma\u010farsk\u00e9m \u00fastavu"},"content":{"rendered":"<p><strong>St\u0159edisko pro pr\u00e1va ment\u00e1ln\u011b posti\u017een\u00fdch (Mental Disability Advocacy Centre MDAC) \u017e\u00e1d\u00e1 okam\u017eit\u00e9 uzav\u0159en\u00ed \u00fastavu v ma\u010farsk\u00e9m m\u011bst\u011b G\u00f6d na severu zem\u011b. P\u0159\u00ed\u010dinou je \u0161patn\u00e9 zach\u00e1zen\u00ed se sv\u011b\u0159enci. St\u0159edisko rovn\u011b\u017e \u017e\u00e1d\u00e1 vy\u0161et\u0159en\u00ed, jak se zach\u00e1zelo s finan\u010dn\u00edmi prost\u0159edky z evropsk\u00fdch fond\u016f, kter\u00e9 \u00fastav dostal. Zve\u0159ejnilo tak\u00e9 sn\u00edmky z \u00fastavu, kter\u00e9 p\u0159edlo\u017eilo jako d\u016fkaz. Sv\u011b\u0159enci \u00fastavu trp\u00ed podv\u00fd\u017eivou a na t\u011ble maj\u00ed otev\u0159en\u00e9 r\u00e1ny<\/strong><!--more--><\/p>\n<p>Cel\u00fd \u010dl\u00e1nek <a href=\"https:\/\/www.novinky.cz\/zahranicni\/evropa\/436897-aktiviste-zverejnili-snimky-udesnych-podminek-v-madarskem-ustavu.html\">ZDE<\/a><\/p>\n","protected":false},"excerpt":{"rendered":"<div class=\"mh-excerpt\"><p>St\u0159edisko pro pr\u00e1va ment\u00e1ln\u011b posti\u017een\u00fdch (Mental Disability Advocacy Centre MDAC) \u017e\u00e1d\u00e1 okam\u017eit\u00e9 uzav\u0159en\u00ed \u00fastavu v ma\u010farsk\u00e9m m\u011bst\u011b G\u00f6d na severu zem\u011b. P\u0159\u00ed\u010dinou je \u0161patn\u00e9 zach\u00e1zen\u00ed <a class=\"mh-excerpt-more\" href=\"https:\/\/www.invarena.cz\/?p=28143\" title=\"Aktivist\u00e9 zve\u0159ejnili sn\u00edmky \u00fad\u011bsn\u00fdch podm\u00ednek v ma\u010farsk\u00e9m \u00fastavu\">[&#8230;]<\/a><\/p>\n<\/div>","protected":false},"author":1,"featured_media":0,"comment_status":"open","ping_status":"closed","sticky":false,"template":"","format":"standard","meta":{"footnotes":""},"categories":[9],"tags":[],"class_list":["post-28143","post","type-post","status-publish","format-standard","hentry","category-zpravy"],"_links":{"self":[{"href":"https:\/\/www.invarena.cz\/index.php?rest_route=\/wp\/v2\/posts\/28143","targetHints":{"allow":["GET"]}}],"collection":[{"href":"https:\/\/www.invarena.cz\/index.php?rest_route=\/wp\/v2\/posts"}],"about":[{"href":"https:\/\/www.invarena.cz\/index.php?rest_route=\/wp\/v2\/types\/post"}],"author":[{"embeddable":true,"href":"https:\/\/www.invarena.cz\/index.php?rest_route=\/wp\/v2\/users\/1"}],"replies":[{"embeddable":true,"href":"https:\/\/www.invarena.cz\/index.php?rest_route=%2Fwp%2Fv2%2Fcomments&post=28143"}],"version-history":[{"count":0,"href":"https:\/\/www.invarena.cz\/index.php?rest_route=\/wp\/v2\/posts\/28143\/revisions"}],"wp:attachment":[{"href":"https:\/\/www.invarena.cz\/index.php?rest_route=%2Fwp%2Fv2%2Fmedia&parent=28143"}],"wp:term":[{"taxonomy":"category","embeddable":true,"href":"https:\/\/www.invarena.cz\/index.php?rest_route=%2Fwp%2Fv2%2Fcategories&post=28143"},{"taxonomy":"post_tag","embeddable":true,"href":"https:\/\/www.invarena.cz\/index.php?rest_route=%2Fwp%2Fv2%2Ftags&post=28143"}],"curies":[{"name":"wp","href":"https:\/\/api.w.org\/{rel}","templated":true}]}}