{"id":28170,"date":"2017-05-10T10:32:25","date_gmt":"2017-05-10T08:32:25","guid":{"rendered":"http:\/\/www.invarena.cz\/?p=28170"},"modified":"2017-05-10T10:32:25","modified_gmt":"2017-05-10T08:32:25","slug":"berle-nebo-treba-ocni-cocky-zruste-chaos-v-cenach-zadaji-senatori-ustavni-soud","status":"publish","type":"post","link":"https:\/\/www.invarena.cz\/?p=28170","title":{"rendered":"Berle nebo t\u0159eba o\u010dn\u00ed \u010do\u010dky. Zru\u0161te chaos v cen\u00e1ch, \u017e\u00e1daj\u00ed sen\u00e1to\u0159i \u00dastavn\u00ed soud"},"content":{"rendered":"<p><strong>Lid\u00e9 by m\u011bli dop\u0159edu v\u011bd\u011bt, jakou o\u010dn\u00ed \u010do\u010dku dostanou a kolik za ni zaplat\u00ed. Dnes nic z toho jasn\u00e9 nen\u00ed. Skupina sen\u00e1tor\u016f v \u010dele s Alenou Dernerovou se proto obr\u00e1tila se st\u00ed\u017enost\u00ed na \u00dastavn\u00ed soud. Ten by m\u011bl rozhodnout v t\u011bchto dnech.<\/strong> <!--more--><\/p>\n<p>Co plat\u00ed dnes, nemus\u00ed b\u00fdt pravda za m\u011bs\u00edc. V tom, jakou pom\u016fcku lidem zaplat\u00ed zdravotn\u00ed poji\u0161\u0165ovny a jakou \u010d\u00e1stku za ni vydaj\u00ed, panuje obrovsk\u00fd chaos. To by se m\u011blo zm\u011bnit. Skupina sen\u00e1tor\u016f v \u010dele s Alenou Dernerovou se kv\u016fli tomu obr\u00e1tila na \u00dastavn\u00ed soud.<\/p>\n<p>&#8222;Dnes poji\u0161\u0165ovna p\u0159isp\u00edv\u00e1 jen na n\u011bkter\u00e9 pom\u016fcky \u2013 proplat\u00ed lidem jen tu nejlevn\u011bj\u0161\u00ed variantu v\u00fdrobku na trhu, a to ze t\u0159\u00ed \u010dtvrtin. Nehled\u00ed p\u0159itom na to, jestli je pro dan\u00e9ho pacienta vhodn\u00e1, nebo ne,&#8220; popisuje sen\u00e1torka sou\u010dasnou praxi.<\/p>\n<p>CENA NEN\u00cd TRVAL\u00c1<\/p>\n<p>O tom, kter\u00e1 pom\u016fcka je nejlevn\u011bj\u0161\u00ed, se nav\u00edc nerozhoduje v sout\u011b\u017ei. Poji\u0161\u0165ovna si zkr\u00e1tka vybere na z\u00e1klad\u011b jedn\u00e1n\u00ed s v\u00fdrobci. &#8222;S n\u011bkter\u00fdmi se dohodne, a s jin\u00fdmi ne,&#8220; pokra\u010duje sen\u00e1torka.<\/p>\n<p>Vyjednan\u00e1 cena tak\u00e9 nen\u00ed trval\u00e1. Pr\u016fb\u011b\u017en\u011b se upravuje podle pr\u016fzkumu trhu. \u010c\u00e1stka, kterou poji\u0161\u0165ovna za pom\u016fcku zaplat\u00ed, se proto m\u016f\u017ee v \u010dase li\u0161it. Pacient tak dop\u0159edu nev\u00ed, co ho \u010dek\u00e1.<\/p>\n<p>Sen\u00e1to\u0159i proto cht\u011bj\u00ed po \u00dastavn\u00edm soudu, aby tento &#8222;netransparentn\u00ed a ne\u00fastavn\u00ed syst\u00e9m&#8220; zru\u0161il. Ceny pom\u016fcek by p\u0159\u00ed\u0161t\u011b m\u011bla ur\u010dovat p\u0159edem dan\u00e1 pravidla v z\u00e1kon\u011b. \u010c\u00e1stky by m\u011bly b\u00fdt p\u0159ezkoumateln\u00e9. Poji\u0161\u0165ovny by tak\u00e9 za stejnou pom\u016fcku platily v\u0161em lidem i nemocnic\u00edm shodn\u00e9 sumy.<\/p>\n<p>\u00da\u0158ADY SE NE\u0158\u00cdD\u00cd Z\u00c1KONEM<\/p>\n<p>Jenom\u017ee podle pr\u00e1vn\u00edka Platformy zdravotn\u00edch poji\u0161t\u011bnc\u016f Ond\u0159eje Dost\u00e1la sen\u00e1to\u0159i u soudu z\u0159ejm\u011b neusp\u011bj\u00ed. A to p\u0159esto, \u017ee maj\u00ed v mnoha v\u011bcech pravdu. &#8222;Navrhovatel\u00e9 spr\u00e1vn\u011b broj\u00ed proti praxi \u010d\u00edseln\u00edk\u016f poji\u0161\u0165oven a libov\u016fli p\u0159i jejich tvorb\u011b. N\u00e1sledkem toho nejsou n\u011bkter\u00e9 pom\u016fcky za\u0159azeny do \u00fahrady v\u016fbec, jin\u00e9 pak jen s omezenou \u00fahradou.<\/p>\n<p>To vede k jejich nedostupnosti, a tedy omezov\u00e1n\u00ed \u00fastavn\u00edch i z\u00e1konn\u00fdch n\u00e1rok\u016f n\u011bkter\u00fdch poji\u0161t\u011bnc\u016f,&#8220; \u0159\u00edk\u00e1 Dost\u00e1l. Opr\u00e1vn\u011bn\u00fd je podle n\u011bj i po\u017eadavek, aby byly ceny v\u00fdrobk\u016f vysout\u011b\u017een\u00e9 v otev\u0159en\u00e9m \u0159\u00edzen\u00ed a zp\u011btn\u011b p\u0159ezkoumateln\u00e9.<\/p>\n<p>Probl\u00e9m je v tom, \u017ee chaos nezp\u016fsobil \u0161patn\u011b sepsan\u00fd z\u00e1kon, ale to, \u017ee se j\u00edm \u00fa\u0159ady ne\u0159\u00edd\u00ed. &#8222;Platn\u00fd z\u00e1kon u\u017e dnes vy\u017eaduje, aby byl stav pacienta individu\u00e1ln\u011b posouzen a podle toho mu byl vybr\u00e1n ten nejvhodn\u011bj\u0161\u00ed a nejlevn\u011bj\u0161\u00ed zdravotnick\u00fd prost\u0159edek,&#8220; uv\u00e1d\u00ed Dost\u00e1l. Samoz\u0159ejmost\u00ed je podle n\u011bj i sout\u011b\u017een\u00ed o cenu. &#8222;\u00dastavn\u00ed soud by ale mohl alespo\u0148 popsat z\u00e1kladn\u00ed po\u017eadavky na to, \u010d\u00edm se mus\u00ed p\u0159\u00ed\u0161t\u011b zdravotn\u00ed poji\u0161\u0165ovna \u0159\u00eddit p\u0159i v\u00fdkladu pojmu ekonomicky nejm\u00e9n\u011b n\u00e1ro\u010dn\u00e1 varianta,&#8220; uzav\u00edr\u00e1 pr\u00e1vn\u00edk.<\/p>\n<p>Mluv\u010d\u00ed ministerstva zdravotnictv\u00ed \u0160t\u011bp\u00e1nka \u010cechov\u00e1 potvrdila, \u017ee se z\u00e1stupce \u00fa\u0159adu jedn\u00e1n\u00ed z\u00fa\u010dastn\u00ed. &#8222;Informace, jak\u00fdm sm\u011brem se bude \u00fastn\u00ed jedn\u00e1n\u00ed ub\u00edrat, ale zat\u00edm nem\u00e1me,&#8220; sd\u011blila. Zdravotnick\u00fdch prost\u0159edk\u016f se vyr\u00e1b\u00ed asi \u0161est tis\u00edc. Jsou to kryc\u00ed materi\u00e1ly, st\u0159\u00edka\u010dky, jehly, inkontinen\u010dn\u00ed pom\u016fcky nebo prost\u0159edky pro lidi s v\u00fdvodem z vnit\u0159n\u00edho org\u00e1nu. K pom\u016fck\u00e1m se \u0159ad\u00ed i glukometry, berle, invalidn\u00ed voz\u00edky, nitroo\u010dn\u00ed \u010do\u010dky \u010di sluchadla. Ro\u010dn\u011b se v \u010cesku vyd\u00e1 t\u011bchto prost\u0159edk\u016f za 40 miliard korun. Za pom\u016fcky na poukaz vydaj\u00ed zdravotn\u00ed poji\u0161\u0165ovny v\u00edce ne\u017e dv\u011b procenta pen\u011bz na l\u00e9\u010den\u00ed.<\/p>\n<p>VERONIKA RODRIGUEZ<br \/>\nJihlavsk\u00fd den\u00edk<br \/>\n<a href=\"http:\/\/www.jihlavsky.denik.cz\/\">http:\/\/www.jihlavsky.denik.cz\/<\/a><\/p>\n","protected":false},"excerpt":{"rendered":"<div class=\"mh-excerpt\"><p>Lid\u00e9 by m\u011bli dop\u0159edu v\u011bd\u011bt, jakou o\u010dn\u00ed \u010do\u010dku dostanou a kolik za ni zaplat\u00ed. Dnes nic z toho jasn\u00e9 nen\u00ed. Skupina sen\u00e1tor\u016f v \u010dele s <a class=\"mh-excerpt-more\" href=\"https:\/\/www.invarena.cz\/?p=28170\" title=\"Berle nebo t\u0159eba o\u010dn\u00ed \u010do\u010dky. Zru\u0161te chaos v cen\u00e1ch, \u017e\u00e1daj\u00ed sen\u00e1to\u0159i \u00dastavn\u00ed soud\">[&#8230;]<\/a><\/p>\n<\/div>","protected":false},"author":1,"featured_media":15989,"comment_status":"open","ping_status":"closed","sticky":false,"template":"","format":"standard","meta":{"footnotes":""},"categories":[9],"tags":[],"class_list":["post-28170","post","type-post","status-publish","format-standard","has-post-thumbnail","hentry","category-zpravy"],"_links":{"self":[{"href":"https:\/\/www.invarena.cz\/index.php?rest_route=\/wp\/v2\/posts\/28170","targetHints":{"allow":["GET"]}}],"collection":[{"href":"https:\/\/www.invarena.cz\/index.php?rest_route=\/wp\/v2\/posts"}],"about":[{"href":"https:\/\/www.invarena.cz\/index.php?rest_route=\/wp\/v2\/types\/post"}],"author":[{"embeddable":true,"href":"https:\/\/www.invarena.cz\/index.php?rest_route=\/wp\/v2\/users\/1"}],"replies":[{"embeddable":true,"href":"https:\/\/www.invarena.cz\/index.php?rest_route=%2Fwp%2Fv2%2Fcomments&post=28170"}],"version-history":[{"count":0,"href":"https:\/\/www.invarena.cz\/index.php?rest_route=\/wp\/v2\/posts\/28170\/revisions"}],"wp:featuredmedia":[{"embeddable":true,"href":"https:\/\/www.invarena.cz\/index.php?rest_route=\/wp\/v2\/media\/15989"}],"wp:attachment":[{"href":"https:\/\/www.invarena.cz\/index.php?rest_route=%2Fwp%2Fv2%2Fmedia&parent=28170"}],"wp:term":[{"taxonomy":"category","embeddable":true,"href":"https:\/\/www.invarena.cz\/index.php?rest_route=%2Fwp%2Fv2%2Fcategories&post=28170"},{"taxonomy":"post_tag","embeddable":true,"href":"https:\/\/www.invarena.cz\/index.php?rest_route=%2Fwp%2Fv2%2Ftags&post=28170"}],"curies":[{"name":"wp","href":"https:\/\/api.w.org\/{rel}","templated":true}]}}