{"id":28178,"date":"2017-05-10T11:06:28","date_gmt":"2017-05-10T09:06:28","guid":{"rendered":"http:\/\/www.invarena.cz\/?p=28178"},"modified":"2017-05-10T11:06:28","modified_gmt":"2017-05-10T09:06:28","slug":"ceska-lipa-den-socialnich-sluzeb-predstavil-zajimavou-nabidku","status":"publish","type":"post","link":"https:\/\/www.invarena.cz\/?p=28178","title":{"rendered":"\u010cesk\u00e1 L\u00edpa: Den soci\u00e1ln\u00edch slu\u017eeb p\u0159edstavil zaj\u00edmavou nab\u00eddku"},"content":{"rendered":"<p><strong>P\u0159es dvacet poskytovatel\u016f soci\u00e1ln\u00edch slu\u017eeb z cel\u00e9ho Libereck\u00e9ho kraje p\u0159ijelo p\u0159edstavit svoji nab\u00eddku. Setk\u00e1n\u00ed pro odbornou i \u0161irokou ve\u0159ejnost opakovan\u011b uspo\u0159\u00e1dala p\u0159\u00edsp\u011bvkov\u00e1 organizace Soci\u00e1ln\u00ed slu\u017eby m\u011bsta \u010cesk\u00e1 L\u00edpa.<\/strong><!--more--><\/p>\n<p>&#8222;Velmi si v\u00e1\u017e\u00edm pr\u00e1ce soci\u00e1ln\u00edch pracovn\u00edk\u016f. Je to nam\u00e1hav\u00e1 a zodpov\u011bdn\u00e1 \u010dinnost, kter\u00e1 mus\u00ed b\u00fdt l\u00e9pe finan\u010dn\u011b ohodnocen\u00e1. Krom\u011b toho m\u011bsto letos zm\u011bnilo i podm\u00ednky financov\u00e1n\u00ed soci\u00e1ln\u00edch slu\u017eeb, kter\u00e9 pot\u0159ebuje pro svoje ob\u010dany,&#8220; \u0159\u00edk\u00e1 starostka Romana \u017dateck\u00e1. N\u00e1v\u0161t\u011bvn\u00edci akce se dozv\u011bd\u011bli, jak\u00e9 slu\u017eby klient\u016fm nab\u00edz\u00ed nap\u0159\u00edklad libereck\u00fd Rytmus, humanit\u00e1rn\u00ed organizace ADRA, Farn\u00ed charita \u010cesk\u00e1 L\u00edpa, IZZ chr\u00e1n\u011bn\u00e1 d\u00edlna nebo jak funguje tzv. zrcadlov\u00e1 pomoc.<\/p>\n<p>&#8222;Jsem r\u00e1da, \u017ee jsme se tu op\u011bt se\u0161li s ostatn\u00edmi poskytovateli soci\u00e1ln\u00edch slu\u017eeb a \u017ee si m\u016f\u017eeme vym\u011bnit zku\u0161enosti a p\u0159\u00edpadn\u011b nav\u00e1zat i u\u017e\u0161\u00ed spolupr\u00e1ci, jako se to n\u011bkter\u00fdm z n\u00e1s povedlo ji\u017e po lo\u0148sk\u00e9m setk\u00e1n\u00ed,&#8220; uv\u00e1d\u00ed Helena Holanov\u00e1, vedouc\u00ed Domova pro seniory LADA.<\/p>\n<p>Mezi dvac\u00edtkou vystavovatel\u016f tu byla i organizace ROSKA, kter\u00e1 pom\u00e1h\u00e1 pacient\u016fm s roztrou\u0161enou skler\u00f3zou. &#8222;Po\u0159\u00e1d\u00e1me pravideln\u00e9 ozdravn\u00e9 rekondi\u010dn\u00ed pobyty, t\u00fddenn\u00ed rehabilita\u010dn\u00ed cvi\u010den\u00ed, m\u011bs\u00ed\u010dn\u00ed ergoterapie a letn\u00ed hipoterapie v Kr\u00e1lovstv\u00ed u Cvikova. Vyd\u00e1v\u00e1me i sv\u016fj internetov\u00fd \u010dasopis,&#8220; vypo\u010d\u00edt\u00e1v\u00e1 aktivity organizace jej\u00ed hospod\u00e1\u0159ka Karla J\u00ednov\u00e1.<\/p>\n<p>&#8222;N\u011bkter\u00e9 pacienty brn\u00ed ruce, jin\u00ed \u0161patn\u011b vid\u00ed, j\u00e1 jsem hlavn\u011b zvracela. Absolvovala jsem r\u016fzn\u00e1 vy\u0161et\u0159en\u00ed, ale definitivn\u00ed diagn\u00f3zu roztrou\u0161en\u00e9 skler\u00f3zy mi p\u0159ed dv\u011bma lety potvrdila a\u017e magnetick\u00e1 rezonance. Dnes je m\u016fj zdravotn\u00ed stav stabilizovan\u00fd, d\u00e1v\u00e1m si pravideln\u011b injekce. N\u011bkomu pom\u016f\u017ee biologick\u00e1 l\u00e9\u010dba, jin\u00e9mu pobyt v Mezin\u00e1rodn\u00edm centru duchovn\u00ed obnovy v Hejnic\u00edch, kam jezd\u00ed i voz\u00ed\u010dk\u00e1\u0159i,&#8220; sv\u011b\u0159uje se So\u0148a Jablonsk\u00e1, \u010dlenka \u010deskolipsk\u00e9 ROSKY.<\/p>\n<p>Parlamentn\u00ed Listy<br \/>\n<a href=\"http:\/\/www.parlamentnilisty.cz\/politika\/obce-volicum\/Ceska-Lipa-Den-socialnich-sluzeb-predstavil-zajimavou-nabidku-486966?utm_source=nm&amp;utm_medium=xml\">http:\/\/www.parlamentnilisty.cz\/<\/a><\/p>\n","protected":false},"excerpt":{"rendered":"<div class=\"mh-excerpt\"><p>P\u0159es dvacet poskytovatel\u016f soci\u00e1ln\u00edch slu\u017eeb z cel\u00e9ho Libereck\u00e9ho kraje p\u0159ijelo p\u0159edstavit svoji nab\u00eddku. Setk\u00e1n\u00ed pro odbornou i \u0161irokou ve\u0159ejnost opakovan\u011b uspo\u0159\u00e1dala p\u0159\u00edsp\u011bvkov\u00e1 organizace Soci\u00e1ln\u00ed slu\u017eby <a class=\"mh-excerpt-more\" href=\"https:\/\/www.invarena.cz\/?p=28178\" title=\"\u010cesk\u00e1 L\u00edpa: Den soci\u00e1ln\u00edch slu\u017eeb p\u0159edstavil zaj\u00edmavou nab\u00eddku\">[&#8230;]<\/a><\/p>\n<\/div>","protected":false},"author":1,"featured_media":4060,"comment_status":"open","ping_status":"closed","sticky":false,"template":"","format":"standard","meta":{"footnotes":""},"categories":[9],"tags":[],"class_list":["post-28178","post","type-post","status-publish","format-standard","has-post-thumbnail","hentry","category-zpravy"],"_links":{"self":[{"href":"https:\/\/www.invarena.cz\/index.php?rest_route=\/wp\/v2\/posts\/28178","targetHints":{"allow":["GET"]}}],"collection":[{"href":"https:\/\/www.invarena.cz\/index.php?rest_route=\/wp\/v2\/posts"}],"about":[{"href":"https:\/\/www.invarena.cz\/index.php?rest_route=\/wp\/v2\/types\/post"}],"author":[{"embeddable":true,"href":"https:\/\/www.invarena.cz\/index.php?rest_route=\/wp\/v2\/users\/1"}],"replies":[{"embeddable":true,"href":"https:\/\/www.invarena.cz\/index.php?rest_route=%2Fwp%2Fv2%2Fcomments&post=28178"}],"version-history":[{"count":0,"href":"https:\/\/www.invarena.cz\/index.php?rest_route=\/wp\/v2\/posts\/28178\/revisions"}],"wp:featuredmedia":[{"embeddable":true,"href":"https:\/\/www.invarena.cz\/index.php?rest_route=\/wp\/v2\/media\/4060"}],"wp:attachment":[{"href":"https:\/\/www.invarena.cz\/index.php?rest_route=%2Fwp%2Fv2%2Fmedia&parent=28178"}],"wp:term":[{"taxonomy":"category","embeddable":true,"href":"https:\/\/www.invarena.cz\/index.php?rest_route=%2Fwp%2Fv2%2Fcategories&post=28178"},{"taxonomy":"post_tag","embeddable":true,"href":"https:\/\/www.invarena.cz\/index.php?rest_route=%2Fwp%2Fv2%2Ftags&post=28178"}],"curies":[{"name":"wp","href":"https:\/\/api.w.org\/{rel}","templated":true}]}}