{"id":28202,"date":"2017-05-13T08:33:33","date_gmt":"2017-05-13T06:33:33","guid":{"rendered":"http:\/\/www.invarena.cz\/?p=28202"},"modified":"2017-05-13T08:33:33","modified_gmt":"2017-05-13T06:33:33","slug":"sobotka-politika-ma-zohlednit-zasluhy-senioru-ma-byt-solidarita","status":"publish","type":"post","link":"https:\/\/www.invarena.cz\/?p=28202","title":{"rendered":"Sobotka: Politika m\u00e1 zohlednit z\u00e1sluhy senior\u016f, m\u00e1 b\u00fdt solidarita"},"content":{"rendered":"<p><strong>Politika v \u010cesku mus\u00ed podle premi\u00e9ra Bohuslava Sobotky (\u010cSSD) zohled\u0148ovat z\u00e1sluhy senior\u016f. D\u00e1l mus\u00ed fungovat mezigenera\u010dn\u00ed solidarita. P\u0159edseda vl\u00e1dy to \u0159ekl v Praze na sjezdu Rady senior\u016f \u010cR.<\/strong><!--more--><\/p>\n<p>Zm\u00ednil projedn\u00e1vanou zm\u011bnu valorizace, podle n\u00ed\u017e by d\u016fchody v budoucnu m\u011bly r\u016fst v\u00fdrazn\u011bji. Odm\u00edtl p\u0159\u00edpadn\u00e9 obnoven\u00ed poplatk\u016f za pobyt v nemocnic\u00edch. Na sjezd senior\u016f dorazil tak\u00e9 \u0161\u00e9f ANO, ministr financ\u00ed Andrej Babi\u0161.<\/p>\n<p>&#8222;Politika spole\u010dnosti mus\u00ed zohled\u0148ovat to, co jste vy a va\u0161i vrstevn\u00edci ud\u011blali pro na\u0161i zemi. Dnes, kdy\u017e jste v d\u016fchodu a pot\u0159ebujete pomoc, v\u00e1m to mus\u00ed spole\u010dnost vr\u00e1tit, mus\u00ed tady fungovat mezigenera\u010dn\u00ed solidarita. Moje generace, mlad\u0161\u00ed generace mus\u00ed v\u00e1m vracet to, co jste ud\u011blali pro n\u00e1s,&#8220; uvedl Sobotka.<\/p>\n<p>Zm\u00ednil kroky sv\u00e9ho kabinetu ke zv\u00fd\u0161en\u00ed penz\u00ed. Za n\u00e1vrh zm\u011bny modelu valorizace, aby d\u016fchody od p\u0159\u00ed\u0161t\u00edho roku rostly v\u00fdrazn\u011bji, si vyslou\u017eil premi\u00e9r potlesk. Odm\u00edtl poplatky ve zdravotnictv\u00ed a p\u0159\u00edpadn\u00e9 obnoven\u00ed platby za pobyt v nemocnici. Jmenoval tak\u00e9 z\u00e1m\u011br sn\u00ed\u017eit senior\u016fm limit na doplatky za l\u00e9ky \u010di zav\u00e9st dlouhodob\u00e9 o\u0161et\u0159ovn\u00e9. Po volb\u00e1ch by se pr\u00fd mohla zv\u00e1\u017eit i mo\u017enost, \u017ee by senio\u0159i mohli jezdit vlakem zdarma.<\/p>\n<p>Pr\u00e1v\u011b slevy v doprav\u011b, ale i na vstup do kulturn\u00edch za\u0159\u00edzen\u00ed \u010di zoologick\u00fdch a botanick\u00fdch zahrad rada po\u017eaduje. Dal\u0161\u00edm po\u017eadavkem je podle p\u0159edsedy rady Zde\u0148ka Pernese p\u0159ijet\u00ed z\u00e1kona o soci\u00e1ln\u00edm bydlen\u00ed a p\u0159\u00edprava reformy penz\u00ed, kter\u00e1 by zajistila d\u016fchodc\u016fm s n\u00edzk\u00fdmi penzemi vy\u0161\u0161\u00ed d\u016fchody.<\/p>\n<p>Lid\u00e9 nad 65 let tvo\u0159\u00ed p\u011btinu obyvatel \u010ceska. P\u0159edstavuj\u00ed silnou voli\u010dskou skupinu. &#8222;Je stra\u0161n\u011b d\u016fle\u017eit\u00e9, aby ve volb\u00e1ch usp\u011bly politick\u00e9 s\u00edly, kter\u00e9 budou pokra\u010dovat v na\u0161\u00ed politice v\u016f\u010di senior\u016fm,&#8220; \u0159ekl na sjezdu rady senior\u016f Sobotka. Podle n\u011bj by si senio\u0159i a seniorky m\u011bli nejen pozorn\u011b p\u0159e\u010d\u00edst volebn\u00ed programy stran, ale zaj\u00edmat se i o to, jak jejich politici o n\u00e1vrz\u00edch ke zlep\u0161en\u00ed \u017eivota star\u0161\u00edch lid\u00ed hlasovali. Na n\u011bkter\u00fdch n\u00e1vrz\u00edch nebyla shoda ani v koalici.<\/p>\n<p>Rada podle sv\u00e9ho \u0161\u00e9fa sleduje, jak poslanci hlasovali. Zve\u0159ej\u0148uje to ve sv\u00e9m \u010dasopise. &#8222;Pokud chcete seniorsk\u00e9 hlasy ve volb\u00e1ch, mus\u00edte si je zaslou\u017eit,&#8220; uvedl Pernes.<\/p>\n<p>Podle n\u011bj mezigenera\u010dn\u00ed solidarita v \u010cesku zaost\u00e1v\u00e1. \u0158ekl, \u017ee re\u00e1ln\u00e1 kupn\u00ed s\u00edla penz\u00ed je na 116 procentech hodnoty roku 1989, u mezd je to 162 procent. &#8222;N\u016f\u017eky mezi aktivn\u00ed a postaktivn\u00ed \u010d\u00e1st\u00ed populace se rozev\u0159ely t\u00e9m\u011b\u0159 o polovinu. \u010ce\u0161t\u00ed senio\u0159i jsou zvykl\u00ed \u017e\u00edt skromn\u011b, dost\u00e1v\u00e1me ale rozho\u0159\u010den\u00e9 dopisy, kdy\u017e si poslanci zvy\u0161uj\u00ed platy o tis\u00edce,&#8220; podotkl Pernes. R\u016fst penz\u00ed podle n\u011bj nesta\u010d\u00ed ke zvy\u0161ov\u00e1n\u00ed kvality \u017eivota star\u0161\u00edch lid\u00ed.<\/p>\n<p>Starobn\u00ed d\u016fchod na konci lo\u0148ska dost\u00e1valo bezm\u00e1la 2,4 milionu lid\u00ed. Pr\u016fm\u011brn\u00e1 penze \u010dinila 11.460 korun. Na d\u016fchody se loni vyplatilo 389,17 miliardy korun, letos by to m\u011blo b\u00fdt podle schv\u00e1len\u00e9ho rozpo\u010dtu 406,25 miliardy korun. Babi\u0161 na seniorsk\u00e9m sjezdu \u0159ekl, \u017ee p\u0159\u00ed\u0161t\u00ed rok by v\u00fddaje m\u011bly \u010dinit 437 miliard. Vl\u00e1da pl\u00e1nuje r\u016fst penz\u00ed v pr\u016fm\u011bru o 500 korun.<\/p>\n<p>Rada vyzvala vl\u00e1du, aby do voleb prosadila z\u00e1kon o soci\u00e1ln\u00edm bydlen\u00ed, kter\u00fd je nyn\u00ed ve Sn\u011bmovn\u011b. Doln\u00ed komora ho zat\u00edm nepustila ani do dal\u0161\u00edho projedn\u00e1v\u00e1n\u00ed. V koalici na norm\u011b nen\u00ed shoda, v\u00fdhrady m\u00e1 i opozice. Zat\u00edmco podle ANO by m\u011bly soci\u00e1ln\u00ed byty dost\u00e1vat jen ti nejchud\u0161\u00ed, podle \u010cSSD by na n\u011b m\u011bli dos\u00e1hnout i samo\u017eivitel\u00e9, senio\u0159i v t\u00edsni \u010di posti\u017een\u00ed.<\/p>\n<\/div>\n<\/div>\n<\/div>\n<p><!--more--><\/p>\n","protected":false},"excerpt":{"rendered":"<div class=\"mh-excerpt\"><p>Politika v \u010cesku mus\u00ed podle premi\u00e9ra Bohuslava Sobotky (\u010cSSD) zohled\u0148ovat z\u00e1sluhy senior\u016f. D\u00e1l mus\u00ed fungovat mezigenera\u010dn\u00ed solidarita. P\u0159edseda vl\u00e1dy to \u0159ekl v Praze na sjezdu <a class=\"mh-excerpt-more\" href=\"https:\/\/www.invarena.cz\/?p=28202\" title=\"Sobotka: Politika m\u00e1 zohlednit z\u00e1sluhy senior\u016f, m\u00e1 b\u00fdt solidarita\">[&#8230;]<\/a><\/p>\n<\/div>","protected":false},"author":1,"featured_media":27673,"comment_status":"open","ping_status":"closed","sticky":false,"template":"","format":"standard","meta":{"footnotes":""},"categories":[9],"tags":[],"class_list":["post-28202","post","type-post","status-publish","format-standard","has-post-thumbnail","hentry","category-zpravy"],"_links":{"self":[{"href":"https:\/\/www.invarena.cz\/index.php?rest_route=\/wp\/v2\/posts\/28202","targetHints":{"allow":["GET"]}}],"collection":[{"href":"https:\/\/www.invarena.cz\/index.php?rest_route=\/wp\/v2\/posts"}],"about":[{"href":"https:\/\/www.invarena.cz\/index.php?rest_route=\/wp\/v2\/types\/post"}],"author":[{"embeddable":true,"href":"https:\/\/www.invarena.cz\/index.php?rest_route=\/wp\/v2\/users\/1"}],"replies":[{"embeddable":true,"href":"https:\/\/www.invarena.cz\/index.php?rest_route=%2Fwp%2Fv2%2Fcomments&post=28202"}],"version-history":[{"count":0,"href":"https:\/\/www.invarena.cz\/index.php?rest_route=\/wp\/v2\/posts\/28202\/revisions"}],"wp:featuredmedia":[{"embeddable":true,"href":"https:\/\/www.invarena.cz\/index.php?rest_route=\/wp\/v2\/media\/27673"}],"wp:attachment":[{"href":"https:\/\/www.invarena.cz\/index.php?rest_route=%2Fwp%2Fv2%2Fmedia&parent=28202"}],"wp:term":[{"taxonomy":"category","embeddable":true,"href":"https:\/\/www.invarena.cz\/index.php?rest_route=%2Fwp%2Fv2%2Fcategories&post=28202"},{"taxonomy":"post_tag","embeddable":true,"href":"https:\/\/www.invarena.cz\/index.php?rest_route=%2Fwp%2Fv2%2Ftags&post=28202"}],"curies":[{"name":"wp","href":"https:\/\/api.w.org\/{rel}","templated":true}]}}