{"id":28207,"date":"2017-05-15T08:41:15","date_gmt":"2017-05-15T06:41:15","guid":{"rendered":"http:\/\/www.invarena.cz\/?p=28207"},"modified":"2017-05-15T08:41:15","modified_gmt":"2017-05-15T06:41:15","slug":"zubari-vybrali-nahradu-za-zakazany-michany-amalgam-v-plombach","status":"publish","type":"post","link":"https:\/\/www.invarena.cz\/?p=28207","title":{"rendered":"Zuba\u0159i vybrali n\u00e1hradu za zak\u00e1zan\u00fd m\u00edchan\u00fd amalg\u00e1m v plomb\u00e1ch"},"content":{"rendered":"<p><strong>\u010cesk\u00e1 stomatologick\u00e1 komora (\u010cSK) na\u0161la \u0159e\u0161en\u00ed, \u010d\u00edm nahradit u d\u011bt\u00ed, t\u011bhotn\u00fdch a koj\u00edc\u00edch matek v zubn\u00edch v\u00fdpln\u00edch takzvan\u00fd m\u00edchan\u00fd amalg\u00e1m, jeho\u017e pou\u017e\u00edv\u00e1n\u00ed od p\u0159\u00ed\u0161t\u00edho roku zak\u00e1zal Evropsk\u00fd parlament. L\u00e9ka\u0159i by m\u011bli m\u00edt na v\u00fdb\u011br z n\u011bkolika mo\u017enost\u00ed, p\u0159i\u010dem\u017e amalg\u00e1m a kompozitn\u00ed prysky\u0159ice u st\u00e1l\u00fdch zub\u016f to nebude.<\/strong><!--more--><\/p>\n<p>N\u00e1vrh komory, jak \u0159e\u0161it situaci ohledn\u011b amalg\u00e1mu, podpo\u0159il jej\u00ed sn\u011bm v Mikulov\u011b, sd\u011blil Roman \u0160mucler, kter\u00fd se v z\u00e1\u0159\u00ed ujme funkce prezidenta \u010cSK.<\/p>\n<p>Komora podle n\u011bj vymyslela n\u00e1hradu m\u00edchan\u00e9ho amalg\u00e1mu a s poji\u0161\u0165ovnami domluvila kompromis. &#8222;Nyn\u00ed \u010dek\u00e1me, zda dojde k fin\u00e1ln\u00ed dohod\u011b. Ale zd\u00e1 se, \u017ee velk\u00fd probl\u00e9m pro pacienty by mohl b\u00fdt vy\u0159e\u0161en,&#8220; uvedl \u0160mucler. Konkr\u00e9tn\u00ed materi\u00e1l, kter\u00fd by m\u011bl amalg\u00e1m nahradit, ale neuvedl. &#8222;Nen\u00ed to jeden jasn\u00fd materi\u00e1l, je to u ka\u017ed\u00e9ho v\u00fdkonu v\u017edy v\u00fdb\u011br z n\u011bkolika. Mo\u017enost\u00ed je v\u00edce, aby si l\u00e9ka\u0159 optim\u00e1ln\u011b vybral,&#8220; doplnil \u0160mucler.<\/p>\n<p>Z\u00e1kaz pou\u017e\u00edvan\u00e9ho m\u00edchan\u00e9ho amalg\u00e1mu souvis\u00ed s p\u0159edpisy, kter\u00e9 schv\u00e1lil Evropsk\u00fd parlament v polovin\u011b b\u0159ezna. Omezuj\u00ed pou\u017e\u00edv\u00e1n\u00ed rtuti, kter\u00e1 postihuje \u017eivotn\u00ed prost\u0159ed\u00ed i lidsk\u00e9 zdrav\u00ed. Od 1. \u010dervence 2018 tak budou moci zuba\u0159i pou\u017e\u00edvat u d\u011bt\u00ed do 16 let, t\u011bhotn\u00fdch a koj\u00edc\u00edch \u017een m\u00edsto m\u00edchan\u00e9ho amalg\u00e1mu, kter\u00fd p\u0159ipravuj\u00ed p\u0159\u00edmo v ordinaci mimo jin\u00e9 ze rtuti, pouze takzvan\u00fd kapslov\u00fd amalg\u00e1m, tedy amalg\u00e1m p\u0159edem p\u0159ipraven\u00fd. Kapslov\u00fd amalg\u00e1m ale zdravotn\u00ed poji\u0161\u0165ovny v \u010cesku nehrad\u00ed a takzvan\u00e9 b\u00edl\u00e9 v\u00fdpln\u011b maj\u00ed podle \u010desk\u00fdch stomatolog\u016f ni\u017e\u0161\u00ed \u017eivotnost a nepou\u017e\u00edvaj\u00ed se tak dlouho, aby byl dostate\u010dn\u011b prozkoum\u00e1n jejich vliv na zdrav\u00ed.<\/p>\n<p>Ministerstvo zdravotnictv\u00ed p\u0159ed \u010dasem uvedlo, \u017ee po\u010d\u00edt\u00e1 s t\u00edm, \u017ee v\u017edy bude jedna varianta pro pacienty zdarma. &#8222;V\u017edy bude jedna varianta o\u0161et\u0159en\u00ed zubn\u00edho kazu pln\u011b hrazen\u00e1 poji\u0161\u0165ovnou tak, aby byla dostupn\u00e1 pro v\u0161echny pacienty,&#8220; napsal \u010cTK n\u00e1m\u011bstek ministra zdravotnictv\u00ed Tom Philipp bez up\u0159esn\u011bn\u00ed toho, o jakou v\u00fdpl\u0148 by mohlo j\u00edt.<\/p>\n","protected":false},"excerpt":{"rendered":"<div class=\"mh-excerpt\"><p>\u010cesk\u00e1 stomatologick\u00e1 komora (\u010cSK) na\u0161la \u0159e\u0161en\u00ed, \u010d\u00edm nahradit u d\u011bt\u00ed, t\u011bhotn\u00fdch a koj\u00edc\u00edch matek v zubn\u00edch v\u00fdpln\u00edch takzvan\u00fd m\u00edchan\u00fd amalg\u00e1m, jeho\u017e pou\u017e\u00edv\u00e1n\u00ed od p\u0159\u00ed\u0161t\u00edho roku <a class=\"mh-excerpt-more\" href=\"https:\/\/www.invarena.cz\/?p=28207\" title=\"Zuba\u0159i vybrali n\u00e1hradu za zak\u00e1zan\u00fd m\u00edchan\u00fd amalg\u00e1m v plomb\u00e1ch\">[&#8230;]<\/a><\/p>\n<\/div>","protected":false},"author":1,"featured_media":14165,"comment_status":"open","ping_status":"closed","sticky":false,"template":"","format":"standard","meta":{"footnotes":""},"categories":[9],"tags":[],"class_list":["post-28207","post","type-post","status-publish","format-standard","has-post-thumbnail","hentry","category-zpravy"],"_links":{"self":[{"href":"https:\/\/www.invarena.cz\/index.php?rest_route=\/wp\/v2\/posts\/28207","targetHints":{"allow":["GET"]}}],"collection":[{"href":"https:\/\/www.invarena.cz\/index.php?rest_route=\/wp\/v2\/posts"}],"about":[{"href":"https:\/\/www.invarena.cz\/index.php?rest_route=\/wp\/v2\/types\/post"}],"author":[{"embeddable":true,"href":"https:\/\/www.invarena.cz\/index.php?rest_route=\/wp\/v2\/users\/1"}],"replies":[{"embeddable":true,"href":"https:\/\/www.invarena.cz\/index.php?rest_route=%2Fwp%2Fv2%2Fcomments&post=28207"}],"version-history":[{"count":0,"href":"https:\/\/www.invarena.cz\/index.php?rest_route=\/wp\/v2\/posts\/28207\/revisions"}],"wp:featuredmedia":[{"embeddable":true,"href":"https:\/\/www.invarena.cz\/index.php?rest_route=\/wp\/v2\/media\/14165"}],"wp:attachment":[{"href":"https:\/\/www.invarena.cz\/index.php?rest_route=%2Fwp%2Fv2%2Fmedia&parent=28207"}],"wp:term":[{"taxonomy":"category","embeddable":true,"href":"https:\/\/www.invarena.cz\/index.php?rest_route=%2Fwp%2Fv2%2Fcategories&post=28207"},{"taxonomy":"post_tag","embeddable":true,"href":"https:\/\/www.invarena.cz\/index.php?rest_route=%2Fwp%2Fv2%2Ftags&post=28207"}],"curies":[{"name":"wp","href":"https:\/\/api.w.org\/{rel}","templated":true}]}}