{"id":28222,"date":"2017-05-16T10:57:18","date_gmt":"2017-05-16T08:57:18","guid":{"rendered":"http:\/\/www.invarena.cz\/?p=28222"},"modified":"2017-05-16T10:57:18","modified_gmt":"2017-05-16T08:57:18","slug":"studentka-navrhla-stolek-pro-tezce-postizene-deti","status":"publish","type":"post","link":"https:\/\/www.invarena.cz\/?p=28222","title":{"rendered":"Studentka navrhla stolek pro t\u011b\u017ece posti\u017een\u00e9 d\u011bti"},"content":{"rendered":"<p><strong>Pom\u016fcku, kter\u00e1 vznikla jako sou\u010d\u00e1st diplomov\u00e9 pr\u00e1ce, dnes pou\u017e\u00edvaj\u00ed ve speci\u00e1ln\u00ed z\u00e1kladn\u00ed \u0161kole. Jej\u00ed autorka te\u010f hled\u00e1 investory a piln\u011b sh\u00e1n\u00ed pen\u00edze na drah\u00e9 a velmi n\u00e1ro\u010dn\u00e9 atestace.<\/strong><!--more--><\/p>\n<p>\u00dast\u00ed nad Labem \u2013 Zbyte\u010dn\u00fdm teoretizov\u00e1n\u00edm necht\u011bla ve sv\u00e9 diplomov\u00e9 pr\u00e1ci ztr\u00e1cet \u010das. Proto se Zuzana Foktov\u00e1 rozhodla vyrobit n\u011bco, co bude pom\u00e1hat posti\u017een\u00fdm d\u011btem.<\/p>\n<p>Z jej\u00ed zhruba ro\u010dn\u00ed snahy vze\u0161el speci\u00e1ln\u00ed multifunk\u010dn\u00ed stolek, kter\u00fd denn\u011b pou\u017e\u00edvaj\u00ed pedagogov\u00e9 v \u00fasteck\u00e9 Speci\u00e1ln\u00ed z\u00e1kladn\u00ed \u0161kole Pod Parkem.<\/p>\n<p>POCHVALUJ\u00cd SI HO<\/p>\n<p>&#8222;Na univerzit\u011b jsem dostala kontakt na \u0161kolu a pak jsem pro ni vyr\u00e1b\u011bla doslova na m\u00edru. Museli jsme vyzkou\u0161et ka\u017edou sou\u010d\u00e1stku, v\u0161e procvi\u010dit, leccos zm\u011bnit. Mimo to vznikly je\u0161t\u011b dal\u0161\u00ed dva p\u0159edm\u011bty, ale stolek m\u00e1 nejv\u011bt\u0161\u00ed potenci\u00e1l,&#8220; popisuje Zuzana Foktov\u00e1.<\/p>\n<p>Stolek pom\u00e1h\u00e1 posti\u017een\u00fdm d\u011btem rozv\u00edjet jemn\u00e9 pohyby, u\u010d\u00ed je rozezn\u00e1vat v\u0161elijak\u00e9 materi\u00e1ly a r\u016fzn\u00e9 barvy \u010di tvary a reagovat na vn\u011bj\u0161\u00ed podn\u011bty. Tr\u00e9nuje jejich sebeuv\u011bdomov\u00e1n\u00ed, umo\u017e\u0148uje dokonce procvi\u010dovat v\u00fdslovnost. V neposledn\u00ed \u0159ad\u011b tak\u00e9 napom\u00e1h\u00e1 k relaxaci.<\/p>\n<p>&#8222;Samoz\u0159ejm\u011b, \u017ee jsme za takovou pom\u016fcku moc r\u00e1di, skv\u011ble slou\u017e\u00ed sv\u00e9mu \u00fa\u010delu,&#8220; pochvaluje si Zuz\u010din v\u00fdrobek Martina Brhelov\u00e1, \u0159editelka Speci\u00e1ln\u00ed z\u00e1kladn\u00ed \u0161koly Pod Parkem. Slu\u0161n\u00fd z\u00e1jem o multifunk\u010dn\u00ed stolek panuje i v jin\u00fdch speci\u00e1ln\u00edch pedagogick\u00fdch za\u0159\u00edzen\u00edch, p\u0159\u00edpadn\u011b rehabilita\u010dn\u00edch centrech pro d\u011bti. Osobn\u011b je Zuzana Foktov\u00e1 obj\u00ed\u017ed\u00ed a stolek jim p\u0159edv\u00e1d\u00ed. Jen\u017ee jako se v\u0161\u00edm, limituj\u00edc\u00ed hranic\u00ed Zuz\u010diny snahy jsou pen\u00edze.<\/p>\n<p>POT\u0158EBUJE 120 TIS\u00cdC<\/p>\n<p>&#8222;Snad se n\u00e1m poda\u0159\u00ed z\u00edskat \u010d\u00e1stku pot\u0159ebnou k rozvoji jeho v\u00fdroby. Stolek lze pou\u017e\u00edvat i v dom\u00e1cnostech. Te\u010f nap\u0159\u00edklad \u0159e\u0161\u00edm atestaci. Je to velmi finan\u010dn\u011b n\u00e1ro\u010dn\u00e9 a mus\u00ed se ka\u017ed\u00e9 t\u0159i roky obnovit. Stejn\u011b tak nen\u00ed jednoduch\u00e9 za\u0159\u00eddit pr\u00e1vn\u00ed ochranu, zna\u010dku v\u00fdrobku, skladov\u00e9 a v\u00fdrobn\u00ed prostory,&#8220; popisuje studentka. Dohromady by pot\u0159ebovala zhruba 120 tis\u00edc korun. Zvl\u00e1dla by to pr\u00fd i s 60 tis\u00edci, ale trvalo by to dlouho.<\/p>\n<p>Proto obj\u00ed\u017ed\u00ed sout\u011b\u017ee, kde hled\u00e1 mentory a investory. Naposledy z\u00edskala druh\u00e9 m\u00edsto na \u00dasteck\u00e9m dni D, kter\u00e9ho se z\u00fa\u010dastnili za\u010d\u00ednaj\u00edc\u00ed podnikatel\u00e9 se sv\u00fdmi projekty.<\/p>\n<p>&#8222;Z\u00edskala deset tis\u00edc korun na slu\u017eby pro rozvoj podnik\u00e1n\u00ed,&#8220; dodal Ond\u0159ej Klein z Inova\u010dn\u00edho centra \u00dasteck\u00e9ho kraje, kter\u00e9 sout\u011b\u017e po\u0159\u00e1d\u00e1.<\/p>\n<p>JANNI VORL\u00cd\u010cEK<br \/>\n\u00dasteck\u00fd den\u00edk<br \/>\n<a href=\"http:\/\/www.ustecky.denik.cz\/\">http:\/\/www.ustecky.denik.cz\/<\/a><\/p>\n","protected":false},"excerpt":{"rendered":"<div class=\"mh-excerpt\"><p>Pom\u016fcku, kter\u00e1 vznikla jako sou\u010d\u00e1st diplomov\u00e9 pr\u00e1ce, dnes pou\u017e\u00edvaj\u00ed ve speci\u00e1ln\u00ed z\u00e1kladn\u00ed \u0161kole. Jej\u00ed autorka te\u010f hled\u00e1 investory a piln\u011b sh\u00e1n\u00ed pen\u00edze na drah\u00e9 a <a class=\"mh-excerpt-more\" href=\"https:\/\/www.invarena.cz\/?p=28222\" title=\"Studentka navrhla stolek pro t\u011b\u017ece posti\u017een\u00e9 d\u011bti\">[&#8230;]<\/a><\/p>\n<\/div>","protected":false},"author":1,"featured_media":0,"comment_status":"open","ping_status":"closed","sticky":false,"template":"","format":"standard","meta":{"footnotes":""},"categories":[9],"tags":[],"class_list":["post-28222","post","type-post","status-publish","format-standard","hentry","category-zpravy"],"_links":{"self":[{"href":"https:\/\/www.invarena.cz\/index.php?rest_route=\/wp\/v2\/posts\/28222","targetHints":{"allow":["GET"]}}],"collection":[{"href":"https:\/\/www.invarena.cz\/index.php?rest_route=\/wp\/v2\/posts"}],"about":[{"href":"https:\/\/www.invarena.cz\/index.php?rest_route=\/wp\/v2\/types\/post"}],"author":[{"embeddable":true,"href":"https:\/\/www.invarena.cz\/index.php?rest_route=\/wp\/v2\/users\/1"}],"replies":[{"embeddable":true,"href":"https:\/\/www.invarena.cz\/index.php?rest_route=%2Fwp%2Fv2%2Fcomments&post=28222"}],"version-history":[{"count":0,"href":"https:\/\/www.invarena.cz\/index.php?rest_route=\/wp\/v2\/posts\/28222\/revisions"}],"wp:attachment":[{"href":"https:\/\/www.invarena.cz\/index.php?rest_route=%2Fwp%2Fv2%2Fmedia&parent=28222"}],"wp:term":[{"taxonomy":"category","embeddable":true,"href":"https:\/\/www.invarena.cz\/index.php?rest_route=%2Fwp%2Fv2%2Fcategories&post=28222"},{"taxonomy":"post_tag","embeddable":true,"href":"https:\/\/www.invarena.cz\/index.php?rest_route=%2Fwp%2Fv2%2Ftags&post=28222"}],"curies":[{"name":"wp","href":"https:\/\/api.w.org\/{rel}","templated":true}]}}