{"id":28224,"date":"2017-05-16T11:04:23","date_gmt":"2017-05-16T09:04:23","guid":{"rendered":"http:\/\/www.invarena.cz\/?p=28224"},"modified":"2017-05-16T11:04:23","modified_gmt":"2017-05-16T09:04:23","slug":"vladou-prosel-vecny-zamer-zakona-o-socialnim-podnikani","status":"publish","type":"post","link":"https:\/\/www.invarena.cz\/?p=28224","title":{"rendered":"Vl\u00e1dou pro\u0161el v\u011bcn\u00fd z\u00e1m\u011br z\u00e1kona o soci\u00e1ln\u00edm podnik\u00e1n\u00ed"},"content":{"rendered":"<p><strong>Vl\u00e1da dnes schv\u00e1lila v\u011bcn\u00fd z\u00e1m\u011br z\u00e1kona o\u00a0soci\u00e1ln\u00edm podnik\u00e1n\u00ed, kter\u00fd m\u00e1 v\u00a0budoucnu stanovit jasn\u00e1 pravidla pro soci\u00e1ln\u00ed firmy i\u00a0jejich podporu a v\u00fdhody. Schv\u00e1len\u00ed ozn\u00e1mil premi\u00e9r Bohuslav Sobotka (\u010cSSD) na twitteru. Norma m\u011bla p\u016fvodn\u011b platit od leto\u0161ka, do voleb se ale u\u017e p\u0159ipravit a p\u0159ijmout nestihne.<\/strong><!--more--><\/p>\n<p>Cel\u00fd \u010dl\u00e1nek <a href=\"http:\/\/www.denik.cz\/ekonomika\/vlada-prosel-vecnyzamer-zakona-o-socialnim-podnikani-20170515.html\">ZDE<\/a><\/p>\n","protected":false},"excerpt":{"rendered":"<div class=\"mh-excerpt\"><p>Vl\u00e1da dnes schv\u00e1lila v\u011bcn\u00fd z\u00e1m\u011br z\u00e1kona o\u00a0soci\u00e1ln\u00edm podnik\u00e1n\u00ed, kter\u00fd m\u00e1 v\u00a0budoucnu stanovit jasn\u00e1 pravidla pro soci\u00e1ln\u00ed firmy i\u00a0jejich podporu a v\u00fdhody. Schv\u00e1len\u00ed ozn\u00e1mil premi\u00e9r Bohuslav <a class=\"mh-excerpt-more\" href=\"https:\/\/www.invarena.cz\/?p=28224\" title=\"Vl\u00e1dou pro\u0161el v\u011bcn\u00fd z\u00e1m\u011br z\u00e1kona o soci\u00e1ln\u00edm podnik\u00e1n\u00ed\">[&#8230;]<\/a><\/p>\n<\/div>","protected":false},"author":1,"featured_media":2017,"comment_status":"open","ping_status":"closed","sticky":false,"template":"","format":"standard","meta":{"footnotes":""},"categories":[9],"tags":[],"class_list":["post-28224","post","type-post","status-publish","format-standard","has-post-thumbnail","hentry","category-zpravy"],"_links":{"self":[{"href":"https:\/\/www.invarena.cz\/index.php?rest_route=\/wp\/v2\/posts\/28224","targetHints":{"allow":["GET"]}}],"collection":[{"href":"https:\/\/www.invarena.cz\/index.php?rest_route=\/wp\/v2\/posts"}],"about":[{"href":"https:\/\/www.invarena.cz\/index.php?rest_route=\/wp\/v2\/types\/post"}],"author":[{"embeddable":true,"href":"https:\/\/www.invarena.cz\/index.php?rest_route=\/wp\/v2\/users\/1"}],"replies":[{"embeddable":true,"href":"https:\/\/www.invarena.cz\/index.php?rest_route=%2Fwp%2Fv2%2Fcomments&post=28224"}],"version-history":[{"count":0,"href":"https:\/\/www.invarena.cz\/index.php?rest_route=\/wp\/v2\/posts\/28224\/revisions"}],"wp:featuredmedia":[{"embeddable":true,"href":"https:\/\/www.invarena.cz\/index.php?rest_route=\/wp\/v2\/media\/2017"}],"wp:attachment":[{"href":"https:\/\/www.invarena.cz\/index.php?rest_route=%2Fwp%2Fv2%2Fmedia&parent=28224"}],"wp:term":[{"taxonomy":"category","embeddable":true,"href":"https:\/\/www.invarena.cz\/index.php?rest_route=%2Fwp%2Fv2%2Fcategories&post=28224"},{"taxonomy":"post_tag","embeddable":true,"href":"https:\/\/www.invarena.cz\/index.php?rest_route=%2Fwp%2Fv2%2Ftags&post=28224"}],"curies":[{"name":"wp","href":"https:\/\/api.w.org\/{rel}","templated":true}]}}