{"id":28231,"date":"2017-05-17T12:46:11","date_gmt":"2017-05-17T10:46:11","guid":{"rendered":"http:\/\/www.invarena.cz\/?p=28231"},"modified":"2017-05-17T12:57:37","modified_gmt":"2017-05-17T10:57:37","slug":"jsem-odkazana-na-invalidni-vozik-a-nemohu-se-dostavit-na-up-jak-si-mohu-prodlouzit-prukaz","status":"publish","type":"post","link":"https:\/\/www.invarena.cz\/?p=28231","title":{"rendered":"Jsem odk\u00e1zan\u00e1 na invalidn\u00ed voz\u00edk a nemohu se dostavit na \u00daP. Jak si mohu prodlou\u017eit pr\u016fkaz?"},"content":{"rendered":"<p><strong>Dotaz:<\/strong><br \/>\n<strong> Koncem r. 2017 mi bude kon\u010dit platnost pr\u016fkazu ZTP\/P. Jsem paraplegik odk\u00e1zan\u00e1 na invalidn\u00ed voz\u00edk, sp\u00ed\u0161e v\u0161ak le\u017e\u00edc\u00ed doma. Jak\u00fdm zp\u016fsobem mi m\u016f\u017ee b\u00fdt platnost pr\u016fkazu ZTP\/P prodlou\u017eena &#8211; mus\u00edm se osobn\u011b dostavit na \u00da\u0159ad pr\u00e1ce?<\/strong><br \/>\n<!--more--><br \/>\nOdpov\u011b\u010f:<\/p>\n<p>Pro pod\u00e1n\u00ed \u017e\u00e1dosti o prodlou\u017een\u00ed platnosti pr\u016fkazu ZTP\/P nen\u00ed nutn\u00e9, abyste se dostavila na svou pobo\u010dku \u00da\u0159adu pr\u00e1ce.<\/p>\n<p>Sta\u010d\u00ed, aby V\u00e1m n\u011bkdo zanesl \u0159\u00e1dn\u011b vypln\u011bn\u00fd formul\u00e1\u0159 na podatelnu. V p\u0159\u00edpad\u011b, \u017ee je pot\u0159eba, aby tato osoba vy\u0159e\u0161ila n\u011bjak\u00e9 skute\u010dnosti s pracovn\u00edkem \u00daP za p\u0159ep\u00e1\u017ekou, je dobr\u00e9, kdy\u017e s sebou bude m\u00edt sv\u016fj a V\u00e1\u0161 platn\u00fd ob\u010dansk\u00fd pr\u016fkaz a V\u00e1mi podepsanou plnou moc, kter\u00e1 nemus\u00ed b\u00fdt \u00fa\u0159edn\u011b ov\u011b\u0159ena.<\/p>\n<p>Formul\u00e1\u0159 je k vyzvednut\u00ed na \u00daP a nebo v elektronick\u00e9 podob\u011b zde:<\/p>\n<p><a href=\"https:\/\/formulare.mpsv.cz\/oksluzby\/cs\/form\/edit.jsp?FN=OZPPO150101573&amp;CMD=EditForm&amp;SSID=4dVLlYQjBFG9GMTuPcZ3RVgqP4Z8.TyN\">https:\/\/formulare.mpsv.cz\/oksluzby\/cs\/form\/edit.jsp?FN=OZPPO150101573&amp;CMD=EditForm&amp;SSID=4dVLlYQjBFG9GMTuPcZ3RVgqP4Z8.TyN<\/a><\/p>\n<p>Hor\u0161\u00ed situace je, kdy\u017e V\u00e1m bude pr\u016fkaz ZTP\/P p\u0159izn\u00e1n a bude nutn\u00e9 jej vyzvednout.<\/p>\n<p>V takov\u00e9m p\u0159\u00edpad\u011b u\u017e bude V\u00e1mi pov\u011b\u0159en\u00e1 osoba pot\u0159ebovat:<\/p>\n<p>&#8211; Platn\u00e9 ob\u010dansk\u00e9 pr\u016fkazy<br \/>\n&#8211; Podepsanou a \u00fa\u0159edn\u011b ov\u011b\u0159enou plnou moc<br \/>\n&#8211; Potvrzen\u00ed od praktick\u00e9ho l\u00e9ka\u0159e, \u017ee se nejste schopna dostavit na \u00daP<br \/>\n&#8211; Aktu\u00e1ln\u00ed fotografii pasov\u00e9ho form\u00e1tu<\/p>\n<p>Lze doporu\u010dit telefonickou domluvu s pracovn\u00edkem \u00daP, kter\u00fd m\u00e1 V\u00e1\u0161 pr\u016fkaz ZTP\/P v kompetenci.<\/p>\n<p>Nov\u00fd pr\u016fkaz bude vyroben\u00fd v pr\u016fb\u011bhu n\u011bkolika t\u00fddn\u016f.<\/p>\n<p>Informace o tom, jak si ve Va\u0161em p\u0159\u00edpad\u011b m\u016f\u017eete za\u0159\u00eddit \u00fa\u0159edn\u011b ov\u011b\u0159enou plnou moc naleznete v podobn\u00e9m dotazu zde: <a href=\"https:\/\/www.invarena.cz\/?p=22988\">https:\/\/www.invarena.cz\/?p=22988<\/a><\/p>\n<p>ji\u0159\u00ed Marek<br \/>\ninvArena<\/p>\n","protected":false},"excerpt":{"rendered":"<div class=\"mh-excerpt\"><p>Dotaz: Koncem r. 2017 mi bude kon\u010dit platnost pr\u016fkazu ZTP\/P. Jsem paraplegik odk\u00e1zan\u00e1 na invalidn\u00ed voz\u00edk, sp\u00ed\u0161e v\u0161ak le\u017e\u00edc\u00ed doma. Jak\u00fdm zp\u016fsobem mi m\u016f\u017ee b\u00fdt <a class=\"mh-excerpt-more\" href=\"https:\/\/www.invarena.cz\/?p=28231\" title=\"Jsem odk\u00e1zan\u00e1 na invalidn\u00ed voz\u00edk a nemohu se dostavit na \u00daP. Jak si mohu prodlou\u017eit pr\u016fkaz?\">[&#8230;]<\/a><\/p>\n<\/div>","protected":false},"author":3,"featured_media":5390,"comment_status":"open","ping_status":"closed","sticky":false,"template":"","format":"standard","meta":{"footnotes":""},"categories":[18],"tags":[],"class_list":["post-28231","post","type-post","status-publish","format-standard","has-post-thumbnail","hentry","category-poradna"],"_links":{"self":[{"href":"https:\/\/www.invarena.cz\/index.php?rest_route=\/wp\/v2\/posts\/28231","targetHints":{"allow":["GET"]}}],"collection":[{"href":"https:\/\/www.invarena.cz\/index.php?rest_route=\/wp\/v2\/posts"}],"about":[{"href":"https:\/\/www.invarena.cz\/index.php?rest_route=\/wp\/v2\/types\/post"}],"author":[{"embeddable":true,"href":"https:\/\/www.invarena.cz\/index.php?rest_route=\/wp\/v2\/users\/3"}],"replies":[{"embeddable":true,"href":"https:\/\/www.invarena.cz\/index.php?rest_route=%2Fwp%2Fv2%2Fcomments&post=28231"}],"version-history":[{"count":0,"href":"https:\/\/www.invarena.cz\/index.php?rest_route=\/wp\/v2\/posts\/28231\/revisions"}],"wp:featuredmedia":[{"embeddable":true,"href":"https:\/\/www.invarena.cz\/index.php?rest_route=\/wp\/v2\/media\/5390"}],"wp:attachment":[{"href":"https:\/\/www.invarena.cz\/index.php?rest_route=%2Fwp%2Fv2%2Fmedia&parent=28231"}],"wp:term":[{"taxonomy":"category","embeddable":true,"href":"https:\/\/www.invarena.cz\/index.php?rest_route=%2Fwp%2Fv2%2Fcategories&post=28231"},{"taxonomy":"post_tag","embeddable":true,"href":"https:\/\/www.invarena.cz\/index.php?rest_route=%2Fwp%2Fv2%2Ftags&post=28231"}],"curies":[{"name":"wp","href":"https:\/\/api.w.org\/{rel}","templated":true}]}}