{"id":28241,"date":"2017-05-18T13:48:09","date_gmt":"2017-05-18T11:48:09","guid":{"rendered":"http:\/\/www.invarena.cz\/?p=28241"},"modified":"2017-05-18T13:48:09","modified_gmt":"2017-05-18T11:48:09","slug":"snemovna-schvalila-vyssi-nemocenskou-pro-dlouhodobe-nemocne-zamestnance","status":"publish","type":"post","link":"https:\/\/www.invarena.cz\/?p=28241","title":{"rendered":"Sn\u011bmovna schv\u00e1lila vy\u0161\u0161\u00ed nemocenskou pro dlouhodob\u011b nemocn\u00e9 zam\u011bstnance"},"content":{"rendered":"<p><strong>Zam\u011bstnanci, kte\u0159\u00ed jsou dlouhodob\u011b v pracovn\u00ed neschopnosti, budou m\u00edt n\u00e1rok na vy\u0161\u0161\u00ed nemocenskou. Poslaneck\u00e1 sn\u011bmovna schv\u00e1lila novelu, podle kter\u00e9 budou po 31. dni pracovn\u00ed neschopnosti nemocn\u00ed dost\u00e1vat 66 procent redukovan\u00e9ho denn\u00edho vym\u011b\u0159ovac\u00edho z\u00e1kladu. Od 61. dne nemoci se d\u00e1vka zv\u00fd\u0161\u00ed na 72 procent.<\/strong><br \/>\n<!--more--><br \/>\nNovelu mus\u00ed je\u0161t\u011b projednat a schv\u00e1lit Sen\u00e1t a podepsat prezident, platit by mohla od p\u0159\u00ed\u0161t\u00edho roku.<\/p>\n<p>\u201eJsem r\u00e1da, \u017ee poslankyn\u011b a poslanci novelu schv\u00e1lili. Dlouhodob\u011b nemocn\u00ed zam\u011bstnanci si pomoc ur\u010dit\u011b zaslou\u017e\u00ed. Jsou to pracuj\u00edc\u00ed lid\u00e9, kte\u0159\u00ed si poctiv\u011b platili nemocensk\u00e9 poji\u0161t\u011bn\u00ed,\u201c uvedla ministryn\u011b pr\u00e1ce Michaela Marksov\u00e1.<\/p>\n<p>V sou\u010dasn\u00e9 dob\u011b zam\u011bstnanec v prvn\u00edch t\u0159ech dnech nemoci nedost\u00e1v\u00e1 nic, od 4. do 14. dne mu plat\u00ed n\u00e1hradu mzdy zam\u011bstnavatel. Od 15. dne dost\u00e1v\u00e1 nemocenskou ve v\u00fd\u0161i 60 procent redukovan\u00e9ho denn\u00edho vym\u011b\u0159ovac\u00edho z\u00e1kladu, a to bez ohledu na d\u00e9lku trv\u00e1n\u00ed do\u010dasn\u00e9 pracovn\u00ed neschopnosti. Nen\u00ed tedy rozd\u00edl, jestli je pacient nemocn\u00fd patn\u00e1ct dn\u00ed nebo trp\u00ed z\u00e1va\u017en\u011bj\u0161\u00edm onemocn\u011bn\u00edm, kde si l\u00e9\u010den\u00ed vy\u017e\u00e1d\u00e1 \u010dasto i n\u011bkolik m\u011bs\u00edc\u016f.<\/p>\n<p>V\u00fd\u0161e n\u00e1hrady p\u0159\u00edjmu u nemocensk\u00e9ho se m\u011bnila v posledn\u00edch 20 letech pom\u011brn\u011b \u010dasto. V obdob\u00ed od roku 1993 do roku 2007 byla sice od 4. dne pracovn\u00ed neschopnosti st\u00e1le platn\u00e1 jednotn\u00e1 sazba 69 procent, byl v\u0161ak zejm\u00e9na v po\u010d\u00e1tku v\u00fdrazn\u011b omezen p\u0159\u00edjem, ze kter\u00e9ho se v\u00fdpo\u010det nemocensk\u00e9ho odvozoval. Postupn\u011b se zvy\u0161oval jak absolutn\u011b, tak zaveden\u00edm druh\u00e9 a pozd\u011bji i t\u0159et\u00ed reduk\u010dn\u00ed hranice. V letech 2008 a\u017e 2010 pak do\u0161lo k n\u011bkolika rychl\u00fdm zm\u011bn\u00e1m. Od roku 2010 poklesla sazba z d\u016fvodu \u0161krt\u016f tehdej\u0161\u00ed Ne\u010dasovy vl\u00e1dy na sou\u010dasn\u00fdch 60 procent.<\/p>\n<p>Ze st\u00e1tn\u00edho rozpo\u010dtu by na tuto variantu pomoci dlouhodob\u011b nemocn\u00fdm m\u011blo j\u00edt 2,4 miliardy korun ro\u010dn\u011b.<\/p>\n<p>Petr Hab\u00e1\u0148<br \/>\ntiskov\u00fd mluv\u010d\u00ed MPSV<\/p>\n","protected":false},"excerpt":{"rendered":"<div class=\"mh-excerpt\"><p>Zam\u011bstnanci, kte\u0159\u00ed jsou dlouhodob\u011b v pracovn\u00ed neschopnosti, budou m\u00edt n\u00e1rok na vy\u0161\u0161\u00ed nemocenskou. Poslaneck\u00e1 sn\u011bmovna schv\u00e1lila novelu, podle kter\u00e9 budou po 31. dni pracovn\u00ed neschopnosti <a class=\"mh-excerpt-more\" href=\"https:\/\/www.invarena.cz\/?p=28241\" title=\"Sn\u011bmovna schv\u00e1lila vy\u0161\u0161\u00ed nemocenskou pro dlouhodob\u011b nemocn\u00e9 zam\u011bstnance\">[&#8230;]<\/a><\/p>\n<\/div>","protected":false},"author":1,"featured_media":18247,"comment_status":"open","ping_status":"closed","sticky":false,"template":"","format":"standard","meta":{"footnotes":""},"categories":[9],"tags":[],"class_list":["post-28241","post","type-post","status-publish","format-standard","has-post-thumbnail","hentry","category-zpravy"],"_links":{"self":[{"href":"https:\/\/www.invarena.cz\/index.php?rest_route=\/wp\/v2\/posts\/28241","targetHints":{"allow":["GET"]}}],"collection":[{"href":"https:\/\/www.invarena.cz\/index.php?rest_route=\/wp\/v2\/posts"}],"about":[{"href":"https:\/\/www.invarena.cz\/index.php?rest_route=\/wp\/v2\/types\/post"}],"author":[{"embeddable":true,"href":"https:\/\/www.invarena.cz\/index.php?rest_route=\/wp\/v2\/users\/1"}],"replies":[{"embeddable":true,"href":"https:\/\/www.invarena.cz\/index.php?rest_route=%2Fwp%2Fv2%2Fcomments&post=28241"}],"version-history":[{"count":0,"href":"https:\/\/www.invarena.cz\/index.php?rest_route=\/wp\/v2\/posts\/28241\/revisions"}],"wp:featuredmedia":[{"embeddable":true,"href":"https:\/\/www.invarena.cz\/index.php?rest_route=\/wp\/v2\/media\/18247"}],"wp:attachment":[{"href":"https:\/\/www.invarena.cz\/index.php?rest_route=%2Fwp%2Fv2%2Fmedia&parent=28241"}],"wp:term":[{"taxonomy":"category","embeddable":true,"href":"https:\/\/www.invarena.cz\/index.php?rest_route=%2Fwp%2Fv2%2Fcategories&post=28241"},{"taxonomy":"post_tag","embeddable":true,"href":"https:\/\/www.invarena.cz\/index.php?rest_route=%2Fwp%2Fv2%2Ftags&post=28241"}],"curies":[{"name":"wp","href":"https:\/\/api.w.org\/{rel}","templated":true}]}}