{"id":28248,"date":"2017-05-18T13:18:46","date_gmt":"2017-05-18T11:18:46","guid":{"rendered":"http:\/\/www.invarena.cz\/?p=28248"},"modified":"2017-05-18T13:18:46","modified_gmt":"2017-05-18T11:18:46","slug":"odmeny-za-medaile-jsou-nizke-rika-koblasa","status":"publish","type":"post","link":"https:\/\/www.invarena.cz\/?p=28248","title":{"rendered":"Odm\u011bny za medaile jsou n\u00edzk\u00e9, \u0159\u00edk\u00e1 Koblasa"},"content":{"rendered":"<p><strong>Zat\u00edmco \u010de\u0161t\u00ed olympij\u0161t\u00ed v\u00edt\u011bzov\u00e9 obdr\u017e\u00ed za zlatou medaili necel\u00e9 dva miliony korun, hendikepovan\u00ed za prvn\u00ed m\u00edsto z paralympi\u00e1dy dostanou t\u00e9m\u011b\u0159 desetkr\u00e1t m\u00e9n\u011b. P\u0159itom v sousedn\u00edm Slovensku se odm\u011b\u0148ov\u00e1n\u00ed zdrav\u00fdch a hendikepovan\u00fdch nijak neli\u0161\u00ed.<\/strong> <!--more--><\/p>\n<p>O t\u00e9to situaci v \u010desk\u00e9m sportu a p\u00e9\u010di o syna hovo\u0159\u00ed ve t\u0159et\u00edm d\u00edlu Den\u00edku Rovnost Hendikepovan\u00ed, p\u0159esto \u00fasp\u011b\u0161n\u00ed Ivo Koblasa star\u0161\u00ed, otec cyklisty, kter\u00fd se z\u00fa\u010dastnil dvou paralympijsk\u00fdch her. Jeho syn sice na \u017e\u00e1dn\u00e9 z nich nakonec medaili nevybojoval, nicm\u00e9n\u011b kdyby na paralympijsk\u00fdch hr\u00e1ch zv\u00edt\u011bzil, obdr\u017eel by pouh\u00fdch dv\u011b st\u011b tis\u00edc korun.<\/p>\n<p>&#8222;Takov\u00e9 ohodnocen\u00ed je neadekv\u00e1tn\u00ed. Olympionik i paralympionik mus\u00ed tr\u00e9novat zhruba stejn\u011b, aby dok\u00e1zal udr\u017eet krok s ostatn\u00edmi. Na Slovensku dost\u00e1vaj\u00ed odm\u011bny podle v\u00fdkonnosti a je to daleko spravedliv\u011bj\u0161\u00ed,&#8220; podot\u00fdk\u00e1 Koblasa star\u0161\u00ed.<\/p>\n<p>Talentovan\u00e9ho cyklistu, kter\u00fd prod\u011blal v d\u011btstv\u00ed mozkovou obrnu, mus\u00ed doprov\u00e1zet na ve\u0161ker\u00e9 akce a z\u00e1rove\u0148 mu d\u011bl\u00e1 mana\u017eera. &#8222;Pom\u00e1h\u00e1m mu prakticky se v\u0161\u00edm. Chyst\u00e1m kolo, pitn\u00fd re\u017eim, dopl\u0148ky stravy a v\u0161e ostatn\u00ed, co k z\u00e1vodu pat\u0159\u00ed.<\/p>\n<p>Cel\u00e9mu t\u00fdmu nav\u00edc d\u011bl\u00e1m mas\u00e9ra. Iva (jeho syn se jmenuje takt\u00e9\u017e Ivo Koblasa \u2013 pozn. red.) se sna\u017e\u00edm podporovat tak\u00e9 psychicky. Kdy\u017e se mu nap\u0159\u00edklad nepovede n\u011bjak\u00fd z\u00e1vod, je pot\u0159eba jej namotivovat,&#8220; l\u00ed\u010d\u00ed. Pr\u00e1v\u011b kv\u016fli nutnosti syna doprov\u00e1zet na ka\u017edou akci by uv\u00edtal, kdyby do sportu hendikepovan\u00fdch za\u010dalo proudit v\u00edc pen\u011bz. &#8222;Na mistrovstv\u00ed sv\u011bta \u010di sv\u011btov\u00fd poh\u00e1r, kter\u00e9 jsou ofici\u00e1ln\u011b schv\u00e1len\u00e9 v kalend\u00e1\u0159i, m\u00e1me v\u00fdjezd uhrazen\u00fd. Kdy\u017e v\u0161ak cestujeme na evropsk\u00e9 nebo \u010desk\u00e9 poh\u00e1ry, tak si v\u0161e plat\u00edme sami,&#8220; upozor\u0148uje.<\/p>\n<p>Ne ka\u017ed\u00fd v\u00fdjezd se nav\u00edc povedl dle p\u0159edstav. V roce 2012 na letn\u00edch paralympijsk\u00fdch hr\u00e1ch v Lond\u00fdn\u011b str\u00e1vil n\u011bkolik dn\u00ed mimo olympijskou vesnici, jeliko\u017e jej potkaly trable s akreditac\u00ed. &#8222;To ale nebyl nejv\u011bt\u0161\u00ed probl\u00e9m. Tenkr\u00e1t jsme pat\u0159ili pod asociaci, kter\u00e1 se sna\u017eila synovi i ostatn\u00edm sportovc\u016fm zkomplikovat jejich byt\u00ed v paralympijsk\u00e9m sv\u011bt\u011b. Ivo pak i zkolaboval p\u0159i z\u00e1vod\u011b. Nakonec jsme p\u0159e\u0161li jinam, kde se o n\u00e1s dob\u0159e staraj\u00ed,&#8220; \u0159\u00edk\u00e1 Koblasa.<\/p>\n<p>PATRIK EL-TALAB\u00c1NI<br \/>\nBrn\u011bnsk\u00fd den\u00edk<br \/>\n<a href=\"http:\/\/brnensky.denik.cz\/\">http:\/\/brnensky.denik.cz\/<\/a><\/p>\n","protected":false},"excerpt":{"rendered":"<div class=\"mh-excerpt\"><p>Zat\u00edmco \u010de\u0161t\u00ed olympij\u0161t\u00ed v\u00edt\u011bzov\u00e9 obdr\u017e\u00ed za zlatou medaili necel\u00e9 dva miliony korun, hendikepovan\u00ed za prvn\u00ed m\u00edsto z paralympi\u00e1dy dostanou t\u00e9m\u011b\u0159 desetkr\u00e1t m\u00e9n\u011b. P\u0159itom v sousedn\u00edm <a class=\"mh-excerpt-more\" href=\"https:\/\/www.invarena.cz\/?p=28248\" title=\"Odm\u011bny za medaile jsou n\u00edzk\u00e9, \u0159\u00edk\u00e1 Koblasa\">[&#8230;]<\/a><\/p>\n<\/div>","protected":false},"author":1,"featured_media":20629,"comment_status":"open","ping_status":"closed","sticky":false,"template":"","format":"standard","meta":{"footnotes":""},"categories":[9],"tags":[],"class_list":["post-28248","post","type-post","status-publish","format-standard","has-post-thumbnail","hentry","category-zpravy"],"_links":{"self":[{"href":"https:\/\/www.invarena.cz\/index.php?rest_route=\/wp\/v2\/posts\/28248","targetHints":{"allow":["GET"]}}],"collection":[{"href":"https:\/\/www.invarena.cz\/index.php?rest_route=\/wp\/v2\/posts"}],"about":[{"href":"https:\/\/www.invarena.cz\/index.php?rest_route=\/wp\/v2\/types\/post"}],"author":[{"embeddable":true,"href":"https:\/\/www.invarena.cz\/index.php?rest_route=\/wp\/v2\/users\/1"}],"replies":[{"embeddable":true,"href":"https:\/\/www.invarena.cz\/index.php?rest_route=%2Fwp%2Fv2%2Fcomments&post=28248"}],"version-history":[{"count":0,"href":"https:\/\/www.invarena.cz\/index.php?rest_route=\/wp\/v2\/posts\/28248\/revisions"}],"wp:featuredmedia":[{"embeddable":true,"href":"https:\/\/www.invarena.cz\/index.php?rest_route=\/wp\/v2\/media\/20629"}],"wp:attachment":[{"href":"https:\/\/www.invarena.cz\/index.php?rest_route=%2Fwp%2Fv2%2Fmedia&parent=28248"}],"wp:term":[{"taxonomy":"category","embeddable":true,"href":"https:\/\/www.invarena.cz\/index.php?rest_route=%2Fwp%2Fv2%2Fcategories&post=28248"},{"taxonomy":"post_tag","embeddable":true,"href":"https:\/\/www.invarena.cz\/index.php?rest_route=%2Fwp%2Fv2%2Ftags&post=28248"}],"curies":[{"name":"wp","href":"https:\/\/api.w.org\/{rel}","templated":true}]}}