{"id":28249,"date":"2017-05-18T13:27:13","date_gmt":"2017-05-18T11:27:13","guid":{"rendered":"http:\/\/www.invarena.cz\/?p=28249"},"modified":"2017-05-18T13:27:13","modified_gmt":"2017-05-18T11:27:13","slug":"tezce-postizenym-zijicim-doma-prispevek-na-peci-mozna-nevzroste","status":"publish","type":"post","link":"https:\/\/www.invarena.cz\/?p=28249","title":{"rendered":"T\u011b\u017ece posti\u017een\u00fdm \u017eij\u00edc\u00edm doma p\u0159\u00edsp\u011bvek na p\u00e9\u010di mo\u017en\u00e1 nevzroste"},"content":{"rendered":"<p><strong>Posti\u017een\u00ed lid\u00e9, kte\u0159\u00ed pob\u00edraj\u00ed nejvy\u0161\u0161\u00ed p\u0159\u00edsp\u011bvek na p\u00e9\u010di, se jeho nav\u00fd\u0161en\u00ed mo\u017en\u00e1 nedo\u010dkaj\u00ed. Sn\u011bmovna sice podpo\u0159ila v dne\u0161n\u00edm \u00favodn\u00edm kole vl\u00e1dn\u00ed novelu z\u00e1kona o soci\u00e1ln\u00edch slu\u017eb\u00e1ch, av\u0161ak nezkr\u00e1tila, ale naopak prodlou\u017eila lh\u016ftu pro jej\u00ed projedn\u00e1n\u00ed ve v\u00fdborech. Pom\u011brn\u011b rozs\u00e1hl\u00e1 p\u0159edloha, je\u017e obsahuje i \u0159adu dal\u0161\u00edch zm\u011bn, tak patrn\u011b nebude schv\u00e1lena do konce volebn\u00edho obdob\u00ed, podot\u00fdk\u00e1 \u010cTK.<\/strong><!--more--><\/p>\n<p>Zkr\u00e1cen\u00ed lh\u016fty pro v\u00fdbory na polovinu, tedy m\u011bs\u00edc, neprosadil p\u0159edseda poslanc\u016f \u010cSSD Roman Sklen\u00e1k. Sn\u011bmovna naopak p\u0159ijala n\u00e1vrh na jej\u00ed prodlou\u017een\u00ed o 20 dn\u016f. Sklen\u00e1k je\u0161t\u011b p\u0159ed hlasov\u00e1n\u00edm uvedl, \u017ee pokud v\u00fdbory nebudou m\u00edt na debatu krat\u0161\u00ed dobu, znamen\u00e1 to konec legislativn\u00edho procesu.<\/p>\n<p>&#8222;Nezkr\u00e1cen\u00ed lh\u016fty fakticky znamen\u00e1 shozen\u00ed z\u00e1kona pod st\u016fl,&#8220; \u0159ekl. Mnoz\u00ed poslanci poukazovali vzhledem k bl\u00ed\u017e\u00edc\u00edm se volb\u00e1m na to, \u017ee norma byla p\u0159edlo\u017eena pozd\u011b. &#8222;Pt\u00e1m se, pro\u010d je novela p\u0159edkl\u00e1d\u00e1na 4,5 m\u011bs\u00edce p\u0159ed koncem volebn\u00edho obdob\u00ed s \u0159adou nevypo\u0159\u00e1dan\u00fdch p\u0159ipom\u00ednek,&#8220; uvedl V\u00edt Ka\u0148kovsk\u00fd (KDU-\u010cSL). Nevypo\u0159\u00e1dan\u00e9 p\u0159ipom\u00ednky vypo\u010d\u00edt\u00e1vala Radka Maxov\u00e1 (ANO), vznesla je ministerstva, kraje a t\u0159eba i ombudsmanka.<\/p>\n<p>Podle Heleny V\u00e1lkov\u00e9 (ANO) se novela bl\u00ed\u017e\u00ed legislativn\u00edmu zmetku. Jej\u00ed vr\u00e1cen\u00ed vl\u00e1d\u011b k p\u0159epracov\u00e1n\u00ed ale o t\u0159i hlasy neprosadila. Ministryn\u011b pr\u00e1ce a soci\u00e1ln\u00edch v\u011bc\u00ed Michaela Marksov\u00e1 (\u010cSSD) se proti v\u00fdtk\u00e1m ohradila, sporn\u00e9 pas\u00e1\u017ee by bylo mo\u017en\u00e9 vypustit. &#8222;Vyj\u00e1d\u0159ete se hlasov\u00e1n\u00edm, vyj\u00e1d\u0159ete se pozm\u011b\u0148ovac\u00edmi n\u00e1vrhy,&#8220; \u0159ekla.<\/p>\n<p>Komunisti\u010dt\u00ed poslanci sice ozna\u010dili my\u0161lenky p\u0159edlohy za dobr\u00e9, soud\u00ed ale, \u017ee vzhledem k jej\u00edmu pozdn\u00edmu p\u0159edlo\u017een\u00ed u idej\u00ed tak\u00e9 z\u016fstane. Z\u00e1sadn\u00ed probl\u00e9my v\u0161ak norma podle Miroslava Op\u00e1lky ne\u0159e\u0161\u00ed. &#8222;Privatizace velk\u00e9 \u010d\u00e1sti soci\u00e1ln\u00edch slu\u017eeb a jejich poskytov\u00e1n\u00ed na komer\u010dn\u00ed b\u00e1zi byla chyba,&#8220; poznamenala jeho stranick\u00e1 kolegyn\u011b Alena Nohavov\u00e1.<\/p>\n<p>Vl\u00e1dn\u00ed novela p\u0159edpokl\u00e1d\u00e1, \u017ee m\u011bs\u00ed\u010dn\u00ed p\u0159\u00edsp\u011bvek na p\u00e9\u010di by vzrostl o 6 000 korun na 19 200 korun. P\u0159edloha zahrnuje tak\u00e9 nap\u0159\u00edklad mo\u017enost pomoci bezplatn\u00e9 pe\u010dovatelky v rodin\u00e1ch, kter\u00fdm se narod\u00ed troj\u010data nebo v\u00edcer\u010data. Vymezila by i paliativn\u00ed p\u00e9\u010di. Zv\u00fd\u0161en\u00ed p\u0159\u00edsp\u011bvku na p\u00e9\u010di by m\u011blo podle Marksov\u00e9 zv\u00fdraznit podporu p\u00e9\u010de o posti\u017een\u00e9 lidi v rodinn\u00e9m prost\u0159ed\u00ed p\u0159ed \u00fastavy. T\u00fdkalo by se asi 25 000 lid\u00ed. Podle propo\u010dt\u016f ministerstva by p\u0159i\u0161lo ro\u010dn\u011b zhruba na 1,8 miliardy korun. P\u0159edloha by d\u00e1le m\u011bla zkr\u00e1tit d\u00e9lku \u0159\u00edzen\u00ed o p\u0159\u00edsp\u011bvc\u00edch a naopak prodlou\u017eit dobu, kdy z\u016fst\u00e1v\u00e1 zachov\u00e1n n\u00e1rok na d\u00e1vku i po dobu hospitalizace. M\u011bn\u00ed i strukturu soci\u00e1ln\u00edch slu\u017eeb. Do z\u00e1kona by t\u0159eba m\u011bly spadat klok\u00e1nky a podobn\u00e9 domovy pro d\u011bti v nouzi, kter\u00e9 jsou nyn\u00ed pod z\u00e1konem o ochran\u011b d\u011bt\u00ed. Fungovat by m\u011bly jako domovy na p\u0159echodnou dobu.<\/p>\n<p>S p\u0159eveden\u00edm domov\u016f mezi z\u00e1kony nesouhlasila poslankyn\u011b TOP 09 Jitka Chal\u00e1nkov\u00e1 ani zpravodajka Jana Hnykov\u00e1 (\u00dasvit). Chal\u00e1nkov\u00e1 kritizovala rovn\u011b\u017e to, \u017ee novela po\u010dty druh\u016f slu\u017eeb nesni\u017euje, ale naopak zvy\u0161uje.<\/p>\n<p>Novela by upravila i p\u0159estupky a sankce. Nap\u0159\u00edklad za neposkytov\u00e1n\u00ed soci\u00e1ln\u00ed slu\u017eby v souladu s rozhodnut\u00edm by hrozila sankce a\u017e 50 000 korun m\u00edsto nyn\u011bj\u0161\u00edch 20 000 korun. P\u0159edlohu m\u011bl podle p\u016fvodn\u00edch p\u0159edpoklad\u016f projednat jen soci\u00e1ln\u00ed v\u00fdbor. Poslanci ji ale poslali i do zdravotnick\u00e9ho a \u00fastavn\u011bpr\u00e1vn\u00edho v\u00fdboru.<\/p>\n<p>Parlamentn\u00ed Listy<\/p>\n","protected":false},"excerpt":{"rendered":"<div class=\"mh-excerpt\"><p>Posti\u017een\u00ed lid\u00e9, kte\u0159\u00ed pob\u00edraj\u00ed nejvy\u0161\u0161\u00ed p\u0159\u00edsp\u011bvek na p\u00e9\u010di, se jeho nav\u00fd\u0161en\u00ed mo\u017en\u00e1 nedo\u010dkaj\u00ed. Sn\u011bmovna sice podpo\u0159ila v dne\u0161n\u00edm \u00favodn\u00edm kole vl\u00e1dn\u00ed novelu z\u00e1kona o soci\u00e1ln\u00edch <a class=\"mh-excerpt-more\" href=\"https:\/\/www.invarena.cz\/?p=28249\" title=\"T\u011b\u017ece posti\u017een\u00fdm \u017eij\u00edc\u00edm doma p\u0159\u00edsp\u011bvek na p\u00e9\u010di mo\u017en\u00e1 nevzroste\">[&#8230;]<\/a><\/p>\n<\/div>","protected":false},"author":1,"featured_media":915,"comment_status":"open","ping_status":"closed","sticky":false,"template":"","format":"standard","meta":{"footnotes":""},"categories":[9],"tags":[],"class_list":["post-28249","post","type-post","status-publish","format-standard","has-post-thumbnail","hentry","category-zpravy"],"_links":{"self":[{"href":"https:\/\/www.invarena.cz\/index.php?rest_route=\/wp\/v2\/posts\/28249","targetHints":{"allow":["GET"]}}],"collection":[{"href":"https:\/\/www.invarena.cz\/index.php?rest_route=\/wp\/v2\/posts"}],"about":[{"href":"https:\/\/www.invarena.cz\/index.php?rest_route=\/wp\/v2\/types\/post"}],"author":[{"embeddable":true,"href":"https:\/\/www.invarena.cz\/index.php?rest_route=\/wp\/v2\/users\/1"}],"replies":[{"embeddable":true,"href":"https:\/\/www.invarena.cz\/index.php?rest_route=%2Fwp%2Fv2%2Fcomments&post=28249"}],"version-history":[{"count":0,"href":"https:\/\/www.invarena.cz\/index.php?rest_route=\/wp\/v2\/posts\/28249\/revisions"}],"wp:featuredmedia":[{"embeddable":true,"href":"https:\/\/www.invarena.cz\/index.php?rest_route=\/wp\/v2\/media\/915"}],"wp:attachment":[{"href":"https:\/\/www.invarena.cz\/index.php?rest_route=%2Fwp%2Fv2%2Fmedia&parent=28249"}],"wp:term":[{"taxonomy":"category","embeddable":true,"href":"https:\/\/www.invarena.cz\/index.php?rest_route=%2Fwp%2Fv2%2Fcategories&post=28249"},{"taxonomy":"post_tag","embeddable":true,"href":"https:\/\/www.invarena.cz\/index.php?rest_route=%2Fwp%2Fv2%2Ftags&post=28249"}],"curies":[{"name":"wp","href":"https:\/\/api.w.org\/{rel}","templated":true}]}}