{"id":28258,"date":"2017-05-18T16:39:16","date_gmt":"2017-05-18T14:39:16","guid":{"rendered":"http:\/\/www.invarena.cz\/?p=28258"},"modified":"2017-05-18T16:39:16","modified_gmt":"2017-05-18T14:39:16","slug":"detem-tehotnym-a-kojicim-budou-pojistovny-hradit-bile-plomby","status":"publish","type":"post","link":"https:\/\/www.invarena.cz\/?p=28258","title":{"rendered":"D\u011btem, t\u011bhotn\u00fdm a koj\u00edc\u00edm budou poji\u0161\u0165ovny hradit b\u00edl\u00e9 plomby"},"content":{"rendered":"<p><strong>D\u011btem do 16 let, t\u011bhotn\u00fdm a koj\u00edc\u00edm budou poji\u0161\u0165ovny od roku 2019 hradit b\u00edl\u00e9 plomby. \u010cesko tak reaguje na p\u0159edpis EU, kter\u00fd zakazuje pou\u017e\u00edv\u00e1n\u00ed m\u00edchan\u00e9ho amalgamu, na dotaz to \u0159ekla mluv\u010d\u00ed ministerstva zdravotnictv\u00ed \u0160t\u011bp\u00e1nka \u010cechov\u00e1.<\/strong><!--more--><\/p>\n<p>Amalgamov\u00e9 plomby jsou jedinou poji\u0161\u0165ovnami hrazenou variantou, b\u00edl\u00e9 jsou s doplatkem. Ro\u010dn\u011b zuba\u0159i v\u0161ech typ\u016f zubn\u00edch v\u00fdpln\u00ed ud\u011blaj\u00ed p\u0159es p\u011bt milion\u016f, ze zdravotn\u00edho poji\u0161t\u011bn\u00ed se na n\u011b ro\u010dn\u011b vyd\u00e1 asi 1,5 miliardy korun.<\/p>\n<p>&#8222;Bude pou\u017e\u00edv\u00e1n skloionomern\u00ed cement, takzvan\u00e1 b\u00edl\u00e1 plomba, v ostatn\u00edch p\u0159\u00edpadech pak dozovan\u00fd amalg\u00e1m,&#8220; vysv\u011btlila \u010cechov\u00e1. Standardn\u00ed amalgamov\u00e1 v\u00fdpl\u0148 se m\u00edch\u00e1 p\u0159\u00edmo v ordinaci ze rtuti a pr\u00e1\u0161ku z kovov\u00fdch pilin.<\/p>\n<p>Takzvan\u00fd dozovan\u00fd amalgam m\u00e1 ji\u017e od v\u00fdrobce samostatn\u011b zabalenou p\u0159esnou d\u00e1vku rtuti a pr\u00e1\u0161ku. Ten budou poji\u0161\u0165ovny po z\u00e1kazu m\u00edchan\u00e9ho amalgamu hradit ostatn\u00edm pacient\u016fm. B\u00edl\u00e9 v\u00fdpln\u011b se podle stomatolog\u016f nemaj\u00ed takovou \u017eivotnost a nepou\u017e\u00edvaj\u00ed se tak dlouho, aby byl dostate\u010dn\u011b prozkoum\u00e1n jejich vliv na zdrav\u00ed.<\/p>\n<p>Z\u00e1kaz pou\u017e\u00edvan\u00e9ho m\u00edchan\u00e9ho amalg\u00e1mu souvis\u00ed s p\u0159edpisy, kter\u00e9 schv\u00e1lil Evropsk\u00fd parlament v polovin\u011b b\u0159ezna. Omezuj\u00ed pou\u017e\u00edv\u00e1n\u00ed rtuti, kter\u00e1 postihuje \u017eivotn\u00ed prost\u0159ed\u00ed i lidsk\u00e9 zdrav\u00ed.<\/p>\n<p>Zubn\u00ed l\u00e9ka\u0159i dlouhodb\u011b volaj\u00ed po tom, aby poji\u0161\u0165ovny zubn\u00ed v\u00fdpln\u011b nepropl\u00e1cely, pen\u00edze maj\u00ed j\u00edt sp\u00ed\u0161 na prevenci. V roce 2012 to navrhl tehdej\u0161\u00ed ministr zdravotnictv\u00ed Leo\u0161 Heger (TOP 09), tehdej\u0161\u00ed vl\u00e1dn\u00ed koalice to ale zam\u00edtla. Podle sou\u010dasn\u00e9ho veden\u00ed ministerstva ale bude v\u017edy jedna varianta hrazen\u00e1. Podle zuba\u0159\u016f jsou ale n\u00e1klady na vytvo\u0159en\u00ed jedn\u00e9 m\u00edchan\u00e9 amalgamov\u00e9 plomby jsou asi o polovinu vy\u0161\u0161\u00ed ne\u017e \u010d\u00e1stka placen\u00e1 za ni poji\u0161\u0165ovnou.<\/p>\n<\/div>\n<\/div>\n<\/div>\n<p><!--more--><\/p>\n","protected":false},"excerpt":{"rendered":"<div class=\"mh-excerpt\"><p>D\u011btem do 16 let, t\u011bhotn\u00fdm a koj\u00edc\u00edm budou poji\u0161\u0165ovny od roku 2019 hradit b\u00edl\u00e9 plomby. \u010cesko tak reaguje na p\u0159edpis EU, kter\u00fd zakazuje pou\u017e\u00edv\u00e1n\u00ed m\u00edchan\u00e9ho <a class=\"mh-excerpt-more\" href=\"https:\/\/www.invarena.cz\/?p=28258\" title=\"D\u011btem, t\u011bhotn\u00fdm a koj\u00edc\u00edm budou poji\u0161\u0165ovny hradit b\u00edl\u00e9 plomby\">[&#8230;]<\/a><\/p>\n<\/div>","protected":false},"author":1,"featured_media":14658,"comment_status":"open","ping_status":"closed","sticky":false,"template":"","format":"standard","meta":{"footnotes":""},"categories":[9],"tags":[],"class_list":["post-28258","post","type-post","status-publish","format-standard","has-post-thumbnail","hentry","category-zpravy"],"_links":{"self":[{"href":"https:\/\/www.invarena.cz\/index.php?rest_route=\/wp\/v2\/posts\/28258","targetHints":{"allow":["GET"]}}],"collection":[{"href":"https:\/\/www.invarena.cz\/index.php?rest_route=\/wp\/v2\/posts"}],"about":[{"href":"https:\/\/www.invarena.cz\/index.php?rest_route=\/wp\/v2\/types\/post"}],"author":[{"embeddable":true,"href":"https:\/\/www.invarena.cz\/index.php?rest_route=\/wp\/v2\/users\/1"}],"replies":[{"embeddable":true,"href":"https:\/\/www.invarena.cz\/index.php?rest_route=%2Fwp%2Fv2%2Fcomments&post=28258"}],"version-history":[{"count":0,"href":"https:\/\/www.invarena.cz\/index.php?rest_route=\/wp\/v2\/posts\/28258\/revisions"}],"wp:featuredmedia":[{"embeddable":true,"href":"https:\/\/www.invarena.cz\/index.php?rest_route=\/wp\/v2\/media\/14658"}],"wp:attachment":[{"href":"https:\/\/www.invarena.cz\/index.php?rest_route=%2Fwp%2Fv2%2Fmedia&parent=28258"}],"wp:term":[{"taxonomy":"category","embeddable":true,"href":"https:\/\/www.invarena.cz\/index.php?rest_route=%2Fwp%2Fv2%2Fcategories&post=28258"},{"taxonomy":"post_tag","embeddable":true,"href":"https:\/\/www.invarena.cz\/index.php?rest_route=%2Fwp%2Fv2%2Ftags&post=28258"}],"curies":[{"name":"wp","href":"https:\/\/api.w.org\/{rel}","templated":true}]}}