{"id":28259,"date":"2017-05-19T18:58:18","date_gmt":"2017-05-19T16:58:18","guid":{"rendered":"http:\/\/www.invarena.cz\/?p=28259"},"modified":"2017-05-19T18:58:18","modified_gmt":"2017-05-19T16:58:18","slug":"seni-cup-laka-na-vizka-a-siegla","status":"publish","type":"post","link":"https:\/\/www.invarena.cz\/?p=28259","title":{"rendered":"SENI CUP l\u00e1k\u00e1 na  V\u00edzka a Siegla!"},"content":{"rendered":"<p><strong>Fotbalov\u00fd turnaj v mal\u00e9 kopan\u00e9 SENI CUP, jeho\u017e se \u00fa\u010dastn\u00ed t\u00fdmy reprezentuj\u00edc\u00ed za\u0159\u00edzen\u00ed soci\u00e1ln\u00edch slu\u017eeb pro zdravotn\u011b posti\u017een\u00e9, se letos bude hr\u00e1t u\u017e po dvan\u00e1ct\u00e9.<\/strong><br \/>\n<!--more--><br \/>\nTurnaj se bude hr\u00e1t ve st\u0159edu 24. kv\u011btna ji\u017e tradi\u010dn\u011b na h\u0159i\u0161ti Slovanu Havl\u00ed\u010dk\u016fv Brod. Za\u010d\u00e1tek kolem p\u016fl des\u00e1t\u00e9 dopoledne obstar\u00e1 slavnostn\u00edm v\u00fdkopem starosta m\u011bsta Jan Tecl, kolem p\u016fl druh\u00e9 p\u0159ijdou po boj\u00edch ve skupin\u00e1ch na \u0159adu z\u00e1v\u011bre\u010dn\u00e9 boje a fin\u00e1le.<\/p>\n<p>Hr\u00e1\u010de p\u0159ijedou povzbudit patroni turnaje, fotbalov\u00ed internacion\u00e1lov\u00e9 a kanon\u00fd\u0159i Horst Siegl z pra\u017esk\u00e9 Sparty a Ladislav V\u00edzek z Dukly Praha, kte\u0159\u00ed uspo\u0159\u00e1daj\u00ed autogrami\u00e1du a na z\u00e1v\u011br turnaje nastoup\u00ed v exhibi\u010dn\u00edm utk\u00e1n\u00ed proti v\u00edt\u011bz\u016fm turnaje.<\/p>\n<p>V\u00edzek na turnaj p\u0159ij\u00ed\u017ed\u00ed podruh\u00e9: \u201eLoni jsem tu byl poprv\u00e9 a atmosf\u00e9ra turnaje, nad\u0161en\u00ed, radost i bojovnost v\u0161ech hr\u00e1\u010d\u016f m\u011b opravdu nadchly. Proto jsem se rozhodl turnaj podpo\u0159it svoj\u00ed \u00fa\u010dast\u00ed i letos. Tak\u00e9 se t\u011b\u0161\u00edm na setk\u00e1n\u00ed se sv\u00fdm kamar\u00e1dem i tenisov\u00fdm a golfov\u00fdm soupe\u0159em Horstem Sieglem, kter\u00fd je stejn\u011b jako j\u00e1 \u010dlenem Klubu fotbalov\u00fdch kanon\u00fdr\u016f,\u201c sv\u011b\u0159il se p\u0159ed turnajem Ladislav V\u00edzek. \u201eHorst je podobn\u00e1 povaha jako j\u00e1, tak\u00e9 v\u017edy \u0159\u00edk\u00e1, co si mysl\u00ed bez ohledu na n\u00e1sledky, tak\u017ee si spolu v\u00fdborn\u011b rozum\u00edme. A hlavn\u011b je s n\u00edm legrace &#8211; prost\u011b je to jeden z m\u00e1la norm\u00e1ln\u00edch Spar\u0165an\u016f,\u201c sm\u011bje se V\u00edzek.<\/p>\n<p>Horst Siegl je na v\u00fdkony hendikepovn\u00fdch sportovc\u016f velmi zv\u011bdav: \u201eUr\u010dit\u011b jim budu moc fandit. Mysl\u00edm si, \u017ee povinnost\u00ed ka\u017ed\u00e9ho, kdo m\u011bl v \u017eivot\u011b v\u00edce \u0161t\u011bst\u00ed, je takovou u\u017eite\u010dnou akci podpo\u0159it. A moc r\u00e1d si s nimi zahraju na z\u00e1v\u011bre\u010dn\u00e9m exhibi\u010dn\u00edm utk\u00e1n\u00ed. Taky se t\u011b\u0161\u00edm na L\u00e1\u010fu, se kter\u00fdm je\u0161t\u011b st\u00e1le hraju fotbalov\u00fd okresn\u00ed p\u0159ebor za J\u00edlovi\u0161t\u011b. On je fakt k neutah\u00e1n\u00ed, t\u0159eba v tenise m\u011b je\u0161t\u011b po\u0159\u00e1d por\u00e1\u017e\u00ed, a m\u00e1m dojem, \u017ee si je\u0161t\u011b n\u011bjak\u00fd ten rok po\u010dk\u00e1m, ne\u017e ho poraz\u00edm. Aspo\u0148 \u017ee v tom golfu jsem se na n\u011bj skoro dot\u00e1hl.\u201c<\/p>\n<p>Turnaj SENI cup se postupn\u011b stal vynikaj\u00edc\u00edm p\u0159\u00edkladem toho, \u017ee sport &#8211; v tomto p\u0159\u00edpad\u011b fotbal &#8211; je pro handikepovan\u00e9 amat\u00e9rsk\u00e9 sportovce neoceniteln\u00fdm zdrojem z\u00e1bavy a uspokojen\u00ed. Pohled na nad\u0161en\u00e9 hr\u00e1\u010de, kte\u0159\u00ed se s neuv\u011b\u0159iteln\u00fdm nasazen\u00edm vrhaj\u00ed do ka\u017ed\u00e9ho souboje a raduj\u00ed z ka\u017ed\u00e9 poveden\u00e9 p\u0159ihr\u00e1vky \u010di g\u00f3lu, je v\u00fdmluvn\u00fdm dokladem u\u017eite\u010dnosti t\u00e9to akce.<\/p>\n<p>O dobrou n\u00e1ladu v\u0161ech z\u00fa\u010dastn\u011bn\u00fdch se postar\u00e1 zp\u011bv\u00e1k Martin Maxa, kter\u00fd do Brodu p\u0159ijede ji\u017e pot\u0159et\u00ed. Poprv\u00e9 p\u0159ijala pozv\u00e1n\u00ed i Heidi Jank\u016f a na setk\u00e1n\u00ed zap\u00e1len\u00fdch fotbalist\u016f si p\u0159ipravila sv\u00e9 nejlep\u0161\u00ed hity.<\/p>\n<p>Pro v\u00edt\u011bzn\u00fd t\u00fdm je stejn\u011b jako loni p\u0159ipravena atraktivn\u00ed hlavn\u00ed cena \u2013 n\u00e1v\u0161t\u011bva studi\u00ed \u010cesk\u00e9 televize, kter\u00e1 nav\u00edc z turnaje tp\u0159inese zpravodajstv\u00ed.<\/p>\n<p>Nad leto\u0161n\u00edm ro\u010dn\u00edkem SENI cupu op\u011bt p\u0159evzala z\u00e1\u0161titu ministryn\u011b pr\u00e1ce a soci\u00e1ln\u00edch v\u011bc\u00ed \u010cR Michaela Marksov\u00e1.<\/p>\n<p>Partnery turnaje jsou M\u011bsto Havl\u00ed\u010dk\u016fv Brod, Asociace poskytovatel\u016f soci\u00e1ln\u00edch slu\u017eeb, Nadace Charty 77\/Konto Bari\u00e9ry, \u010dasopis M\u016f\u017ee\u0161, Reziden\u010dn\u00ed p\u00e9\u010de a Recept\u00e1\u0159, Catus, Elasto Form a Idsys.<\/p>\n<p>Tiskov\u00e1 zpr\u00e1va<\/p>\n","protected":false},"excerpt":{"rendered":"<div class=\"mh-excerpt\"><p>Fotbalov\u00fd turnaj v mal\u00e9 kopan\u00e9 SENI CUP, jeho\u017e se \u00fa\u010dastn\u00ed t\u00fdmy reprezentuj\u00edc\u00ed za\u0159\u00edzen\u00ed soci\u00e1ln\u00edch slu\u017eeb pro zdravotn\u011b posti\u017een\u00e9, se letos bude hr\u00e1t u\u017e po dvan\u00e1ct\u00e9.<\/p>\n<\/div>","protected":false},"author":1,"featured_media":28260,"comment_status":"open","ping_status":"closed","sticky":false,"template":"","format":"standard","meta":{"footnotes":""},"categories":[9],"tags":[],"class_list":["post-28259","post","type-post","status-publish","format-standard","has-post-thumbnail","hentry","category-zpravy"],"_links":{"self":[{"href":"https:\/\/www.invarena.cz\/index.php?rest_route=\/wp\/v2\/posts\/28259","targetHints":{"allow":["GET"]}}],"collection":[{"href":"https:\/\/www.invarena.cz\/index.php?rest_route=\/wp\/v2\/posts"}],"about":[{"href":"https:\/\/www.invarena.cz\/index.php?rest_route=\/wp\/v2\/types\/post"}],"author":[{"embeddable":true,"href":"https:\/\/www.invarena.cz\/index.php?rest_route=\/wp\/v2\/users\/1"}],"replies":[{"embeddable":true,"href":"https:\/\/www.invarena.cz\/index.php?rest_route=%2Fwp%2Fv2%2Fcomments&post=28259"}],"version-history":[{"count":0,"href":"https:\/\/www.invarena.cz\/index.php?rest_route=\/wp\/v2\/posts\/28259\/revisions"}],"wp:featuredmedia":[{"embeddable":true,"href":"https:\/\/www.invarena.cz\/index.php?rest_route=\/wp\/v2\/media\/28260"}],"wp:attachment":[{"href":"https:\/\/www.invarena.cz\/index.php?rest_route=%2Fwp%2Fv2%2Fmedia&parent=28259"}],"wp:term":[{"taxonomy":"category","embeddable":true,"href":"https:\/\/www.invarena.cz\/index.php?rest_route=%2Fwp%2Fv2%2Fcategories&post=28259"},{"taxonomy":"post_tag","embeddable":true,"href":"https:\/\/www.invarena.cz\/index.php?rest_route=%2Fwp%2Fv2%2Ftags&post=28259"}],"curies":[{"name":"wp","href":"https:\/\/api.w.org\/{rel}","templated":true}]}}