{"id":28306,"date":"2017-05-24T08:34:04","date_gmt":"2017-05-24T06:34:04","guid":{"rendered":"http:\/\/www.invarena.cz\/?p=28306"},"modified":"2017-05-24T08:34:04","modified_gmt":"2017-05-24T06:34:04","slug":"us-odmitl-stiznost-vdovy-proti-postupu-psychiatricke-nemocnice","status":"publish","type":"post","link":"https:\/\/www.invarena.cz\/?p=28306","title":{"rendered":"\u00daS odm\u00edtl st\u00ed\u017enost vdovy proti postupu Psychiatrick\u00e9 nemocnice"},"content":{"rendered":"<p><strong>\u00dastavn\u00ed soud (\u00daS) odm\u00edtl st\u00ed\u017enost \u017eeny, jej\u00ed\u017e man\u017eel v 88 letech zem\u0159el po hospitalizaci v Psychiatrick\u00e9 nemocnici v Brn\u011b-\u010cernovic\u00edch. Vdova se postupn\u011b obr\u00e1tila na veden\u00ed nemocnice a pot\u00e9 i na policii a st\u00e1tn\u00ed zastupitelstv\u00ed. Poukazovala na \u00fadajn\u00e9 nedostatky v p\u00e9\u010di, nap\u0159\u00edklad dlouh\u00e9 kurtov\u00e1n\u00ed. Vy\u0161et\u0159ovatel\u00e9 p\u0159\u00edpad odlo\u017eili, nezjistili toti\u017e, \u017ee by se zdravotnick\u00fd person\u00e1l dopustil trestn\u00e9ho \u010dinu.<\/strong><!--more--><\/p>\n<p>\u00daS st\u00ed\u017enost odm\u00edtl \u010d\u00e1ste\u010dn\u011b jako zjevn\u011b neopodstatn\u011bnou, \u010d\u00e1ste\u010dn\u011b jako nep\u0159\u00edpustnou, proto\u017ee vdova nevy\u010derpala v\u0161echny mo\u017enosti obrany prost\u0159ednictv\u00edm civiln\u00edho \u010di spr\u00e1vn\u00edho pr\u00e1va, zjistila \u010cTK z datab\u00e1ze soudu.<\/p>\n<p>\u00dastavn\u00ed soudci v usnesen\u00ed uvedli, \u017ee rozum\u00ed \u017eenin\u011b situaci po ztr\u00e1t\u011b man\u017eela. &#8222;Jej\u00ed subjektivn\u00ed p\u0159esv\u011bd\u010den\u00ed, \u017ee se tak stalo v d\u016fsledku pochyben\u00ed nemocnice, nen\u00ed v\u0161ak mo\u017en\u00e9 bez dal\u0161\u00edho akceptovat za situace, kdy p\u0159\u00edslu\u0161n\u00e9 org\u00e1ny ve\u0159ejn\u00e9 moci provedly d\u016fkladn\u00e9 \u0161et\u0159en\u00ed okolnost\u00ed, ani\u017e p\u0159itom tvrzen\u00e1 pochyben\u00ed zjistily,&#8220; stoj\u00ed v usnesen\u00ed soudce zpravodaje Jarom\u00edra Jirsy.<\/p>\n<p>Mu\u017e trp\u011bl Alzheimerovou chorobou. Podle \u00fastavn\u00ed st\u00ed\u017enosti se jeho stav zhor\u0161il v \u00fanoru 2014 po p\u0159ijet\u00ed na gerontopsychiatrick\u00e9 odd\u011blen\u00ed v \u010cernovic\u00edch. Dostal z\u00e1pal plic, po p\u0159el\u00e9\u010den\u00ed v jin\u00e9m zdravotnick\u00e9m za\u0159\u00edzen\u00ed se koncem b\u0159ezna 2014 dostal do sanatoria pro nemocn\u00e9 Alzheimerovou chorobou, kde po p\u011bti dnech zem\u0159el.<\/p>\n<p>\u017dena nejprve podala st\u00ed\u017enost na zdravotnick\u00fd person\u00e1l, \u0159editel Psychiatrick\u00e9 nemocnice ji vyhodnotil jako ned\u016fvodnou, uznal v\u0161ak \u010d\u00e1ste\u010dn\u00e9 pochyben\u00ed v nedostate\u010dn\u00e9 dokumentaci kontrol pacienta p\u0159i fixaci. Pochyben\u00ed p\u0159i veden\u00ed dokumentace pozd\u011bji na z\u00e1klad\u011b trestn\u00edho ozn\u00e1men\u00ed konstatovala tak\u00e9 policie. Z\u00e1rove\u0148 ale dosp\u011bla k z\u00e1v\u011bru, \u017ee trestn\u00fd \u010din l\u00e9ka\u0159i nesp\u00e1chali.<\/p>\n<p>&#8222;Z\u00e1v\u011br o trestn\u011bpr\u00e1vn\u00edm zavin\u011bn\u00ed nelze nikdy dovozovat z pouh\u00e9ho faktu, \u017ee zem\u0159el \u010dlov\u011bk &#8211; k takov\u00fdm ud\u00e1lostem s objektivn\u011b tragick\u00fdm dopadem doch\u00e1z\u00ed i bez ciz\u00edho zavin\u011bn\u00ed, p\u0159\u00edpadn\u011b i p\u0159es snahu tomuto dopadu zabr\u00e1nit. V konkr\u00e9tn\u00edm p\u0159\u00edpad\u011b nen\u00ed mo\u017en\u00e9 odhl\u00e9dnout od prim\u00e1rn\u011b nedobr\u00e9ho zdravotn\u00edho stavu man\u017eela st\u011b\u017eovatelky, kter\u00fd se nad\u00e1le komplikoval, a to i p\u0159es \u0159\u00e1dnou p\u00e9\u010di poskytnutou mu v nemocnici,&#8220; uvedli nyn\u00ed \u00fastavn\u00ed soudci.<\/p>\n<p>Veden\u00ed nemocnice se u\u017e v minulosti proti kritice ohradilo. Fixace byla pr\u00fd u\u017eita jen tehdy, kdy to bylo nutn\u00e9 nap\u0159\u00edklad kv\u016fli infuzi. &#8222;V \u017e\u00e1dn\u00e9m p\u0159\u00edpad\u011b nen\u00ed pravda, \u017ee by byl p\u0159ikurtov\u00e1n po celou dobu hospitalizace,&#8220; \u0159ekl v lednu Lidov\u00fdm novin\u00e1m \u0159editel nemocnice Marek Radimsk\u00fd. &#8222;V\u017edycky, kdy\u017e jsem za n\u00edm p\u0159i\u0161la, co\u017e bylo a\u017e na kr\u00e1tkou pauzu kv\u016fli m\u00e9 nemoci ka\u017ed\u00fd den, jsem jej vid\u011bla p\u0159ikurtovan\u00e9ho,&#8220; citoval tehdy den\u00edk vdovu.<\/p>\n","protected":false},"excerpt":{"rendered":"<div class=\"mh-excerpt\"><p>\u00dastavn\u00ed soud (\u00daS) odm\u00edtl st\u00ed\u017enost \u017eeny, jej\u00ed\u017e man\u017eel v 88 letech zem\u0159el po hospitalizaci v Psychiatrick\u00e9 nemocnici v Brn\u011b-\u010cernovic\u00edch. Vdova se postupn\u011b obr\u00e1tila na veden\u00ed <a class=\"mh-excerpt-more\" href=\"https:\/\/www.invarena.cz\/?p=28306\" title=\"\u00daS odm\u00edtl st\u00ed\u017enost vdovy proti postupu Psychiatrick\u00e9 nemocnice\">[&#8230;]<\/a><\/p>\n<\/div>","protected":false},"author":1,"featured_media":0,"comment_status":"open","ping_status":"closed","sticky":false,"template":"","format":"standard","meta":{"footnotes":""},"categories":[9],"tags":[],"class_list":["post-28306","post","type-post","status-publish","format-standard","hentry","category-zpravy"],"_links":{"self":[{"href":"https:\/\/www.invarena.cz\/index.php?rest_route=\/wp\/v2\/posts\/28306","targetHints":{"allow":["GET"]}}],"collection":[{"href":"https:\/\/www.invarena.cz\/index.php?rest_route=\/wp\/v2\/posts"}],"about":[{"href":"https:\/\/www.invarena.cz\/index.php?rest_route=\/wp\/v2\/types\/post"}],"author":[{"embeddable":true,"href":"https:\/\/www.invarena.cz\/index.php?rest_route=\/wp\/v2\/users\/1"}],"replies":[{"embeddable":true,"href":"https:\/\/www.invarena.cz\/index.php?rest_route=%2Fwp%2Fv2%2Fcomments&post=28306"}],"version-history":[{"count":0,"href":"https:\/\/www.invarena.cz\/index.php?rest_route=\/wp\/v2\/posts\/28306\/revisions"}],"wp:attachment":[{"href":"https:\/\/www.invarena.cz\/index.php?rest_route=%2Fwp%2Fv2%2Fmedia&parent=28306"}],"wp:term":[{"taxonomy":"category","embeddable":true,"href":"https:\/\/www.invarena.cz\/index.php?rest_route=%2Fwp%2Fv2%2Fcategories&post=28306"},{"taxonomy":"post_tag","embeddable":true,"href":"https:\/\/www.invarena.cz\/index.php?rest_route=%2Fwp%2Fv2%2Ftags&post=28306"}],"curies":[{"name":"wp","href":"https:\/\/api.w.org\/{rel}","templated":true}]}}