{"id":28352,"date":"2017-05-30T11:35:23","date_gmt":"2017-05-30T09:35:23","guid":{"rendered":"http:\/\/www.invarena.cz\/?p=28352"},"modified":"2017-05-30T11:35:23","modified_gmt":"2017-05-30T09:35:23","slug":"zdi-ustavu-vymeni-za-domky","status":"publish","type":"post","link":"https:\/\/www.invarena.cz\/?p=28352","title":{"rendered":"Zdi \u00fastavu vym\u011bn\u00ed za domky"},"content":{"rendered":"<p><strong>\u017deny s posti\u017een\u00edm z Jest\u0159eb\u00ed by se p\u0159eci jen mohly do\u010dkat st\u011bhov\u00e1n\u00ed z \u00fastavu.<\/strong> <!--more--><\/p>\n<p>\u010ceskolipsko &#8211; &#8222;\u0160anci za\u010dlenit se do b\u011b\u017en\u00e9ho \u017eivota dostanou \u017eeny z \u00fastavu pro ment\u00e1ln\u011b posti\u017een\u00e9 v Jest\u0159eb\u00ed. O transformaci m\u00edstn\u00edho za\u0159\u00edzen\u00ed Slune\u010dn\u00ed dv\u016fr se sna\u017e\u00ed Libereck\u00fd kraj u\u017e \u0159adu let. Letos chce z evropsk\u00fdch fond\u016f z\u00edskat pen\u00edze na stavbu domku v Sosnov\u00e9, do kter\u00e9ho by se mohlo p\u0159est\u011bhovat prvn\u00edch dvan\u00e1ct \u017een. Dal\u0161\u00ed by v budoucnu m\u011bly naj\u00edt d\u016fstojn\u011bj\u0161\u00ed prost\u0159ed\u00ed pro \u017eivot p\u0159\u00edmo v Jest\u0159eb\u00ed a na \u010deskolipsk\u00fdch Ladech.<\/p>\n<p>OBCE BYLY PROTI<\/p>\n<p>&#8222;Vzhledem k tomu, \u017ee jsou projektov\u00e9 p\u0159\u00edpravy n\u00e1ro\u010dn\u00e9, budeme letos p\u0159edkl\u00e1dat \u017e\u00e1dost jen na \u010d\u00e1st projektu. Jedn\u00e1 se o lokalitu Sosnov\u00e1,&#8220; potvrdila mluv\u010d\u00ed kraje Mark\u00e9ta D\u011bdkov\u00e1. Pl\u00e1ny na p\u0159est\u011bhov\u00e1n\u00ed klientek Slune\u010dn\u00edho dvora do n\u011bkolika domk\u016f po \u010ceskolipsku, kde se \u017eeny m\u011bly u\u010dit \u017e\u00edt v b\u011b\u017en\u00e9 spole\u010dnosti, kraj p\u0159ed t\u0159emi lety zastavil, p\u0159esto\u017ee na n\u011bj m\u011bl pen\u00edze z Evropsk\u00e9 unie. Nestihl by v\u0161ak projekt dokon\u010dit ve stanoven\u00e9m term\u00ednu a hrozilo, \u017ee by dotaci musel vracet. Realizaci brzdil i odm\u00edtav\u00fd postoj \u0159ady obc\u00ed, kde se m\u011bly domky stav\u011bt. Proti se tehdy postavili v Jest\u0159eb\u00ed, Z\u00e1kupech, Oknech nebo Str\u00e1\u017ei pod Ralskem.<\/p>\n<p>VYU\u017dIJ\u00cd ARE\u00c1L \u00daSTAVU<\/p>\n<p>Kraj chce nyn\u00ed krom\u011b lokalit v Sosnov\u00e9 a \u010cesk\u00e9 L\u00edp\u011b vyu\u017e\u00edt tak\u00e9 st\u00e1vaj\u00edc\u00ed are\u00e1l \u00fastavu v Jest\u0159eb\u00ed. &#8222;Je pl\u00e1nov\u00e1na demolice t\u0159ech objekt\u016f u p\u0159\u00edjezdov\u00e9 cesty do are\u00e1lu, na jejich m\u00edst\u011b by m\u011bly vzniknout t\u0159i \u0159adov\u00e9 domy pro osmn\u00e1ct u\u017eivatel\u016f s vysokou m\u00edrou podpory. D\u00e1le chceme zrekonstruovat jeden objekt, ve kter\u00e9m jsou aktu\u00e1ln\u011b ubytov\u00e1ny klientky domova,&#8220; uvedla n\u00e1m\u011bstkyn\u011b hejtmana Jitka Volfov\u00e1.<\/p>\n<p>Sou\u010d\u00e1st\u00ed projektu je i snaha zm\u011bnit pohled ve\u0159ejnosti na posti\u017een\u00e9 a na jejich m\u00edsto ve spole\u010dnosti. Umo\u017enit posti\u017een\u00fdm \u017e\u00edt mezi lidmi, a nikoli za zdmi \u00fastav\u016f, navazovat b\u011b\u017en\u00e9 vztahy, a p\u0159\u00edpadn\u011b i pracovat. Mnoh\u00e9 u\u017e se zm\u011bnilo. &#8222;D\u0159\u00edv nebylo mysliteln\u00e9, aby se klient po obci pohyboval s\u00e1m, dnes je to b\u011b\u017en\u00e9,&#8220; poznamenal ji\u017e d\u0159\u00edve \u0159editel Domova Slune\u010dn\u00ed dv\u016fr v Jest\u0159eb\u00ed Pavel Kos.<\/p>\n<p>Zat\u00edmco \u017eeny z Jest\u0159eb\u00ed nad\u00e1le \u017eij\u00ed v \u00fastavu, st\u011bhov\u00e1n\u00ed u\u017e maj\u00ed za sebou klientky domova pro osoby se zdravotn\u00edm posti\u017een\u00edm v Ma\u0159enic\u00edch. Ty v lo\u0148sk\u00e9m roce na\u0161ly nov\u00e9 adresy ve dvou domc\u00edch v Nov\u00e9m Boru a jednom ve Cvikov\u011b.<\/p>\n<p>Are\u00e1l v Ma\u0159enic\u00edch nyn\u00ed Libereck\u00fd kraj nab\u00edz\u00ed k prodeji za t\u00e9m\u011b\u0159 \u0161est a p\u016fl milionu korun. &#8222;Budovy jsou v dobr\u00e9m technick\u00e9m stavu. Nechceme, aby postupn\u011b ch\u00e1traly, a proto je udr\u017eujeme. V\u011b\u0159\u00edm, \u017ee nov\u00e9 vyu\u017eit\u00ed pro n\u011b najdeme my nebo budouc\u00ed majitel i p\u0159esto, \u017ee nyn\u00ed je doba, kdy se tento druh nemovitost\u00ed prod\u00e1v\u00e1 obt\u00ed\u017en\u011bji,&#8220; dodala n\u00e1m\u011bstkyn\u011b hejtmana Jitka Volfov\u00e1.<\/p>\n<p>Petra H\u00e1mov\u00e1<br \/>\n\u010ceskolipsk\u00fd den\u00edk<br \/>\n<a href=\"http:\/\/ceskolipsky.denik.cz\/\">http:\/\/ceskolipsky.denik.cz\/<\/a><\/p>\n","protected":false},"excerpt":{"rendered":"<div class=\"mh-excerpt\"><p>\u017deny s posti\u017een\u00edm z Jest\u0159eb\u00ed by se p\u0159eci jen mohly do\u010dkat st\u011bhov\u00e1n\u00ed z \u00fastavu.<\/p>\n<\/div>","protected":false},"author":1,"featured_media":13998,"comment_status":"open","ping_status":"closed","sticky":false,"template":"","format":"standard","meta":{"footnotes":""},"categories":[9],"tags":[],"class_list":["post-28352","post","type-post","status-publish","format-standard","has-post-thumbnail","hentry","category-zpravy"],"_links":{"self":[{"href":"https:\/\/www.invarena.cz\/index.php?rest_route=\/wp\/v2\/posts\/28352","targetHints":{"allow":["GET"]}}],"collection":[{"href":"https:\/\/www.invarena.cz\/index.php?rest_route=\/wp\/v2\/posts"}],"about":[{"href":"https:\/\/www.invarena.cz\/index.php?rest_route=\/wp\/v2\/types\/post"}],"author":[{"embeddable":true,"href":"https:\/\/www.invarena.cz\/index.php?rest_route=\/wp\/v2\/users\/1"}],"replies":[{"embeddable":true,"href":"https:\/\/www.invarena.cz\/index.php?rest_route=%2Fwp%2Fv2%2Fcomments&post=28352"}],"version-history":[{"count":0,"href":"https:\/\/www.invarena.cz\/index.php?rest_route=\/wp\/v2\/posts\/28352\/revisions"}],"wp:featuredmedia":[{"embeddable":true,"href":"https:\/\/www.invarena.cz\/index.php?rest_route=\/wp\/v2\/media\/13998"}],"wp:attachment":[{"href":"https:\/\/www.invarena.cz\/index.php?rest_route=%2Fwp%2Fv2%2Fmedia&parent=28352"}],"wp:term":[{"taxonomy":"category","embeddable":true,"href":"https:\/\/www.invarena.cz\/index.php?rest_route=%2Fwp%2Fv2%2Fcategories&post=28352"},{"taxonomy":"post_tag","embeddable":true,"href":"https:\/\/www.invarena.cz\/index.php?rest_route=%2Fwp%2Fv2%2Ftags&post=28352"}],"curies":[{"name":"wp","href":"https:\/\/api.w.org\/{rel}","templated":true}]}}